{"id":9985,"date":"2016-11-27T11:36:43","date_gmt":"2016-11-27T10:36:43","guid":{"rendered":"http:\/\/192.168.10.16\/newsportal\/stadtzeitung\/index.php\/2016\/11\/27\/rauschendes-fest-bernd-bigge-feierte-70-geburtstag\/"},"modified":"2023-02-04T12:44:06","modified_gmt":"2023-02-04T11:44:06","slug":"rauschendes-fest-bernd-bigge-feierte-70-geburtstag","status":"publish","type":"post","link":"https:\/\/www.die-stadtzeitung.de\/index.php\/2016\/11\/27\/rauschendes-fest-bernd-bigge-feierte-70-geburtstag\/","title":{"rendered":"Rauschendes Fest: Bernd Bigge feierte 70. Geburtstag"},"content":{"rendered":"<div id=\"attachment_49713\" class=\"wp-caption alignnone\" style=\"max-width: 1034px;\"><img loading=\"lazy\" decoding=\"async\" class=\"size-large wp-image-49713\" src=\"\/wp-content\/uploads\/2017\/03\/Guenther-Proepper-Udo-Lattek-Bernd-Bigge-1-1024x850.jpg\" alt=\"\" width=\"1024\" height=\"850\" \/><span class=\"wp-caption-text\">Bernd Bigge (l.) mit Udo Lattet (M.) und G\u00fcnter Pr\u00f6pper &#8211; \u00a9 Paul Coon<\/span><\/div>\n<p>Bestens gelaunt nahm Bernd Bigge, Unternehmer des Jahres 2013, Wuppertal Botschafter und gro\u00dfz\u00fcgiger Sponsor von Sport-Vereinen sowie Sozial-Einrichtungen, alle Gl\u00fcckw\u00fcnsche in der stilvoll dekorierten Hako Event Arena entgegen. &#8222;Ich kann es mir inzwischen leisten, nur noch meine Freunde und Verwandte einzuladen, brauche keine R\u00fccksicht mehr auf irgendwelche Gesch\u00e4ftskontakte zu nehmen&#8220;, erkl\u00e4rte er augenzwinkernd.<\/p>\n<p>Und \u00fcber einen Mangel an Freunden braucht sich Bernd Bigge nun wirklich nicht zu beklagen. Gut 200 G\u00e4ste &#8211; darunter Fu\u00dfball-Legende G\u00fcnter Pr\u00f6pper und BHC-Trainer Sebastian Hinze &#8211; waren seiner Einladung gerne gefolgt. Selbstverst\u00e4ndlich feierten auch Ehefrau Beate, die Kinder Anabelle, Kai, Inga, Britta und Nikola sowie vier Enkelkinder mit.<\/p>\n<p>Das Programm, moderiert von DJ Tommy alias Thomas Bielefeld, konnte sich sehr gut sehen und h\u00f6ren lassen: Die Wuppertaler Mundart-Band &#8222;Strieksp\u00f6en&#8220;, seit \u00fcber 30 Jahren im bergischen Raum musikalisch unterwegs, heizten den Abend an. Der Hamburger Schlagers\u00e4nger Peter Sebastian beschenkte Bernd Bigge mit dem bekannten Lied &#8222;schwarzer Zigeuner&#8220;. H\u00f6hepunkt war dann der Auftritt von &#8222;Tastenteufel&#8220; Sascha Klaar, der mit S\u00e4ngerin, Mundharmonikaspieler und Saxophonisten am Start war. Und auch das frischgebackene Karnevals-Prinzenpaar Wilfried I. und Nadja I. lie\u00df es sich nicht nehmen, Bernd Bigge zum 70. zu gratulieren &#8211; Fan-Schal und Karnevalssorden inklusive.<\/p>\n<p>Auch das kulinarische Angebot war ein Volltreffer. Alles in allem, eine tolle, kurzweilige Geburtstagsfeier mit vielen H\u00f6hepunkten. Und mit einem Gastgeber, der seinen Ehrentag sichtlich genoss und noch lange nicht vorhat, sich zur Ruhe zu setzen.<\/p>\n<p>Mehr \u00fcber Bernd Bigges Geburtstag lesen Sie in unserer Dezember-Print-Ausgabe, die ab dem 02.12. an \u00fcber 300 Auslegestellen f\u00fcr Sie bereit liegt. (pp)<\/p>\n","protected":false},"excerpt":{"rendered":"<p>War das ein rauschendes Fest! Der beliebte und erfolgreiche Wuppertaler Unternehmer Bernd Bigge feierte am Samstag (26.11.) in der eigenen HAKO Event Arena seinen 70. Geburtstag. Zahlreiche Gratulanten \u00fcberbrachten Gl\u00fcckw\u00fcnsche und Geschenke.<\/p>\n","protected":false},"author":7,"featured_media":9982,"comment_status":"open","ping_status":"open","sticky":false,"template":"","format":"standard","meta":{"footnotes":""},"categories":[22],"tags":[3416],"class_list":["post-9985","post","type-post","status-publish","format-standard","hentry","category-wirtschaft","tag-hako-automotive"],"publishpress_future_action":{"enabled":false,"date":"2026-05-09 08:00:45","action":"change-status","newStatus":"draft","terms":[],"taxonomy":"category","extraData":[]},"publishpress_future_workflow_manual_trigger":{"enabledWorkflows":[]},"_links":{"self":[{"href":"https:\/\/www.die-stadtzeitung.de\/index.php\/wp-json\/wp\/v2\/posts\/9985","targetHints":{"allow":["GET"]}}],"collection":[{"href":"https:\/\/www.die-stadtzeitung.de\/index.php\/wp-json\/wp\/v2\/posts"}],"about":[{"href":"https:\/\/www.die-stadtzeitung.de\/index.php\/wp-json\/wp\/v2\/types\/post"}],"author":[{"embeddable":true,"href":"https:\/\/www.die-stadtzeitung.de\/index.php\/wp-json\/wp\/v2\/users\/7"}],"replies":[{"embeddable":true,"href":"https:\/\/www.die-stadtzeitung.de\/index.php\/wp-json\/wp\/v2\/comments?post=9985"}],"version-history":[{"count":2,"href":"https:\/\/www.die-stadtzeitung.de\/index.php\/wp-json\/wp\/v2\/posts\/9985\/revisions"}],"predecessor-version":[{"id":60647,"href":"https:\/\/www.die-stadtzeitung.de\/index.php\/wp-json\/wp\/v2\/posts\/9985\/revisions\/60647"}],"wp:featuredmedia":[{"embeddable":true,"href":"https:\/\/www.die-stadtzeitung.de\/index.php\/wp-json\/wp\/v2\/media\/9982"}],"wp:attachment":[{"href":"https:\/\/www.die-stadtzeitung.de\/index.php\/wp-json\/wp\/v2\/media?parent=9985"}],"wp:term":[{"taxonomy":"category","embeddable":true,"href":"https:\/\/www.die-stadtzeitung.de\/index.php\/wp-json\/wp\/v2\/categories?post=9985"},{"taxonomy":"post_tag","embeddable":true,"href":"https:\/\/www.die-stadtzeitung.de\/index.php\/wp-json\/wp\/v2\/tags?post=9985"}],"curies":[{"name":"wp","href":"https:\/\/api.w.org\/{rel}","templated":true}]}}