{"id":93944,"date":"2026-09-06T09:27:55","date_gmt":"2026-09-06T07:27:55","guid":{"rendered":"https:\/\/www.die-stadtzeitung.de\/?p=93944"},"modified":"2026-09-06T10:20:55","modified_gmt":"2026-09-06T08:20:55","slug":"mit-andrea-galluccio-auf-eine-mystische-reise","status":"publish","type":"post","link":"https:\/\/www.die-stadtzeitung.de\/index.php\/2026\/09\/06\/mit-andrea-galluccio-auf-eine-mystische-reise\/","title":{"rendered":"Mit Andrea Galluccio auf eine mystische Reise"},"content":{"rendered":"<div id=\"attachment_93946\" class=\"wp-caption alignnone\" style=\"max-width: 2011px;\"><img loading=\"lazy\" decoding=\"async\" class=\"wp-image-93946 size-full\" src=\"\/wp-content\/uploads\/2026\/09\/Andrea_Galluccio_Live_Under_the_Arches_2026_Photo_Jana_TurekJPG.jpg\" alt=\"\" width=\"2001\" height=\"1392\" \/><span class=\"wp-caption-text\">Der Gitarrenvirtuose und Multi-Instrumentalist Andrea Galluccio live auf der B\u00fchne &#8211; \u00a9 Jana Turek<\/span><\/div>\n<p>Andrea Galluccio selbst ordnet seine Kompositionen dem Genre alternative Musik zu. Im Mittelpunkt der gef\u00fchlvollen, instrumentalen St\u00fccke stehen wundersch\u00f6ne, atmosph\u00e4rische Gitarrenkl\u00e4nge, die er mit Synthesizern, verhaltenen Percussions und erlesenen Naturkl\u00e4ngen erg\u00e4nzt.<span class=\"Apple-converted-space\">\u00a0<\/span><\/p>\n<p>Seine Zuh\u00f6rer nimmt Andrea Gallucio so mit auf eine traumhafte, mystische Reise durch reizvolle Klangwelten. Er setzt mit \u201eA New Dawn\u201c das musikalischen Abenteuer fort, das er mit seinem ersten Solo-Album \u201eLonging\u201c begonnen hat.<span class=\"Apple-converted-space\">\u00a0<\/span><\/p>\n<div id=\"attachment_93948\" class=\"wp-caption alignnone\" style=\"max-width: 410px;\"><img loading=\"lazy\" decoding=\"async\" class=\"wp-image-93948 size-full\" src=\"\/wp-content\/uploads\/2026\/09\/Andrea_Galluccio_A_NEW_DAWN_Album_Cover_2026_Artwork_Design_Patrick_Feldmann.jpg\" alt=\"\" width=\"400\" height=\"400\" \/><span class=\"wp-caption-text\">&#8222;A New Dawn&#8220;, das neue Album von Andrea Galluccio &#8211; \u00a9 Patrick Feldmann<\/span><\/div>\n<p><strong>Termin:<\/strong><\/p>\n<h4>Andrea Galluccio<\/h4>\n<p><strong>Release-Konzert des neuen Albums \u201eA New Dawn\u201c<\/strong><\/p>\n<p>Samstag &#8211; 26. September 2026 &#8211; 20:00 Uhr<span class=\"Apple-converted-space\">\u00a0<\/span><\/p>\n<p>LOCH &#8211; Plateniusstr. 35 &#8211; 41105 Wuppertal<span class=\"Apple-converted-space\">\u00a0<\/span><\/p>\n<p><strong>Link zur Webseite von Andrea Galluccio:<span class=\"Apple-converted-space\">\u00a0<\/span><\/strong><\/p>\n<p><a href=\"https:\/\/www.andreagalluccio.com\/\">www.andreagalluccio.com<\/a><\/p>\n<p><b>Bildnachweise \/ Bildunterschriften:<\/b><span class=\"Apple-converted-space\">\u00a0<\/span><\/p>\n<p>Andrea Galluccio \u2013 A NEW DAWN | Foto \u00a9 Denise Moon<span class=\"Apple-converted-space\">\u00a0<\/span><\/p>\n<p>Andrea Galluccio \u2013 Live Under the Arches | Foto \u00a9 Jana Turek<span class=\"Apple-converted-space\">\u00a0<\/span><\/p>\n<p>A NEW DAWN \u2013 Albumcover | Artwork\/Design \u00a9 Patrick Feldmann<\/p>\n","protected":false},"excerpt":{"rendered":"<p>Der Wuppertaler Gitarrenvirtuose und Multiinstrumentalist Andrea Galluccio pr\u00e4sentiert am 26. September bei einem Release-Konzert im \u201eLOCH\u201c sein zweites Soloalbum \u201e A New Dawn\u201c (Ein Neubeginn), das am Tag zuvor ver\u00f6ffentlicht wird.\u00a0<\/p>\n","protected":false},"author":7,"featured_media":0,"comment_status":"open","ping_status":"open","sticky":false,"template":"","format":"standard","meta":{"footnotes":""},"categories":[29],"tags":[],"class_list":["post-93944","post","type-post","status-publish","format-standard","hentry","category-kultur"],"publishpress_future_action":{"enabled":false,"date":"2026-09-13 10:40:31","action":"change-status","newStatus":"draft","terms":[],"taxonomy":"category","extraData":[]},"publishpress_future_workflow_manual_trigger":{"enabledWorkflows":[]},"_links":{"self":[{"href":"https:\/\/www.die-stadtzeitung.de\/index.php\/wp-json\/wp\/v2\/posts\/93944","targetHints":{"allow":["GET"]}}],"collection":[{"href":"https:\/\/www.die-stadtzeitung.de\/index.php\/wp-json\/wp\/v2\/posts"}],"about":[{"href":"https:\/\/www.die-stadtzeitung.de\/index.php\/wp-json\/wp\/v2\/types\/post"}],"author":[{"embeddable":true,"href":"https:\/\/www.die-stadtzeitung.de\/index.php\/wp-json\/wp\/v2\/users\/7"}],"replies":[{"embeddable":true,"href":"https:\/\/www.die-stadtzeitung.de\/index.php\/wp-json\/wp\/v2\/comments?post=93944"}],"version-history":[{"count":4,"href":"https:\/\/www.die-stadtzeitung.de\/index.php\/wp-json\/wp\/v2\/posts\/93944\/revisions"}],"predecessor-version":[{"id":93952,"href":"https:\/\/www.die-stadtzeitung.de\/index.php\/wp-json\/wp\/v2\/posts\/93944\/revisions\/93952"}],"wp:attachment":[{"href":"https:\/\/www.die-stadtzeitung.de\/index.php\/wp-json\/wp\/v2\/media?parent=93944"}],"wp:term":[{"taxonomy":"category","embeddable":true,"href":"https:\/\/www.die-stadtzeitung.de\/index.php\/wp-json\/wp\/v2\/categories?post=93944"},{"taxonomy":"post_tag","embeddable":true,"href":"https:\/\/www.die-stadtzeitung.de\/index.php\/wp-json\/wp\/v2\/tags?post=93944"}],"curies":[{"name":"wp","href":"https:\/\/api.w.org\/{rel}","templated":true}]}}