{"id":93933,"date":"2026-09-06T08:30:51","date_gmt":"2026-09-06T06:30:51","guid":{"rendered":"https:\/\/www.die-stadtzeitung.de\/?p=93933"},"modified":"2026-09-06T08:30:51","modified_gmt":"2026-09-06T06:30:51","slug":"bhc-verpasst-punkt-im-loewen-duell-knapp","status":"publish","type":"post","link":"https:\/\/www.die-stadtzeitung.de\/index.php\/2026\/09\/06\/bhc-verpasst-punkt-im-loewen-duell-knapp\/","title":{"rendered":"BHC verpasst Punkt im L\u00f6wen-Duell knapp"},"content":{"rendered":"<div id=\"attachment_93936\" class=\"wp-caption alignnone\" style=\"max-width: 2570px;\"><img loading=\"lazy\" decoding=\"async\" class=\"wp-image-93936 size-full\" src=\"\/wp-content\/uploads\/2026\/09\/Classen-05-09-2026-0078-scaled.jpg\" alt=\"\" width=\"2560\" height=\"1707\" \/><span class=\"wp-caption-text\">Fynn Hangstein (M.) setzt sich gegen die starke Deckung der Rhein-Neckar-L\u00f6wen durch und setzt zum Wurf an &#8211; \u00a9 Jochen Classen<\/span><\/div>\n<p>Die Stimmung war famos bei den knapp 2500 Zuschauern in der Wuppertaler Unihalle. Gerade hatte Johannes Wasielewski den Ball ins leere Tor der Rhein-Neckar L\u00f6wen zum 22:20 geworfen und damit einen 5:0-Lauf des BHC perfekt gemacht. Eine knappe Viertelstunde war noch zu spielen, und die Riesenchance war da, die Weichen entscheidend zu stellen.<span class=\"Apple-converted-space\">\u00a0<\/span><\/p>\n<p>Doch es kam anders. Zun\u00e4chst hatten die Gastgeber Pech. Christopher Rudeck hielt frei, der Abpraller landete bei Jannik Kohlbacher, der die Mannheimer Torflaute beendete. Danach aber verloren die Bergischen den Ball in zwei Angriffen hintereinander, und in der Deckung sah Tom Bergner Rot f\u00fcr eine Abwehraktion gegen Haukur Thrastarson.<span class=\"Apple-converted-space\">\u00a0<\/span><\/p>\n<p>Die Unparteiischen sichteten die Szene so lange im Videobeweis, dass durch die lange Unterbrechung ein klein wenig der Atmosph\u00e4ren-Stecker in der Unihalle gezogen wurde. Die G\u00e4ste nutzten die Gunst der Stunde, \u00fcbernahmen in der folgenden \u00dcberzahl die F\u00fchrung und bauten diese unter etwas Mithilfe des BHC, der weitere technische Fehler einstreute, aus.<span class=\"Apple-converted-space\">\u00a0<\/span><\/p>\n<div id=\"attachment_93937\" class=\"wp-caption alignnone\" style=\"max-width: 2570px;\"><img loading=\"lazy\" decoding=\"async\" class=\"wp-image-93937 size-full\" src=\"\/wp-content\/uploads\/2026\/09\/Classen-05-09-2026-0138-scaled.jpg\" alt=\"\" width=\"2560\" height=\"1707\" \/><span class=\"wp-caption-text\">Lassen (Nr. 9) und Aron Seesing (M.), der in der letzten Saison noch das BHC-Trikot trug, versuchen Fynn Hangstein (2.v.r.) am Wurf zu hindern. Links Kooij (BHC) &#8211; \u00a9 Jochen Classen<\/span><\/div>\n<p>Als das Match scheinbar schon aus der Hand glitt, setzten die Hausherren zu einer letzten Aufholjagd an. Julian Fuchs verk\u00fcrzte, der starke Rudeck hielt einen Siebenmeter gegen Ketin Mah\u00e9. Auf der anderen Seite vergab Lars Kooij das m\u00f6gliche 25:26, so dass Thrastarson wieder auf drei Tore Abstand stellte.<\/p>\n<p>Dann sah auch noch Robert Timmermeister bei den G\u00e4sten Rot, Lukas Becher stellte auf 25:27, Gerdas Babarskas schaffte den Anschluss 21 Sekunden vor dem Ende. Der BHC versuchte alles, um noch einmal an den Ball zu kommen, doch die Mannheimer brachten das 27:26 auch dank einer letzten Auszeit ins Ziel.<\/p>\n<p>Die Entt\u00e4uschung nach dem Schlusspfiff war sichtbar, doch die Mannschaft hatte alles gegeben und sich schon vor der Endphase von einigen R\u00fcckschl\u00e4gen erholt. In der ersten Halbzeit warf sie knapp neun Minuten kein Tor. Aus einem 5:8-R\u00fcckstand machten S\u00f6ren Steinhaus, Julian Fuchs, Lukas Becher, Tim Hilding und Fynn Hangstein wieder ein 10:10.<span class=\"Apple-converted-space\">\u00a0<\/span><\/p>\n<div id=\"attachment_93938\" class=\"wp-caption alignnone\" style=\"max-width: 2570px;\"><img loading=\"lazy\" decoding=\"async\" class=\"wp-image-93938 size-full\" src=\"\/wp-content\/uploads\/2026\/09\/Classen-05-09-2026-0012-scaled.jpg\" alt=\"\" width=\"2560\" height=\"1707\" \/><span class=\"wp-caption-text\">Fynn Hangstein (Nr. 10) verwandelt einen Siebenmeter gegen Nationaltorwart David Sp\u00e4th (Nr. 29) &#8211; \u00a9 Jochen Classen<\/span><\/div>\n<p>Die Abwehr funktionierte, Rudeck trumpfte immer wieder mit Paraden auf. Das galt allerdings genauso f\u00fcr David Sp\u00e4th bei den Rhein-Neckar L\u00f6wen. Auch er entnervte seine gegnerischen Feldspieler immer wieder. So stand der BHC unmittelbar nach der Halbzeitpause (13:14) kurz vor dem Ausgleich. Sp\u00e4th war gegen Becher und Hangstein zur Stelle, hielt wenig sp\u00e4ter auch noch gegen Wasielewski und Fuchs und hatte damit seinen Anteil am 18:14-Vorsprung seines Teams.Beeindrucken lie\u00df sich der BHC davon nicht. Im Gegenteil: Er setzte zu seiner besten Phase an, die ihn kurz auf die Siegerstra\u00dfe brachte. Viel fehlte nicht, und er w\u00e4re darauf geblieben.<\/p>\n<h4>Stimmen zum Spiel<\/h4>\n<p><b>Maik Machulla:<\/b> \u201eEs waren ein paar harte Tage f\u00fcr uns. Wenn man mit 0:4-Punkten in die Saison startet, fliegt der Ball nicht mehr ganz so locker. Deshalb sind wir sehr erleichtert. Ich finde, wir kommen sehr gut rein, finden in der Abwehr gute L\u00f6sungen, schaffen es aber in der ersten Halbzeit gar nicht, daraus Profit zu schlagen. Rudeck macht uns im Tor das Leben schwer, da waren auch viele freie W\u00fcrfe dabei. Da fehlte uns die Ruhe vor dem Tor. Dadurch ist es eng bis zur Pause. In der zweiten H\u00e4lfte setzen wir uns auf vier Tore ab, geben es aber zu schnell wieder aus der Hand. Wir kriegen den siebten Feldspieler nicht verteidigt und finden auch im Angriff keine guten L\u00f6sungen mehr. Damit haben wir den Gegner in die Spur gebracht. Dann ist die Halle komplett da und der BHC pr\u00e4sent. Da hat die Mannschaft aber eine richtig gute Reaktion gezeigt. Das freut mich. Am Ende ist es gl\u00fccklich. Ich bin froh, dass wir mit zwei Punkten nach Hause fahren.\u201c<\/p>\n<div id=\"attachment_93939\" class=\"wp-caption alignnone\" style=\"max-width: 2570px;\"><img loading=\"lazy\" decoding=\"async\" class=\"wp-image-93939 size-full\" src=\"\/wp-content\/uploads\/2026\/09\/Classen-05-09-2026-0004-scaled.jpg\" alt=\"\" width=\"2560\" height=\"1707\" \/><span class=\"wp-caption-text\">Jannik Kohlbacher (l.) und David Sp\u00e4th &#8211; zwei deutsche Nationalspieler im Trikot der Rhein-Neckar-L\u00f6wen &#8211; \u00a9 Jochen Classen<\/span><\/div>\n<p><b>Markus P\u00fctz:<\/b> \u201eAlles zu geben, hei\u00dft nicht immer, alles zu bekommen. Aber es ist die einzige Chance, etwas mitzunehmen. Die Jungs haben es in der Startphase sehr gut gemacht. Wir verteidigen ganz viel weg und bekommen die Sch\u00fcsse, die wir haben wollen. Leider haben wir dann eine Phase, in der wir sieben Angriffe kein Tor machen \u2013 durch technische Fehler. Eigentlich m\u00fcssen wir aus der ersten Halbzeit mit einer F\u00fchrung gehen. Wir haben ein Spiel mit zwei sehr guten Torh\u00fctern. Da gibt es verschiedene Phasen. Wir k\u00e4mpfen uns immer wieder zur\u00fcck, zwei Mal minus drei, dann minus vier, f\u00fchren dann mit zwei. Leider machen wir es danach in der einen oder anderen Situation zu hektisch. Deshalb ziehen wir das Spiel nicht. Ein Punkt w\u00e4re sicher verdient gewesen. Wir haben jetzt drei Niederlagen, k\u00f6nnen das aber gut einordnen. Die Woche wollen wir jetzt zur Regeneration nutzen und uns dann gut auf Erlangen vorbereiten. Fr\u00fcher oder sp\u00e4ter kommen die Punkte, denn wir sind nicht weit weg. Es ist jetzt schade.\u201c<\/p>\n<p><b>Fabian Gutbrod:<\/b> \u201eWir machen ein gutes Spiel. Dass wir verloren haben, kann man auf die Chancenverwertung in Summe und am Ende auch fehlende Cleverness und etwas Pech herunterbrechen. Grunds\u00e4tzlich ist es aber in allen Bereichen eine Leistung, mit der wir gut leben k\u00f6nnen. Wir schaffen es \u00fcber lange Zeit, das auf die Platte zu bringen, wof\u00fcr wir stehen wollen.\u201c<\/p>\n<div id=\"attachment_93940\" class=\"wp-caption alignnone\" style=\"max-width: 2570px;\"><img loading=\"lazy\" decoding=\"async\" class=\"wp-image-93940 size-full\" src=\"\/wp-content\/uploads\/2026\/09\/Classen-05-09-2026-0024-scaled.jpg\" alt=\"\" width=\"2560\" height=\"1707\" \/><span class=\"wp-caption-text\">Zwei Rhein-Neckar-L\u00f6wen nehmen BHC-K\u00e4mpfer Johannes Wasielewski in die Zange &#8211; \u00a9 Jochen Classen<\/span><\/div>\n<h4>Bergischer HC \u2013 Rhein-Neckar L\u00f6wen 26:27 (13:14)<\/h4>\n<p><b>Bergischer HC:<\/b> Rudeck, Van der Merwe, Oberosler \u2013 Becher (4), Da Rocha Viana, Steinhaus (5), Hangstein (6\/2), Sch\u00f6ttle, Babak, Hilding (1), Babarskas (2), Bergner (1), Kooij, Wasielewski (1), Fuchs (6), P\u00fcttmann. Trainer: Arnor Gunnarsson und Markus P\u00fctz<\/p>\n<p><b>Rhein-Neckar L\u00f6wen:<\/b> Sp\u00e4th, Jensen \u2013 Timmermeister (1), Nothdurft, Lassen (2), Mierzwa (4), Steenaerts, Steinhauser (1), Seesing, Thrastarson (5\/1), Mah\u00e9 (3\/3), Ciudad-Benitez, Baijens (7), Aspenb\u00e4ck (1), Kohlbacher (3). Trainer: Maik Machulla<\/p>\n<p><b>Schiedsrichter:<\/b> Jannik Otto und Raphael Piper<\/p>\n<p><b>Siebenmeter:<\/b> 2\/3 \u2013 4\/6<\/p>\n<p><b>Zeitstrafen:<\/b> 3 \u2013 5 (Fuchs, Babarskas, Kooij \u2013 Timmermeister (3), Steinhauser, Seesing)<\/p>\n<p><b>Rote Karten:<\/b> Bergner (49.), Timmermeister (59.\/dritte Zeitstrafe)<\/p>\n<p><strong>Das n\u00e4chste Spiel:<\/strong> Der BHC tritt am Sonntag (13.09.) um 16:30 Uhr beim HC Erlangen (1:5 Punkte) an<\/p>\n","protected":false},"excerpt":{"rendered":"<p>Drei Spiele, drei Niederlagen, aber zweimal nur ganz knapp verloren. Das macht Hoffnung! Der Bergische HC hat gegen die Rhein-Neckar L\u00f6wen alles reingeworfen, stand in der zweiten Halbzeit kurz davor, das Spiel komplett auf seine Seite zu ziehen, musste sich zum Schluss aber doch geschlagen geben. Ein paar Fehler zu viel machten beim 26:27 (13:14) den Unterschied.<\/p>\n","protected":false},"author":7,"featured_media":0,"comment_status":"open","ping_status":"open","sticky":false,"template":"","format":"standard","meta":{"footnotes":""},"categories":[20],"tags":[],"class_list":["post-93933","post","type-post","status-publish","format-standard","hentry","category-sport"],"publishpress_future_action":{"enabled":false,"date":"2026-09-13 09:55:09","action":"change-status","newStatus":"draft","terms":[],"taxonomy":"category","extraData":[]},"publishpress_future_workflow_manual_trigger":{"enabledWorkflows":[]},"_links":{"self":[{"href":"https:\/\/www.die-stadtzeitung.de\/index.php\/wp-json\/wp\/v2\/posts\/93933","targetHints":{"allow":["GET"]}}],"collection":[{"href":"https:\/\/www.die-stadtzeitung.de\/index.php\/wp-json\/wp\/v2\/posts"}],"about":[{"href":"https:\/\/www.die-stadtzeitung.de\/index.php\/wp-json\/wp\/v2\/types\/post"}],"author":[{"embeddable":true,"href":"https:\/\/www.die-stadtzeitung.de\/index.php\/wp-json\/wp\/v2\/users\/7"}],"replies":[{"embeddable":true,"href":"https:\/\/www.die-stadtzeitung.de\/index.php\/wp-json\/wp\/v2\/comments?post=93933"}],"version-history":[{"count":5,"href":"https:\/\/www.die-stadtzeitung.de\/index.php\/wp-json\/wp\/v2\/posts\/93933\/revisions"}],"predecessor-version":[{"id":93943,"href":"https:\/\/www.die-stadtzeitung.de\/index.php\/wp-json\/wp\/v2\/posts\/93933\/revisions\/93943"}],"wp:attachment":[{"href":"https:\/\/www.die-stadtzeitung.de\/index.php\/wp-json\/wp\/v2\/media?parent=93933"}],"wp:term":[{"taxonomy":"category","embeddable":true,"href":"https:\/\/www.die-stadtzeitung.de\/index.php\/wp-json\/wp\/v2\/categories?post=93933"},{"taxonomy":"post_tag","embeddable":true,"href":"https:\/\/www.die-stadtzeitung.de\/index.php\/wp-json\/wp\/v2\/tags?post=93933"}],"curies":[{"name":"wp","href":"https:\/\/api.w.org\/{rel}","templated":true}]}}