{"id":93916,"date":"2026-09-04T14:16:11","date_gmt":"2026-09-04T12:16:11","guid":{"rendered":"https:\/\/www.die-stadtzeitung.de\/?p=93916"},"modified":"2026-09-04T14:16:11","modified_gmt":"2026-09-04T12:16:11","slug":"konzert-mit-vertonten-else-lasker-schueler-gedichten","status":"publish","type":"post","link":"https:\/\/www.die-stadtzeitung.de\/index.php\/2026\/09\/04\/konzert-mit-vertonten-else-lasker-schueler-gedichten\/","title":{"rendered":"Konzert mit vertonten Else-Lasker-Sch\u00fcler-Gedichten"},"content":{"rendered":"<div id=\"attachment_93918\" class=\"wp-caption alignnone\" style=\"max-width: 1417px;\"><img loading=\"lazy\" decoding=\"async\" class=\"wp-image-93918 size-full\" src=\"\/wp-content\/uploads\/2026\/09\/Hajo-Jahn-Passbild-4.11.24.jpg\" alt=\"\" width=\"1407\" height=\"1161\" \/><span class=\"wp-caption-text\">Der bekannte TV- &amp; Rundfunk-Journalist Hajo Jahn, 1. Vorsitzender der Else-Lasker-Sch\u00fcler-Gesellschaft &#8211; \u00a9 privat<\/span><\/div>\n<p>Wuppertal ist seit 1987 mit Schwerin freundschaftlich verbunden, der Hauptstadt von Mecklenburg-Vorpommern. Zwei Jahre vor dem Mauerfall pendelten zwischen Wuppertal und Schwerin bereits regelm\u00e4\u00dfig Delegationen hin und her.<span class=\"Apple-converted-space\">\u00a0<\/span><\/p>\n<p>Dank der St\u00e4dtepartnerschaft wurden aus Fremden Freunde. Bis heute h\u00e4lt die Verbindung, die zahlreiche k\u00fcnstlerische und gesellschaftliche Austauschprojekte und sogar Ehen hervorgebracht hat wie z.B. die zwischen dem damaligen Wuppertaler Presseamtsleiter Ernst-Andreas Ziegler und seiner Frau Gunda.<span class=\"Apple-converted-space\">\u00a0 \u00a0<\/span><\/p>\n<p>Inspiriert durch die Lyrik der expressionistischen Dichterin Else Lasker-Sch\u00fcler entstand das Konzertprojekt &#8222;Mein Herz ruht m\u00fcde&#8220;, in dem K\u00fcnstlerinnen und K\u00fcnstler aus den Musikschulen der beiden St\u00e4dten ein abwechslungsreiches Programm darbieten werden.<\/p>\n<p>Im Mittelpunkt stehen Vertonungen der Gedichte von Else Lasker-Sch\u00fcler, die in ihrer Modernit\u00e4t konkurrenzlos geblieben ist. Es gelang ihr, in der deutschen Dichtung den dominanten Symbolismus durch den Expressionismus fast im Alleingang abzul\u00f6sen. Ihre sehr pers\u00f6nliche Lyrik wird in h\u00f6chst gegens\u00e4tzlichen Musikwerken gespiegelt. Sie gilt als meistvertonte deutschsprachige Dichterin.<span class=\"Apple-converted-space\">\u00a0<\/span><\/p>\n<div id=\"attachment_93919\" class=\"wp-caption alignnone\" style=\"max-width: 910px;\"><img loading=\"lazy\" decoding=\"async\" class=\"wp-image-93919 size-full\" src=\"\/wp-content\/uploads\/2026\/09\/Prinz-Jussuf.jpg-300-dpi.jpg\" alt=\"\" width=\"900\" height=\"725\" \/><span class=\"wp-caption-text\">Die Wuppertaler Dichterin Else Lasker-Sch\u00fcler (*11.02.1869 &#8211; \u2020 11.01.1945) als Prinz Yussuf im Jahr 1912 &#8211; \u00a9 ELS<\/span><\/div>\n<p>Seelische Zust\u00e4nde werden durch die Vertonungen von Dieter Schnebel mit ger\u00e4uschhaften Elementen und psalmodierenden Linien ausgedr\u00fcckt in den Gedichten &#8222;Meine Mutter&#8220;, &#8222;Ich liebe dich&#8220; und &#8222;Mein Herz ruht m\u00fcde&#8220;.\u00a0<span class=\"Apple-converted-space\">\u00a0<\/span><\/p>\n<p>Feinsinnig, jedoch auch mit expressiven Ausbr\u00fcchen interpretiert der japanische Komponist Toshio Hoskawa die beiden Gedichte &#8222;Gebet&#8220; und &#8222;Weltflucht&#8220;, in der Besetzung mit Gesang und Konzertharfe.<\/p>\n<p>Ausf\u00fchrende: Alexandra Petkou (Sopran) &#8211; Salome Karina Wendeberg (Sopran) &#8211; Tanja Tismar-Gehlmann (Klavier) &#8211; Kathrin Montero-K\u00fcpper (Harfe) alle Wuppertal. Aus Schwerin: Martina Scharstein (Sopran) &#8211; Reinhard Lippert (Klavier).<\/p>\n<div id=\"attachment_93920\" class=\"wp-caption alignnone\" style=\"max-width: 410px;\"><img loading=\"lazy\" decoding=\"async\" class=\"wp-image-93920 size-full\" src=\"\/wp-content\/uploads\/2026\/09\/Bild-04.09.26-um-13.44.jpeg\" alt=\"\" width=\"400\" height=\"377\" \/><span class=\"wp-caption-text\">Der Flyer zum Konzert &#8211; \u00a9 ELS<\/span><\/div>\n<p><strong>Termin:<\/strong><\/p>\n<h4>\u201eMein Herz ruht m\u00fcde\u201c<\/h4>\n<p>Konzert mit vertonten Else Lasker-Sch\u00fcler-Gedichten<\/p>\n<p><strong>Moderation: Hajo Jahn<\/strong><\/p>\n<p>Samstag &#8211; 12.09.2026 &#8211; 18:30 Uhr<\/p>\n<p>Bergische Musikschule &#8211; Hofaue 51 (Kolkmannhaus) &#8211; 42103 Wuppertal<span class=\"Apple-converted-space\">\u00a0<\/span><\/p>\n<p><strong>Tickets:<\/strong><span class=\"Apple-converted-space\">\u00a0 <\/span>\u20ac 20,00, erm\u00e4\u00dfigt \u20ac 15.00.<\/p>\n","protected":false},"excerpt":{"rendered":"<p>\u201eMein Herz ruht m\u00fcde\u201c ist der Titel einer von Hajo Jahn moderierten Konzertveranstaltung mit vertonten Else Lasker-Sch\u00fcler-Gedichten am Samstag (12.09.) um 18.30 Uhr in der Bergischen Musikschule. Es ist ein Kooperationsprojekt der Musikschulen der beiden Partnerst\u00e4dte Wuppertal und Schwerin.<\/p>\n","protected":false},"author":7,"featured_media":0,"comment_status":"open","ping_status":"open","sticky":false,"template":"","format":"standard","meta":{"footnotes":""},"categories":[29],"tags":[],"class_list":["post-93916","post","type-post","status-publish","format-standard","hentry","category-kultur"],"publishpress_future_action":{"enabled":false,"date":"2026-09-11 16:08:57","action":"change-status","newStatus":"draft","terms":[],"taxonomy":"category","extraData":[]},"publishpress_future_workflow_manual_trigger":{"enabledWorkflows":[]},"_links":{"self":[{"href":"https:\/\/www.die-stadtzeitung.de\/index.php\/wp-json\/wp\/v2\/posts\/93916","targetHints":{"allow":["GET"]}}],"collection":[{"href":"https:\/\/www.die-stadtzeitung.de\/index.php\/wp-json\/wp\/v2\/posts"}],"about":[{"href":"https:\/\/www.die-stadtzeitung.de\/index.php\/wp-json\/wp\/v2\/types\/post"}],"author":[{"embeddable":true,"href":"https:\/\/www.die-stadtzeitung.de\/index.php\/wp-json\/wp\/v2\/users\/7"}],"replies":[{"embeddable":true,"href":"https:\/\/www.die-stadtzeitung.de\/index.php\/wp-json\/wp\/v2\/comments?post=93916"}],"version-history":[{"count":3,"href":"https:\/\/www.die-stadtzeitung.de\/index.php\/wp-json\/wp\/v2\/posts\/93916\/revisions"}],"predecessor-version":[{"id":93922,"href":"https:\/\/www.die-stadtzeitung.de\/index.php\/wp-json\/wp\/v2\/posts\/93916\/revisions\/93922"}],"wp:attachment":[{"href":"https:\/\/www.die-stadtzeitung.de\/index.php\/wp-json\/wp\/v2\/media?parent=93916"}],"wp:term":[{"taxonomy":"category","embeddable":true,"href":"https:\/\/www.die-stadtzeitung.de\/index.php\/wp-json\/wp\/v2\/categories?post=93916"},{"taxonomy":"post_tag","embeddable":true,"href":"https:\/\/www.die-stadtzeitung.de\/index.php\/wp-json\/wp\/v2\/tags?post=93916"}],"curies":[{"name":"wp","href":"https:\/\/api.w.org\/{rel}","templated":true}]}}