{"id":93909,"date":"2026-09-03T13:37:51","date_gmt":"2026-09-03T11:37:51","guid":{"rendered":"https:\/\/www.die-stadtzeitung.de\/?p=93909"},"modified":"2026-09-04T13:38:06","modified_gmt":"2026-09-04T11:38:06","slug":"bhc-nach-kurzer-verschnaufpause-ins-loewen-duell","status":"publish","type":"post","link":"https:\/\/www.die-stadtzeitung.de\/index.php\/2026\/09\/03\/bhc-nach-kurzer-verschnaufpause-ins-loewen-duell\/","title":{"rendered":"BHC: Nach kurzer Verschnaufpause ins L\u00f6wen-Duell"},"content":{"rendered":"<div id=\"attachment_93849\" class=\"wp-caption alignnone\" style=\"max-width: 2570px;\"><img loading=\"lazy\" decoding=\"async\" class=\"wp-image-93849 size-full\" src=\"\/wp-content\/uploads\/2026\/09\/Classen-02-09-2026-0217-scaled.jpeg\" alt=\"\" width=\"2560\" height=\"1707\" \/><span class=\"wp-caption-text\">Auf die Treffsicherheit von Fynn Hangstein wird es am Samstagabend beim L\u00f6wen-Duell in der Unihalle ankommen &#8211; \u00a9 Archivfoto Jochen Classen<\/span><\/div>\n<p>Am Ergebnis lag es nicht, dass die Stimmung nach der 29:34-Niederlage gegen die SG Flensburg-Handewitt sehr ged\u00e4mpft war. \u201eWir haben gegen eines der besten Teams \u00fcberhaupt gespielt\u201c, sagt das BHC-Trainergespann Arnor Gunnarsson und Markus P\u00fctz.<span class=\"Apple-converted-space\">\u00a0<\/span><\/p>\n<p>\u201eAber es ist wichtig, dass wir an den Sieg glauben, wenn wir auf die Platte gehen.\u201c Mit diesem Feuer will der Bergische HC nur 72 Stunden nach dem Heimauftakt ins Duell gegen die Rhein-Neckar L\u00f6wen gehen. Anwurf in der Wuppertaler UNIHALLE ist am Samstagabend um 20 Uhr.<span class=\"Apple-converted-space\">\u00a0<\/span><\/p>\n<p>Zur Analyse des Flensburg-Duells, in dem die Bergischen unter anderem 20 Minuten \u00fcberragend und 30 Minuten angriffsschwach agierten, bleibt zwischen den beiden Spielen ohnehin keine Zeit. \u201eIm Training hat das Spiel keine Rolle mehr gespielt. Wir haben den Fokus voll auf die Rhein-Neckar L\u00f6wen gelegt\u201c, sagt P\u00fctz.<span class=\"Apple-converted-space\">\u00a0<\/span><\/p>\n<h4>Regeneration und Videovorbereitung<\/h4>\n<p>Ein echtes Mannschaftstraining fand am Donnerstag nicht statt. Es ging haupts\u00e4chlich um Regeneration und Videovorbereitung. \u201eFreitag findet dann schon das Abschlusstraining statt. Wir haben also eine intensive Einheit \u2013 so ist das in einer Englischen Woche\u201c, betont Gunnarsson.<\/p>\n<p>Verletzt hat sich am Mittwoch niemand, so dass voraussichtlich dieselbe Mannschaft gegen die Rhein-Neckar L\u00f6wen antritt. Der Einsatz von Zugang Janik Schrader (Fu\u00dfverletzung) ist weiterhin fraglich. Definitiv fehlen wird Yannick Fraatz, der sich aber auf gutem Weg befindet, noch in diesem Jahr von seinem Kreuzbandriss zur\u00fcckzukehren.<\/p>\n<div id=\"attachment_93913\" class=\"wp-caption alignnone\" style=\"max-width: 2570px;\"><img loading=\"lazy\" decoding=\"async\" class=\"wp-image-93913 size-full\" src=\"\/wp-content\/uploads\/2026\/09\/Bild-1.jpg\" alt=\"\" width=\"2560\" height=\"1518\" \/><span class=\"wp-caption-text\">Das BHC-Trainergespann Arnor Thor Gunnarsson (l.) und Markus P\u00fctz t\u00fcftelt an der richtigen Taktik f\u00fcr das wichtige Spiel gegen die Rhein-Neckar-L\u00f6wen \u2013 \u00a9 Archivfoto Jochen Classen<\/span><\/div>\n<p>Die Chance, gegen die Rhein-Neckar L\u00f6wen die ersten Punkte der neuen Saison zu holen, ist nominell gr\u00f6\u00dfer als gegen Meisterschaftsaspirant Flensburg.<span class=\"Apple-converted-space\"> \u00a0<\/span>\u201eAuch die Rhein-Neckar L\u00f6wen sind eine Mannschaft mit sehr gro\u00dfem Potenzial\u201c, wei\u00df P\u00fctz. Die beiden Niederlagen zum Auftakt t\u00e4uschen dar\u00fcber nicht hinweg. Zun\u00e4chst verloren die Mannheimer ein umk\u00e4mpftes Spiel in Hannover mit 31:32. Im ersten Heimspiel unterlagen sie dem VfL Gummersbach mit 26:31.<\/p>\n<p>Gunnarsson: \u201eDa sind sie am Ende volles Risiko gegangen und sind nicht belohnt worden. Das Spiel war viel knapper als das Ergebnis.\u201c Nun also werden sich auch die Rhein-Neckar L\u00f6wen gro\u00dfe Chancen auf ihre ersten Saisonpunkte ausrechnen. P\u00fctz erkl\u00e4rt: \u201eSie haben ein gutes Sieben-gegen-Sechs, das sie h\u00e4ufiger zum Einsatz bringen. Die Kreisl\u00e4ufer-Kooperation ist sehr stark.\u201c<span class=\"Apple-converted-space\">\u00a0<\/span><\/p>\n<h4>Wiedersehen mit Aron Seesing und Tim Nothdurft<\/h4>\n<p>Davon profitiert auch Aron Seesing, der im Sommer vom BHC nach Mannheim gewechselt ist. Sein Einstand bei den Rhein-Neckar L\u00f6wen war \u00fcberzeugend. Er erh\u00e4lt viel Spielzeit auf beiden Seiten des Feldes und hat f\u00fcnf beziehungsweise sechs Tore erzielt. Am Samstag kommt es zum Wiedersehen mit seinem alten Club.<\/p>\n<p>Der Rest der Mannschaft ist nach Lage der Dinge ebenfalls dabei. Darunter sind mit Jannik Kohlbacher, Dani Baijens, Jacob Lassen, Haukur Thrastarson, Kentin Mah\u00e9 sowie Torh\u00fcter David Sp\u00e4th zahlreiche sehr namhafte Spieler. Ein weiterer Ex-BHCer bei den Rhein-Neckar L\u00f6wen ist Tim Nothdurft, der von 2022 bis 2024 im Bergischen Land spielt.<span class=\"Apple-converted-space\">\u00a0<\/span><\/p>\n<p>Wer am Samstag dabei sein m\u00f6chte, bucht entweder noch online im BHC-Ticketshop unter<\/p>\n<p><span class=\"Apple-converted-space\"><a href=\"http:\/\/www.bhctickets.de\">http:\/\/www.bhctickets.de<\/a>\u00a0<\/span><\/p>\n<p>oder kauft sein Karten spontan an der Abendkasse ab anderthalb Stunden vor Anwurf.<\/p>\n","protected":false},"excerpt":{"rendered":"<p>Noch haben die BHC-Spieler die 29:34-Niederlagen gegen die SG Flensburg-Handewitt nicht ganz verdaut &#8211; k\u00f6rperlich wie auch mental. Da m\u00fcssen sie schon wieder ran. Am Samstag (05.09.) um 20:00 kommt es in der Unihalle zum L\u00f6wen-Duell. Wie der Bergische HC sind auch die Rhein-Neckar-L\u00f6wen mit zwei Niederlagen in die neue Saison gestartet: 31:32 bei Hannover-Burgdorf und 26:31 zuhause gegen den VfL Gummersbach. Im dritten Spiel der Spielzeit 2026\/27 \u00a0treffen die Tabellen-Nachbarn also jetzt aufeinander.\u00a0<\/p>\n","protected":false},"author":7,"featured_media":0,"comment_status":"open","ping_status":"open","sticky":false,"template":"","format":"standard","meta":{"footnotes":""},"categories":[20],"tags":[],"class_list":["post-93909","post","type-post","status-publish","format-standard","hentry","category-sport"],"publishpress_future_action":{"enabled":false,"date":"2026-09-11 15:21:39","action":"change-status","newStatus":"draft","terms":[],"taxonomy":"category","extraData":[]},"publishpress_future_workflow_manual_trigger":{"enabledWorkflows":[]},"_links":{"self":[{"href":"https:\/\/www.die-stadtzeitung.de\/index.php\/wp-json\/wp\/v2\/posts\/93909","targetHints":{"allow":["GET"]}}],"collection":[{"href":"https:\/\/www.die-stadtzeitung.de\/index.php\/wp-json\/wp\/v2\/posts"}],"about":[{"href":"https:\/\/www.die-stadtzeitung.de\/index.php\/wp-json\/wp\/v2\/types\/post"}],"author":[{"embeddable":true,"href":"https:\/\/www.die-stadtzeitung.de\/index.php\/wp-json\/wp\/v2\/users\/7"}],"replies":[{"embeddable":true,"href":"https:\/\/www.die-stadtzeitung.de\/index.php\/wp-json\/wp\/v2\/comments?post=93909"}],"version-history":[{"count":5,"href":"https:\/\/www.die-stadtzeitung.de\/index.php\/wp-json\/wp\/v2\/posts\/93909\/revisions"}],"predecessor-version":[{"id":93915,"href":"https:\/\/www.die-stadtzeitung.de\/index.php\/wp-json\/wp\/v2\/posts\/93909\/revisions\/93915"}],"wp:attachment":[{"href":"https:\/\/www.die-stadtzeitung.de\/index.php\/wp-json\/wp\/v2\/media?parent=93909"}],"wp:term":[{"taxonomy":"category","embeddable":true,"href":"https:\/\/www.die-stadtzeitung.de\/index.php\/wp-json\/wp\/v2\/categories?post=93909"},{"taxonomy":"post_tag","embeddable":true,"href":"https:\/\/www.die-stadtzeitung.de\/index.php\/wp-json\/wp\/v2\/tags?post=93909"}],"curies":[{"name":"wp","href":"https:\/\/api.w.org\/{rel}","templated":true}]}}