{"id":93857,"date":"2026-09-03T13:54:09","date_gmt":"2026-09-03T11:54:09","guid":{"rendered":"https:\/\/www.die-stadtzeitung.de\/?p=93857"},"modified":"2026-09-03T13:54:09","modified_gmt":"2026-09-03T11:54:09","slug":"hochkaraetige-vortraege-im-ehemaligen-fotoladen","status":"publish","type":"post","link":"https:\/\/www.die-stadtzeitung.de\/index.php\/2026\/09\/03\/hochkaraetige-vortraege-im-ehemaligen-fotoladen\/","title":{"rendered":"Hochkar\u00e4tige Vortr\u00e4ge im ehemaligen Fotoladen"},"content":{"rendered":"<div id=\"attachment_93866\" class=\"wp-caption alignnone\" style=\"max-width: 2570px;\"><img loading=\"lazy\" decoding=\"async\" class=\"wp-image-93866 size-full\" src=\"\/wp-content\/uploads\/2026\/09\/7637-scaled.jpg\" alt=\"\" width=\"2560\" height=\"1707\" \/><span class=\"wp-caption-text\">Pr\u00e4sentierten das neue &#8222;Brennscheidt-Forum&#8220; stolz den Wuppertaler Medien: (v.l.) Joachim Schmidt-Hermesdorf, Vorstand der Brennscheidt-Stiftung, Museumsdirektor \u00a0Dr. Roland M\u00f6nig, \u00a0Laura P\u00f6ting vom D\u00fcsseldorfer Architektenb\u00fcro Sieber und Bettina Vonderreck, Gesch\u00e4ftsf\u00fchrerin der Brennscheidt Stiftung &#8211; \u00a9 Ralf Silberkuhl<\/span><\/div>\n<p>Die R\u00e4umlichkeiten im Herzen Elberfeld waren praktisch seit der Schlie\u00dfung des Fotoladens im Jahr 2016 ungenutzt. Jetzt wurden sie zu neuem Leben erweckt. Die Gesamtfl\u00e4che des renommierten Wuppertaler Kunst-Museums wird durch die neuen R\u00e4umlichkeiten des Brennscheidt-Forums immerhin um rund 120 Quadratmeter vergr\u00f6\u00dfert.<span class=\"Apple-converted-space\">\u00a0<\/span><\/p>\n<p>Die Brennscheidt-Stiftung hat &#8211; so der Vorstandsvorsitzende Joachim Schmidt-Hermesdorf &#8211; f\u00fcr die Sanierung und den Umbau das ehemaligen Ladenlokals rund 400.000 \u20ac zur Verf\u00fcgung gestellt. Bei der Pressekonferenz bedankte sich Museums-Direktor Dr. Roland M\u00f6nig bei<span class=\"Apple-converted-space\">\u00a0<\/span>Joachim Schmidt-Hermesdorf von der Brennscheidt-Stiftung f\u00fcr die gro\u00dfz\u00fcgige Spende.<span class=\"Apple-converted-space\">\u00a0<\/span><\/p>\n<div id=\"attachment_93861\" class=\"wp-caption alignnone\" style=\"max-width: 2570px;\"><img loading=\"lazy\" decoding=\"async\" class=\"wp-image-93861 size-full\" src=\"\/wp-content\/uploads\/2026\/09\/7494-scaled.jpg\" alt=\"\" width=\"2560\" height=\"1546\" \/><span class=\"wp-caption-text\">Das Von der Heydt-Museum hat eine Attraktion mehr: Museumsdirektor Dr. Roland M\u00f6nig bei der Pressekonferenz &#8211; \u00a9 Ralf Silberkuhl<\/span><\/div>\n<h4>\u00dcber Heinz Olof Brennscheidt und seine Stiftung<\/h4>\n<p>Heinz Olof Brennscheidt (*1934 &#8211; \u20202020) leitete 40 Jahre das von seinem Vater in Wuppertal gegr\u00fcndete Unternehmen Wilcke GmbH &amp; Co. KG, ein f\u00fchrender Hersteller f\u00fcr R\u00e4der und Rollen mit Niederlassungen in mehreren L\u00e4ndern. 1993 rief der sehr stark sozial engagierte Unternehmen die &#8222;Brennscheidt-Stiftung&#8220; ins Leben, die 1999 auch den Kauf der Skulptur \u201eRondo\u201c des K\u00fcnstlers Alf Lechner finanzierte. Das Werk hat seinen festen Platz in unmittelbarer N\u00e4he der Historischen Stadthalle und ist Teil des \u201eSkulpturenparks Johannisberg\u201c.<span class=\"Apple-converted-space\">\u00a0<\/span><\/p>\n<p>Die Brennscheidt Stiftung engagiert sich seither f\u00fcr die F\u00f6rderung von Kindern, Jugendlichen und der Kultur. Sie unterst\u00fctzt neben dem Von der Heydt-Museum, Bildungsprojekte, den Verein Luise Winnacker e.V., die Hochschule f\u00fcr Musik und Tanz sowie das Deutschlandstipendium und die Wuppertaler Kurrende. <span class=\"Apple-converted-space\">\u00a0<\/span><\/p>\n<p>Das Unternehmen Wilcke GmbH &amp; Co. KG hat mittlerweile seinen Hauptsitz in Sprockh\u00f6vel.<\/p>\n<div id=\"attachment_93863\" class=\"wp-caption alignnone\" style=\"max-width: 2010px;\"><img loading=\"lazy\" decoding=\"async\" class=\"wp-image-93863 size-full\" src=\"\/wp-content\/uploads\/2026\/09\/70xx.jpg\" alt=\"\" width=\"2000\" height=\"1125\" \/><span class=\"wp-caption-text\">Museumsdirektor Dr. Roland M\u00f6nig pr\u00e4sentiert den interessierten Journalistinnen und Journalisten die technischen M\u00f6glichkeiten des neuen &#8222;Brennscheidt-Forums&#8220; &#8211; \u00a9 Ralf Silberkuhl<\/span><\/div>\n<p>&nbsp;<\/p>\n","protected":false},"excerpt":{"rendered":"<p>Das &#8222;Brennscheidt-Forum&#8220;, ein neuer, hochmoderner Veranstaltungs- und Vortragsraum im Von der Heydt-Museum, ist der \u00d6ffentlichkeit auf einer Pressekonferenz pr\u00e4sentiert worden. Es erstand im ehemaligen Ladenlokal des Fotofachgesch\u00e4fts Leimberg direkt neben dem Museumsgeb\u00e4ude.<\/p>\n","protected":false},"author":7,"featured_media":0,"comment_status":"open","ping_status":"open","sticky":false,"template":"","format":"standard","meta":{"footnotes":""},"categories":[29],"tags":[],"class_list":["post-93857","post","type-post","status-publish","format-standard","hentry","category-kultur"],"publishpress_future_action":{"enabled":false,"date":"2026-09-10 15:32:30","action":"change-status","newStatus":"draft","terms":[],"taxonomy":"category","extraData":[]},"publishpress_future_workflow_manual_trigger":{"enabledWorkflows":[]},"_links":{"self":[{"href":"https:\/\/www.die-stadtzeitung.de\/index.php\/wp-json\/wp\/v2\/posts\/93857","targetHints":{"allow":["GET"]}}],"collection":[{"href":"https:\/\/www.die-stadtzeitung.de\/index.php\/wp-json\/wp\/v2\/posts"}],"about":[{"href":"https:\/\/www.die-stadtzeitung.de\/index.php\/wp-json\/wp\/v2\/types\/post"}],"author":[{"embeddable":true,"href":"https:\/\/www.die-stadtzeitung.de\/index.php\/wp-json\/wp\/v2\/users\/7"}],"replies":[{"embeddable":true,"href":"https:\/\/www.die-stadtzeitung.de\/index.php\/wp-json\/wp\/v2\/comments?post=93857"}],"version-history":[{"count":7,"href":"https:\/\/www.die-stadtzeitung.de\/index.php\/wp-json\/wp\/v2\/posts\/93857\/revisions"}],"predecessor-version":[{"id":93868,"href":"https:\/\/www.die-stadtzeitung.de\/index.php\/wp-json\/wp\/v2\/posts\/93857\/revisions\/93868"}],"wp:attachment":[{"href":"https:\/\/www.die-stadtzeitung.de\/index.php\/wp-json\/wp\/v2\/media?parent=93857"}],"wp:term":[{"taxonomy":"category","embeddable":true,"href":"https:\/\/www.die-stadtzeitung.de\/index.php\/wp-json\/wp\/v2\/categories?post=93857"},{"taxonomy":"post_tag","embeddable":true,"href":"https:\/\/www.die-stadtzeitung.de\/index.php\/wp-json\/wp\/v2\/tags?post=93857"}],"curies":[{"name":"wp","href":"https:\/\/api.w.org\/{rel}","templated":true}]}}