{"id":93827,"date":"2026-09-02T23:13:19","date_gmt":"2026-09-02T21:13:19","guid":{"rendered":"https:\/\/www.die-stadtzeitung.de\/?p=93827"},"modified":"2026-09-02T23:27:45","modified_gmt":"2026-09-02T21:27:45","slug":"tony-cragg-kassiert-auch-den-europaeischen-kulturpreis","status":"publish","type":"post","link":"https:\/\/www.die-stadtzeitung.de\/index.php\/2026\/09\/02\/tony-cragg-kassiert-auch-den-europaeischen-kulturpreis\/","title":{"rendered":"Tony Cragg kassiert auch den Europ\u00e4ischen Kulturpreis"},"content":{"rendered":"<div id=\"attachment_93828\" class=\"wp-caption alignnone\" style=\"max-width: 2570px;\"><img loading=\"lazy\" decoding=\"async\" class=\"wp-image-93828 size-full\" src=\"\/wp-content\/uploads\/2026\/09\/5024-scaled.jpg\" alt=\"\" width=\"2560\" height=\"1861\" \/><span class=\"wp-caption-text\">Der weltber\u00fchmte Bildhauer Tony Cragg bei einer Ausstellungser\u00f6ffnung in seinem imposanten Skulpturenpark &#8222;Waldfrieden&#8220; &#8211; \u00a9 Ralf Silberkuhl<\/span><\/div>\n<p>Mit Tony Cragg gemeinsam erhalten auch die Designerin Iris van Herpen, die Hollywood-Schauspielerin Famke Janssen oder Fu\u00dfballlegende Ruud Gullit den Europ\u00e4ischen Kulturpreis.<span class=\"Apple-converted-space\">\u00a0<\/span><\/p>\n<p>F\u00fcr Sir Anthony Douglas Cragg (77), dem geb\u00fcrtigen Liverpooler, ist die Auszeichnung ein weiterer Ritterschlag. \u00dcber Jahrzehnte setzt er in der zeitgen\u00f6ssischen Bildhauerei massgebliche Akzente. Und das von Wuppertal aus, wie in der Pressemitteilung des Europ\u00e4ischen Kulturforums, das in Dresden seine Heimat hat, zu lesen ist. Viele Gro\u00dfst\u00e4dte auf der Welt versch\u00f6nt er mit seinem imposanten Werke in Museen und im \u00f6ffentlichen Raum.<span class=\"Apple-converted-space\"> Au\u00dferdem ist er mit einer st\u00e4ndigen Ausstellung in der renommierten \u00a0Kunstsammlung NRW &#8222;K20 K21&#8220; in D\u00fcsseldorf vertreten.\u00a0<\/span><\/p>\n<h4>Leuchtturm-Projekt &#8222;Skulpturenpark Waldfrieden&#8220;<\/h4>\n<p>Damit w\u00fcrdigt das Europ\u00e4ische Kulturforum einen K\u00fcnstler, der die zeitgen\u00f6ssische Bildhauerei \u00fcber Jahrzehnte hinweg gepr\u00e4gt und ihr weltweit neue Impulse verliehen hat. \u201eVon Wuppertal aus\u201c, so hei\u00dft es in der Pressemitteilung des Europ\u00e4ischen Kulturforums, das in Dresden zu Hause ist, \u201ehat Tony Cragg ein Werk geschaffen, das heute weltweit Anerkennung findet.\u201c<\/p>\n<p>Die Laudatio bei der Preisverleihung in Amsterdam h\u00e4lt Felix Kr\u00e4mer, Generaldirektor und K\u00fcnstlerischer Leiter des D\u00fcsseldorfer Museums Kunstpalast. Dort gab es 2024 die die weit \u00fcber die Landesgrenzen beachtete Ausstellung \u201eTony Cragg: Please Touch!\u201c. Dabei war es den Besuchern ausdr\u00fccklich erlaubt, die Skulpturen Tony Craggs zu ber\u00fchren.<\/p>\n<div id=\"attachment_93829\" class=\"wp-caption alignnone\" style=\"max-width: 2570px;\"><img loading=\"lazy\" decoding=\"async\" class=\"wp-image-93829 size-full\" src=\"\/wp-content\/uploads\/2026\/09\/Achim-Otto-i-1-scaled.jpeg\" alt=\"\" width=\"2560\" height=\"1420\" \/><span class=\"wp-caption-text\">Die Tony-Cragg-Skulptur &#8222;I&#8217;m Alive&#8220; auf dem Mittelstreifen der Friedrich-Engels-Allee in H\u00f6he des Wuppertaler Opernhauses &#8211; \u00a9 Achim Otto<\/span><\/div>\n<p>Reiner Schr\u00e4nkler, Vorstandsvorsitzender des Europ\u00e4ischen Kulturforums, sagt zur Begr\u00fcndung f\u00fcr die Auszeichnung: \u201eTony Cragg geh\u00f6rt zu den bedeutendsten Bildhauern unserer Zeit. Seine Werke verbinden Wissenschaft, Natur, Materialforschung und k\u00fcnstlerische Vision auf einzigartige Weise. Er hat die internationale Skulptur nachhaltig ver\u00e4ndert und Generationen von K\u00fcnstlerinnen und K\u00fcnstlern inspiriert.\u201c<\/p>\n<p>Reiner Schr\u00e4nkler stellt auch den von Tony Cragg gegr\u00fcndeten Skulpturenpark \u201eWaldfrieden\u201c mit weltweiter Strahlkraft als<span class=\"Apple-converted-space\">\u00a0 <\/span>besonderen Wuppertaler Kultur-Ort heraus: \u201eMit dem ihm schuf Tony Cragg einen einzigartigen Ort f\u00fcr zeitgen\u00f6ssische Kunst, der heute Besucherinnen und Besucher aus aller Welt anzieht und zu den bedeutendsten Skulpturenparks Europas z\u00e4hlt. Damit hat er NRW dauerhaft auf der internationalen Landkarte der Gegenwartskunst verankert.\u201c Worte, denen nichts hinzuzuf\u00fcgen ist.<span class=\"Apple-converted-space\">\u00a0<\/span><\/p>\n","protected":false},"excerpt":{"rendered":"<p>N\u00e4chste hohe Auszeichnung f\u00fcr Wuppertals K\u00fcnstler-Ikone Tony Cragg. Der weltweit erfolgreiche Bildhauer, der seit \u00fcber 30 Jahren in der Bergischen Metropole lebt und arbeitet, bekommt am Freitag (04.09.) im Royal Concertgebouw in Amsterdam (Niederlande) vom Europ\u00e4ischen Kulturforum den Europ\u00e4ischen Kulturpreis verliehen.\u00a0<\/p>\n","protected":false},"author":7,"featured_media":0,"comment_status":"open","ping_status":"open","sticky":false,"template":"","format":"standard","meta":{"footnotes":""},"categories":[29],"tags":[],"class_list":["post-93827","post","type-post","status-publish","format-standard","hentry","category-kultur"],"publishpress_future_action":{"enabled":false,"date":"2026-09-10 01:07:08","action":"change-status","newStatus":"draft","terms":[],"taxonomy":"category","extraData":[]},"publishpress_future_workflow_manual_trigger":{"enabledWorkflows":[]},"_links":{"self":[{"href":"https:\/\/www.die-stadtzeitung.de\/index.php\/wp-json\/wp\/v2\/posts\/93827","targetHints":{"allow":["GET"]}}],"collection":[{"href":"https:\/\/www.die-stadtzeitung.de\/index.php\/wp-json\/wp\/v2\/posts"}],"about":[{"href":"https:\/\/www.die-stadtzeitung.de\/index.php\/wp-json\/wp\/v2\/types\/post"}],"author":[{"embeddable":true,"href":"https:\/\/www.die-stadtzeitung.de\/index.php\/wp-json\/wp\/v2\/users\/7"}],"replies":[{"embeddable":true,"href":"https:\/\/www.die-stadtzeitung.de\/index.php\/wp-json\/wp\/v2\/comments?post=93827"}],"version-history":[{"count":5,"href":"https:\/\/www.die-stadtzeitung.de\/index.php\/wp-json\/wp\/v2\/posts\/93827\/revisions"}],"predecessor-version":[{"id":93842,"href":"https:\/\/www.die-stadtzeitung.de\/index.php\/wp-json\/wp\/v2\/posts\/93827\/revisions\/93842"}],"wp:attachment":[{"href":"https:\/\/www.die-stadtzeitung.de\/index.php\/wp-json\/wp\/v2\/media?parent=93827"}],"wp:term":[{"taxonomy":"category","embeddable":true,"href":"https:\/\/www.die-stadtzeitung.de\/index.php\/wp-json\/wp\/v2\/categories?post=93827"},{"taxonomy":"post_tag","embeddable":true,"href":"https:\/\/www.die-stadtzeitung.de\/index.php\/wp-json\/wp\/v2\/tags?post=93827"}],"curies":[{"name":"wp","href":"https:\/\/api.w.org\/{rel}","templated":true}]}}