{"id":93812,"date":"2026-09-01T20:08:56","date_gmt":"2026-09-01T18:08:56","guid":{"rendered":"https:\/\/www.die-stadtzeitung.de\/?p=93812"},"modified":"2026-09-01T20:08:56","modified_gmt":"2026-09-01T18:08:56","slug":"sinneswandel-kultur-fans-fingen-sofort-feuer","status":"publish","type":"post","link":"https:\/\/www.die-stadtzeitung.de\/index.php\/2026\/09\/01\/sinneswandel-kultur-fans-fingen-sofort-feuer\/","title":{"rendered":"&#8222;Sinneswandel&#8220;: Kultur-Fans fingen sofort Feuer"},"content":{"rendered":"<div id=\"attachment_93814\" class=\"wp-caption alignnone\" style=\"max-width: 1352px;\"><img loading=\"lazy\" decoding=\"async\" class=\"wp-image-93814 size-full\" src=\"\/wp-content\/uploads\/2026\/09\/Bild.jpeg\" alt=\"\" width=\"1342\" height=\"962\" \/><span class=\"wp-caption-text\">Christian Knust vor seinem Werk Feuer (2026). Ein Teil des K\u00fcnstlergepr\u00e4chs entstand mit der Geige vor dem Gem\u00e4lde &#8211; \u00a9 Kintopp Film \/ Sandy Haustein<\/span><\/div>\n<p>65 Kultur-Interessierte gingen bei der ersten Station mit auf die performativen Reise durch die vier Elemente. Die Eventschmiede Solingen wurde dabei selbst zum B\u00fchnen-, Ausstellungs- und Begegnungsraum.<span class=\"Apple-converted-space\">\u00a0<\/span><\/p>\n<p>Zwischen Schmiedefeuer, Werkzeugen und Industriegeschichte bewegten sich die G\u00e4ste durch zw\u00f6lf eigens f\u00fcr das Projekt entstandene Kunstwerke, Theater, Musik und sechs kulinarische Stationen. Kunst wurde betrachtet und diskutiert, Essen selbst gestaltet und das<span class=\"Apple-converted-space\">\u00a0 <\/span>mFeuer zum realen Bestandteil des Abends.<\/p>\n<p>Der Abend begann mit echtem Schmiedefeuer, Musik und zun\u00e4chst verh\u00fcllten Kunstwerken. Zw\u00f6lf G\u00e4ste enth\u00fcllten gemeinsam die zw\u00f6lf Arbeite. Die T\u00fccher wurden anschlie\u00dfend zu Tischdecken und damit selbst Teil der Transformation. Die besondere Geschichte des Ortes \u2013 hier wird bis heute mit echtem Feuer geschmiedet \u2013 wurde so unmittelbar in die Dramaturgie einbezogen.<span class=\"Apple-converted-space\">\u00a0<\/span><\/p>\n<div id=\"attachment_93815\" class=\"wp-caption alignnone\" style=\"max-width: 1191px;\"><img loading=\"lazy\" decoding=\"async\" class=\"wp-image-93815 size-full\" src=\"\/wp-content\/uploads\/2026\/09\/Bild-5.jpeg\" alt=\"\" width=\"1181\" height=\"836\" \/><span class=\"wp-caption-text\">Szenische Intervention des Jungen Theaters Leverkusen bei &#8222;eins:feuer&#8220; \u00a0in der Eventschmiede Solingen &#8211; \u00a9 Kintopp Film \/ Sandy Haustein<\/span><\/div>\n<p>Auch das Programmheft beschreibt die Eventschmiede deshalb ausdr\u00fccklich nicht als neutralen Veranstaltungsraum, sondern als Ort von Handwerk, Materialit\u00e4t und Verwandlung.<\/p>\n<p>Im weiteren Verlauf des Abend gestalteten die G\u00e4ste ihre erste \u201eK\u00fcnstlerpalette\u201c mit pflanzlichen Mousses, stellten einen Sommer-Sud zusammen, komponierten ihren eigenen Teller und wurden sp\u00e4ter selbst zu Grillmeistern f\u00fcr ihre Tischgemeinschaft. Das von Ulla V\u00f6pel entwickelte sechsg\u00e4ngige vegane Men\u00fc setzte dabei auf regionale und saisonale Zutaten.<\/p>\n<p>Das Junge Theater Leverkusen unter der Regie von Petra Clemens setzte mit drei szenischen Interventionen ausdruckstarke Akzente. Hanna Nagy, Sofia Friedmann und Tabea Nazemian brachten literarische und selbstge-schriebene Texte ein. Besonders die eigenen Texte der drei Schauspielerinnen wurden vom Publikum intensiv aufgesogen.<\/p>\n<p>Drei K\u00fcnstlerinnen und K\u00fcnstler kamen unmittelbar vor ihren Arbeiten mit dem Publikum ins Gespr\u00e4ch: Christian Knust, Nikolay Petrov und Andreas Komotzki. Insgesamt waren zw\u00f6lf k\u00fcnstlerische Positionen eigens f\u00fcr eins im Raum pr\u00e4sent.<\/p>\n<div id=\"attachment_93816\" class=\"wp-caption alignnone\" style=\"max-width: 1782px;\"><img loading=\"lazy\" decoding=\"async\" class=\"wp-image-93816 size-full\" src=\"\/wp-content\/uploads\/2026\/09\/Bild-3.jpeg\" alt=\"\" width=\"1772\" height=\"993\" \/><span class=\"wp-caption-text\">Die \u201eK\u00fcnstlerpalette\u201c als erster kulinarischer Gang von eins:feuer. Pflanzliche Mousses und Fladenbrot werden Teil der performativen Kulinarik &#8211; \u00a9 Kintopp Film \/ Sandy Haustein<\/span><\/div>\n<p>Auch musikalisch wurde das Element Feuer vielschichtig aufgegriffen \u2013 von Mahler \u00fcber Debussy, Richter\/Vivaldi und Mendelssohn bis zu Wagner und Sch\u00f6nberg. Mit \u201eIm Land der tausend Feuer\u201c erklang zudem ein neues Bergisches Heimatlied von Jan Koemmet.<\/p>\n<p>Landwirtschaftsmeisterin und Bauernhofp\u00e4dagogin Bettina Wamsler machte zugleich erfahrbar, was saisonale Ern\u00e4hrung konkret bedeutet: \u201eLandwirtschaft hat einen Kalender. K\u00fcche kann ihm folgen.\u201c<\/p>\n<p>Die Resonanz auf Teil eins der performativen Reisen, \u201eeins:feuer\u201c eins war ausgesprochen positiv. Kein Wunder also, dass zahlreiche G\u00e4ste spontan entschieden, auch beim zweiten Teil von \u201cSINNESWANDEL\u201c mit dabei zu sein. \u201ezwei:erde\u201c findet am 27. November im Pina Bausch Zentrum in Wuppertal statt.<span class=\"Apple-converted-space\">\u00a0<\/span><\/p>\n<div id=\"attachment_93817\" class=\"wp-caption alignnone\" style=\"max-width: 1782px;\"><img loading=\"lazy\" decoding=\"async\" class=\"wp-image-93817 size-full\" src=\"\/wp-content\/uploads\/2026\/09\/Bild-4.jpeg\" alt=\"\" width=\"1772\" height=\"1143\" \/><span class=\"wp-caption-text\">Sara aus dem Team von K\u00fcchenchefin Ulla V\u00f6pel sch\u00f6pft den hei\u00dfen Sommer-Sud &#8211; \u00a9 Kintopp Film \/ Sandy Haustein<\/span><\/div>\n<p><strong>Link zur Webseite:<span class=\"Apple-converted-space\">\u00a0<\/span><\/strong><\/p>\n<p><a href=\"http:\/\/sinneswandel-bergisches-land.de\">sinneswandel-bergisches-land.de<\/a><\/p>\n<p><strong>Link zur den Tickets:<\/strong><\/p>\n<p><a href=\"http:\/\/eventfrog.de\">http:\/\/eventfrog.de<\/a><\/p>\n<div id=\"attachment_93818\" class=\"wp-caption alignnone\" style=\"max-width: 1782px;\"><img loading=\"lazy\" decoding=\"async\" class=\"wp-image-93818 size-full\" src=\"\/wp-content\/uploads\/2026\/09\/Bild-2.jpeg\" alt=\"\" width=\"1772\" height=\"1181\" \/><span class=\"wp-caption-text\">Beeindruckend: Michael Brandes am offenen Schmiedefeuer in der Eventschmiede Solingen &#8211; \u00a9 Kintopp Film \/ Sandy Haustein<\/span><\/div>\n","protected":false},"excerpt":{"rendered":"<p>Das Feuer der Kreativit\u00e4t ist voll entbrannt! \u201eeins:feuer\u201c, die Auftaktveranstaltung der Veranstaltungsreihe \u201eSINNESWANDEL\u201c, initiiert vom Wuppertaler Musiker Jan Koemmet, war ein voller Erfolg. <\/p>\n","protected":false},"author":7,"featured_media":0,"comment_status":"open","ping_status":"open","sticky":false,"template":"","format":"standard","meta":{"footnotes":""},"categories":[29],"tags":[],"class_list":["post-93812","post","type-post","status-publish","format-standard","hentry","category-kultur"],"publishpress_future_action":{"enabled":false,"date":"2026-09-08 22:15:43","action":"change-status","newStatus":"draft","terms":[],"taxonomy":"category","extraData":[]},"publishpress_future_workflow_manual_trigger":{"enabledWorkflows":[]},"_links":{"self":[{"href":"https:\/\/www.die-stadtzeitung.de\/index.php\/wp-json\/wp\/v2\/posts\/93812","targetHints":{"allow":["GET"]}}],"collection":[{"href":"https:\/\/www.die-stadtzeitung.de\/index.php\/wp-json\/wp\/v2\/posts"}],"about":[{"href":"https:\/\/www.die-stadtzeitung.de\/index.php\/wp-json\/wp\/v2\/types\/post"}],"author":[{"embeddable":true,"href":"https:\/\/www.die-stadtzeitung.de\/index.php\/wp-json\/wp\/v2\/users\/7"}],"replies":[{"embeddable":true,"href":"https:\/\/www.die-stadtzeitung.de\/index.php\/wp-json\/wp\/v2\/comments?post=93812"}],"version-history":[{"count":7,"href":"https:\/\/www.die-stadtzeitung.de\/index.php\/wp-json\/wp\/v2\/posts\/93812\/revisions"}],"predecessor-version":[{"id":93824,"href":"https:\/\/www.die-stadtzeitung.de\/index.php\/wp-json\/wp\/v2\/posts\/93812\/revisions\/93824"}],"wp:attachment":[{"href":"https:\/\/www.die-stadtzeitung.de\/index.php\/wp-json\/wp\/v2\/media?parent=93812"}],"wp:term":[{"taxonomy":"category","embeddable":true,"href":"https:\/\/www.die-stadtzeitung.de\/index.php\/wp-json\/wp\/v2\/categories?post=93812"},{"taxonomy":"post_tag","embeddable":true,"href":"https:\/\/www.die-stadtzeitung.de\/index.php\/wp-json\/wp\/v2\/tags?post=93812"}],"curies":[{"name":"wp","href":"https:\/\/api.w.org\/{rel}","templated":true}]}}