{"id":93801,"date":"2026-09-01T19:03:59","date_gmt":"2026-09-01T17:03:59","guid":{"rendered":"https:\/\/www.die-stadtzeitung.de\/?p=93801"},"modified":"2026-09-01T19:06:35","modified_gmt":"2026-09-01T17:06:35","slug":"kommt-ein-schwebebahnwagen-geflogen","status":"publish","type":"post","link":"https:\/\/www.die-stadtzeitung.de\/index.php\/2026\/09\/01\/kommt-ein-schwebebahnwagen-geflogen\/","title":{"rendered":"Kommt ein Schwebebahnwagen geflogen"},"content":{"rendered":"<div id=\"attachment_93810\" class=\"wp-caption alignnone\" style=\"max-width: 2570px;\"><img loading=\"lazy\" decoding=\"async\" class=\"wp-image-93810 size-full\" src=\"\/wp-content\/uploads\/2026\/09\/7432-scaled.jpg\" alt=\"\" width=\"2560\" height=\"1549\" \/><span class=\"wp-caption-text\">Der 75 Jahre alte Schwebebahnwagen wurde von einem Sattelschlepper angeliefert und von einem 450-Tonnen-Kran auf einem Podest geparkt &#8211; \u00a9 Ralf Silberkuhl<\/span><\/div>\n<p>Ein Sattelschlepper hatte den 76 Jahre alten Wagen zuvor angeliefert. Er ist Eigentum des Bahnhofs-Investors Markus B\u00fcrger, dem die Neugestaltung des Areals am D\u00f6ppersberg am Herzen liegt.<span class=\"Apple-converted-space\">\u00a0<\/span><\/p>\n<p>Das historische Wahrzeichen Wuppertals hat k\u00fcnftig seinen festen Platz in unmittelbarer N\u00e4he des Burger-Restaurants \u201eBurgermeister\u201c, der Bundespolizei, des WSW-Kundencenters, des \u201eMobilwerks\u201c, der Firma \u201eBohnen IT\u201c und der Postbank.<span class=\"Apple-converted-space\">\u00a0<\/span><\/p>\n<p>Martin Bang, Gesch\u00e4ftsf\u00fchrer der \u201eWuppertal Marketing\u201c, dankte Investor Markus B\u00fcrger ausdr\u00fccklich daf\u00fcr, dass er das Eingangstor der Stadt aus dem Dornr\u00f6schenschlaf geweckt habe. Er sieht den historischen Schwebebahnwagen als attraktiven Blickfang f\u00fcr alle ankommenden Bahnreisenden und Pendler.<span class=\"Apple-converted-space\">\u00a0<\/span><\/p>\n<div id=\"attachment_93804\" class=\"wp-caption alignnone\" style=\"max-width: 2570px;\"><img loading=\"lazy\" decoding=\"async\" class=\"wp-image-93804 size-full\" src=\"\/wp-content\/uploads\/2026\/09\/7462-scaled.jpeg\" alt=\"\" width=\"2560\" height=\"1707\" \/><span class=\"wp-caption-text\">Das Ende einer langen Reise: Der Schwebahnwagen der Baureihe 50 findet im gl\u00e4sernern Vorgeb\u00e4udes Hauptbahnhofes seine dauerhafte Parkposition &#8211; \u00a9 Ralf Silberkuhl<\/span><\/div>\n<div id=\"attachment_93805\" class=\"wp-caption alignnone\" style=\"max-width: 2570px;\"><img loading=\"lazy\" decoding=\"async\" class=\"wp-image-93805 size-full\" src=\"\/wp-content\/uploads\/2026\/09\/7412-scaled.jpeg\" alt=\"\" width=\"2560\" height=\"1707\" \/><span class=\"wp-caption-text\">Der 75 Jahre alte Schwebebahnwagen im Anflug auf den Hauptbahnhofs-Vorplatz &#8211; \u00a9 Ralf Silberkuhl<\/span><\/div>\n","protected":false},"excerpt":{"rendered":"<p>Kommt eine historischer Schwebebahn geflogen! Punktlandung f\u00fcr den Wagen Nr. 76 der Baureihe 50 auf einem Podest auf dem Hauptbahnhofs-Vorplatz. Dort wurde er mit Hilfe eines 450-Tonnen-Krans vor\u00fcbergehend abgestellt. Die endg\u00fcltige Parkposition erh\u00e4lt der Schwebebahnwagen am 18. September im gl\u00e4sernen Zwischentrakt des Hauptbahnhofs.<\/p>\n","protected":false},"author":7,"featured_media":0,"comment_status":"open","ping_status":"open","sticky":false,"template":"","format":"standard","meta":{"footnotes":""},"categories":[24],"tags":[],"class_list":["post-93801","post","type-post","status-publish","format-standard","hentry","category-wuppertal"],"publishpress_future_action":{"enabled":false,"date":"2026-09-08 20:56:57","action":"change-status","newStatus":"draft","terms":[],"taxonomy":"category","extraData":[]},"publishpress_future_workflow_manual_trigger":{"enabledWorkflows":[]},"_links":{"self":[{"href":"https:\/\/www.die-stadtzeitung.de\/index.php\/wp-json\/wp\/v2\/posts\/93801","targetHints":{"allow":["GET"]}}],"collection":[{"href":"https:\/\/www.die-stadtzeitung.de\/index.php\/wp-json\/wp\/v2\/posts"}],"about":[{"href":"https:\/\/www.die-stadtzeitung.de\/index.php\/wp-json\/wp\/v2\/types\/post"}],"author":[{"embeddable":true,"href":"https:\/\/www.die-stadtzeitung.de\/index.php\/wp-json\/wp\/v2\/users\/7"}],"replies":[{"embeddable":true,"href":"https:\/\/www.die-stadtzeitung.de\/index.php\/wp-json\/wp\/v2\/comments?post=93801"}],"version-history":[{"count":4,"href":"https:\/\/www.die-stadtzeitung.de\/index.php\/wp-json\/wp\/v2\/posts\/93801\/revisions"}],"predecessor-version":[{"id":93811,"href":"https:\/\/www.die-stadtzeitung.de\/index.php\/wp-json\/wp\/v2\/posts\/93801\/revisions\/93811"}],"wp:attachment":[{"href":"https:\/\/www.die-stadtzeitung.de\/index.php\/wp-json\/wp\/v2\/media?parent=93801"}],"wp:term":[{"taxonomy":"category","embeddable":true,"href":"https:\/\/www.die-stadtzeitung.de\/index.php\/wp-json\/wp\/v2\/categories?post=93801"},{"taxonomy":"post_tag","embeddable":true,"href":"https:\/\/www.die-stadtzeitung.de\/index.php\/wp-json\/wp\/v2\/tags?post=93801"}],"curies":[{"name":"wp","href":"https:\/\/api.w.org\/{rel}","templated":true}]}}