{"id":91632,"date":"2026-05-02T11:16:42","date_gmt":"2026-05-02T09:16:42","guid":{"rendered":"https:\/\/www.die-stadtzeitung.de\/?p=91632"},"modified":"2026-05-02T11:38:38","modified_gmt":"2026-05-02T09:38:38","slug":"isi-glueck-die-steile-karriere-der-miss-germany","status":"publish","type":"post","link":"https:\/\/www.die-stadtzeitung.de\/index.php\/2026\/05\/02\/isi-glueck-die-steile-karriere-der-miss-germany\/","title":{"rendered":"Isi Gl\u00fcck: Die steile Karriere der Miss Germany"},"content":{"rendered":"<div id=\"attachment_91634\" class=\"wp-caption alignnone\" style=\"max-width: 2570px;\"><img loading=\"lazy\" decoding=\"async\" class=\"wp-image-91634 size-full\" src=\"\/wp-content\/uploads\/2026\/05\/120724_KS_Guelck-28-scaled.jpg\" alt=\"\" width=\"2560\" height=\"1712\" \/><span class=\"wp-caption-text\">Isi Gl\u00fcck auf der Insel Wangerooge beim Training auf einem Surfbrett &#8211; \u00a9 Manfred Osenberg<\/span><\/div>\n<p>\u201eDie Sch\u00f6ne auf dem Surfbrett\u201c, \u201eDie Blondine in den D\u00fcnen\u201c, \u201eDie Miss am Strand\u201c &#8211; so die Schlagzeilen. Und aus Isabel G\u00fclck wurde die S\u00e4ngerin Isi Gl\u00fcck. 200 Auftritte folgten, bevor sie ab 2017 im Megapark auf Mallorca der gro\u00dfe Ballermann-Star wurde.<\/p>\n<p>Nach ihrer Premiere in der Sommerausgabe 2025 des Magazins \u201ePlayboy\u201c kamen immer mehr Angebote. In diesem Jahr sitzt sie zwischen Dieter Bohlen und Buschido in der DSDS-Jury und kann sich vor Komplimenten kaum retten. Kurz: Isi Gl\u00fcck ist gl\u00fccklich.<span class=\"Apple-converted-space\">\u00a0<\/span><\/p>\n<p>Mit 36 Jahren ein begehrter Fernsehstar, auf dem noch viele gro\u00dfe Aufgaben warten. Auch dank Wangerooge und Mega-Manager und Osenberg-Freund Horst Klemmer (89). Der auf der Insel lebende Oldenburger organisierte seit 1960 die \u201eMiss Germany-Wahlen\u201c mit seiner Firma \u201eMGC &#8211; Miss Germany Corporation\u201c.<\/p>\n<h4>Berufung statt Bikini<\/h4>\n<p>Sein Enkel Max Klemmer hat inzwischen als sein Nachfolger und neuer Gesch\u00e4ftsf\u00fchrer der \u201eMiss Germany Corporation\u201c am Strand von Wangerooge die Idee umgesetzt, die Regelungen zu \u00e4ndern: Berufung statt Bikini. Davon profitierte in diesem Jahr Rose Mondy, \u201eMiss Germany 2026\u201c.<\/p>\n<div id=\"attachment_91635\" class=\"wp-caption alignnone\" style=\"max-width: 2570px;\"><img loading=\"lazy\" decoding=\"async\" class=\"wp-image-91635 size-full\" src=\"\/wp-content\/uploads\/2026\/05\/020723_KS_Wangerooge-205-scaled.jpg\" alt=\"\" width=\"2560\" height=\"1643\" \/><span class=\"wp-caption-text\">Isabel G\u00fclck alias Isi Gl\u00fcck als &#8222;Miss Germany&#8220; neben Hoteldirektor Hans Martin Drews (l.) auf der Terrasse des Strandhotels Upstalsboom &#8211; \u00a9 privat<\/span><\/div>\n<p>Sie gab auch bei den Talkshows des NDR und WDR ihr Bestes. Und das war nach dem Geschmack des Fernsehpublikums. Rose Mondy war als \u201eStreamerin des Jahres\u201d angetreten, um Miss Germany 2026 zu werden. Sie \u00fcberzeugte im Finale in den Bavaria Studios mit ihrer Mission, aus Streaming mehr zu machen als Unterhaltung. N\u00e4mlich einen \u201edigitalen Safeplace\u201c (sicherer Raum) f\u00fcr Menschen, die gerade Halt brauchen.<\/p>\n<p>Mit ihrem Streaming-Kanal hat sie eine Plattform aufgebaut, auf der sie pers\u00f6nliche Erfahrungen und Gespr\u00e4che mit ihrer Community teilt. Rose m\u00f6chte zeigen, dass auch aus schwierigen Lebensphasen neue St\u00e4rke entstehen kann und dass Verletzlichkeit kein Hindernis, sondern oft der Beginn von pers\u00f6nlichem Wachstum ist.<span class=\"Apple-converted-space\"> \u00a0<\/span>Die Auszeichnung zur \u201eMiss Germany 2026\u201c erfolgte am Vorabend des \u201eInternationalen Weltfrauentags\u201c und setzt damit ein Zeichen f\u00fcr mehr Teilhabe und Gleichberechtigung.<\/p>\n<p>Rose Mondy: \u201eIch bin \u00fcberw\u00e4ltigt und unglaublich dankbar. Mir ist wichtig zu zeigen, dass es egal ist, woher du kommst oder welche Herausforderungen du erlebt hast. Deine Geschichte hat Wert. Wenn mein Werdegang anderen Menschen Mut macht, an sich zu glauben und ihren eigenen Weg zu gehen, dann hat all das einen Sinn.\u201c<\/p>\n<div id=\"attachment_91636\" class=\"wp-caption alignnone\" style=\"max-width: 2414px;\"><img loading=\"lazy\" decoding=\"async\" class=\"wp-image-91636 size-full\" src=\"\/wp-content\/uploads\/2026\/05\/Isis-Guelck-und-Mao.jpg\" alt=\"\" width=\"2404\" height=\"2230\" \/><span class=\"wp-caption-text\">Isi Gl\u00fcck wirft mit Manfred Osenberg, Herausgeber und Chefredakteur von &#8222;Moin&#8220;, einen Blick auf ihre Story in dem Wangerooger Nordsee-Magazin &#8211; \u00a9 Kurt Keil<\/span><\/div>\n<h4>Collien Fernandes in der Jury<\/h4>\n<p>Beim Finale der \u201eMiss Germany Awards\u201c traten die Finalistinnen &#8211; darunter auch die geb\u00fcrtige Wuppertalerin Aileen Tina Hufschmidt &#8211; in drei Kategorien an: Female Founder (Next Gen Gr\u00fcnderinnen), Female Mover (Frauen in m\u00e4nnerdominierten Berufen) und Female Leader (Frauen in F\u00fchrungspositionen).<\/p>\n<p>\u00dcber die Kategorie-Auszeichnungen entschieden Content Creatorin Dagi Bee, Schauspielerin Collien Monica Fernandes und Unternehmerin Ann-Katrin Schmitz als Jury. In jeder Kategorie zeichnete die Jury zun\u00e4chst eine Gewinnerin aus. Die drei Kategoriegewinnerinnen traten anschlie\u00dfend mit einem finalen Pitch um den \u201eMiss Germany Award\u201c an. Wer schlie\u00dflich \u201eMiss Germany 2026\u201c wurde, lag letztendlich in den H\u00e4nden des Publikums: Die Zuschauenden konnten \u00fcber die JOYN-App an einer Abstimmung teilnehmen und damit bestimmen, welche der drei Finalistinnen den Titel am Ende erhielt.<\/p>\n<div id=\"attachment_91637\" class=\"wp-caption alignnone\" style=\"max-width: 2570px;\"><img loading=\"lazy\" decoding=\"async\" class=\"wp-image-91637 size-full\" src=\"\/wp-content\/uploads\/2026\/05\/DSC08744_@jules_ebinal-2-scaled.jpg\" alt=\"\" width=\"2560\" height=\"1306\" \/><span class=\"wp-caption-text\">Rose Mondy, \u201eStreamerin des Jahres\u201d und jetzt auch aktuelle &#8222;Miss Germany&#8220; &#8211; \u00a9 \u201eMGC &#8211; Miss Germany Corporation\u201c<\/span><\/div>\n<h4>Der neue Ansatz des Max Klemmer<\/h4>\n<p>Das Finale fand in diesem Jahr erstmals in den Bavaria Studios in M\u00fcnchen vor einem Publikum aus knapp 1.000 Frauen und M\u00e4nnern statt. Die Veranstaltung wurde als Live-TV-Show auf \u201eSixx\u201c ausgestrahlt und ist weiterhin auf der Streaming-Plattform JOYN abrufbar.<\/p>\n<p>F\u00fcr Max Klemmer, Gesch\u00e4ftsf\u00fchrer von Miss Germany Studios, verk\u00f6rpert die neue \u201eMiss Germany\u201c Rose Mondy eine Generation von Frauen, die mit ihren Missionen Zukunft gestalten: \u201eMit ihrer unglaublich wichtigen Vision und ihrer F\u00e4higkeit, Menschen zu inspirieren, ist sie eine starke Botschafterin f\u00fcr die Themen unserer Zeit. Ich freue mich sehr auf die gemeinsame Zusammenarbeit im kommenden Jahr.\u201d<\/p>\n<div id=\"attachment_91638\" class=\"wp-caption alignnone\" style=\"max-width: 2570px;\"><img loading=\"lazy\" decoding=\"async\" class=\"wp-image-91638 size-full\" src=\"\/wp-content\/uploads\/2026\/05\/DSC08537_@jules_ebinal-scaled.jpg\" alt=\"\" width=\"2560\" height=\"1490\" \/><span class=\"wp-caption-text\">Rose Mondy freudestrahlend nach der Bekanntgabe des Endergebnisses. Ganz rechts klatscht Max Klemmer Beifall &#8211; \u00a9 \u201eMGC &#8211; Miss Germany Corporation\u201c<\/span><\/div>\n<h4>\u00dcber den &#8222;Miss Germany-Wettbewerb&#8220;<\/h4>\n<p>Gegr\u00fcndet im Jahr 1927 als reiner Sch\u00f6nheitswettbewerb, hat sich die \u201eMiss Germany\u201c-Wahl unter der Leitung von Max Klemmer, der das Familienunternehmen seit 2019 in dritter Generation f\u00fchrt, zu einer bedeutenden Auszeichnung f\u00fcr Frauen, die Zukunft gestalten, entwickelt.<\/p>\n<p>Die Plattform zeichnet seit 2019 Frauen aus, die in der Gesellschaft Verantwortung \u00fcbernehmen, wobei die fortlaufende Weiterentwicklung und Modernisierung von Miss Germany eine zentrale Rolle spielt. Die \u201eMiss Germany Staffel 2025\/26\u201c hat mit traditionellen Vorstellungen gebrochen. Und auch k\u00fcnftig soll beim dem Award nicht mehr nach den n\u00e4chsten Beauty-Influencerinnen, sondern nach zuk\u00fcnftigen DAX-Vorst\u00e4ndinnen und erfolgreichen Gr\u00fcnderinnen gesucht werden.<\/p>\n<p><strong>Text: MANFRED OSENBERG<\/strong><\/p>\n<div id=\"attachment_91639\" class=\"wp-caption alignnone\" style=\"max-width: 2570px;\"><img loading=\"lazy\" decoding=\"async\" class=\"wp-image-91639 size-full\" src=\"\/wp-content\/uploads\/2026\/05\/MG26-Max-6359-Edited-Looked-Color-A4-300DPI-Adobe_RGB-scaled.jpg\" alt=\"\" width=\"2560\" height=\"1707\" \/><span class=\"wp-caption-text\">Max Klemmer trat in die Fu\u00dfstapfen seines Gro\u00dfvaters Horst Klemmer, beschritt aber in Sachen &#8222;Miss Germany Award&#8220; neue Wege &#8211; \u00a9 \u201eMGC &#8211; Miss Germany Corporation\u201c<\/span><\/div>\n<p>&nbsp;<\/p>\n","protected":false},"excerpt":{"rendered":"<p>Im Europapark in Rust wurde sie im Februar 2012 zur Miss Germany gew\u00e4hlt. Doch die sensationelle Karriere von Isabel G\u00fclck aus Elmshorn begann auf der kleinen Ostfriesischen Insel Wangerooge (1.200 Einwohner). Ihre Fotos aus dem vom Wuppertaler Journalisten Manfred Osenberg gegr\u00fcndeten Nordsee-Magazin \u201eMoin\u201c gingen um die Welt.\u00a0<\/p>\n","protected":false},"author":7,"featured_media":0,"comment_status":"open","ping_status":"open","sticky":false,"template":"","format":"standard","meta":{"footnotes":""},"categories":[25],"tags":[],"class_list":["post-91632","post","type-post","status-publish","format-standard","hentry","category-lifestyle"],"publishpress_future_action":{"enabled":false,"date":"2026-05-09 13:29:24","action":"change-status","newStatus":"draft","terms":[],"taxonomy":"category","extraData":[]},"publishpress_future_workflow_manual_trigger":{"enabledWorkflows":[]},"_links":{"self":[{"href":"https:\/\/www.die-stadtzeitung.de\/index.php\/wp-json\/wp\/v2\/posts\/91632","targetHints":{"allow":["GET"]}}],"collection":[{"href":"https:\/\/www.die-stadtzeitung.de\/index.php\/wp-json\/wp\/v2\/posts"}],"about":[{"href":"https:\/\/www.die-stadtzeitung.de\/index.php\/wp-json\/wp\/v2\/types\/post"}],"author":[{"embeddable":true,"href":"https:\/\/www.die-stadtzeitung.de\/index.php\/wp-json\/wp\/v2\/users\/7"}],"replies":[{"embeddable":true,"href":"https:\/\/www.die-stadtzeitung.de\/index.php\/wp-json\/wp\/v2\/comments?post=91632"}],"version-history":[{"count":6,"href":"https:\/\/www.die-stadtzeitung.de\/index.php\/wp-json\/wp\/v2\/posts\/91632\/revisions"}],"predecessor-version":[{"id":91645,"href":"https:\/\/www.die-stadtzeitung.de\/index.php\/wp-json\/wp\/v2\/posts\/91632\/revisions\/91645"}],"wp:attachment":[{"href":"https:\/\/www.die-stadtzeitung.de\/index.php\/wp-json\/wp\/v2\/media?parent=91632"}],"wp:term":[{"taxonomy":"category","embeddable":true,"href":"https:\/\/www.die-stadtzeitung.de\/index.php\/wp-json\/wp\/v2\/categories?post=91632"},{"taxonomy":"post_tag","embeddable":true,"href":"https:\/\/www.die-stadtzeitung.de\/index.php\/wp-json\/wp\/v2\/tags?post=91632"}],"curies":[{"name":"wp","href":"https:\/\/api.w.org\/{rel}","templated":true}]}}