{"id":91599,"date":"2026-04-28T12:43:58","date_gmt":"2026-04-28T10:43:58","guid":{"rendered":"https:\/\/www.die-stadtzeitung.de\/?p=91599"},"modified":"2026-04-30T12:44:13","modified_gmt":"2026-04-30T10:44:13","slug":"rolf-roew-impressionen-von-einer-emotionalen-reise","status":"publish","type":"post","link":"https:\/\/www.die-stadtzeitung.de\/index.php\/2026\/04\/28\/rolf-roew-impressionen-von-einer-emotionalen-reise\/","title":{"rendered":"Rolf Roew: Impressionen von einer emotionalen Reise"},"content":{"rendered":"<div id=\"attachment_91601\" class=\"wp-caption alignnone\" style=\"max-width: 2372px;\"><img loading=\"lazy\" decoding=\"async\" class=\"wp-image-91601 size-full\" src=\"\/wp-content\/uploads\/2026\/04\/Gondel-Aqua-Alta.jpg\" alt=\"\" width=\"2362\" height=\"1575\" \/><span class=\"wp-caption-text\">Venedig-Impressionen, festgehalten vom Wuppertaler Foto-K\u00fcnstler Rolf Roew &#8211; \u00a9 Rolf Roew<\/span><\/div>\n<p>Rolf Roews Arbeit bewegt sich in einer Tradition, die weg vom rein Abbildhaften die subjektive Wahrnehmung und emotionalerAusdruckskraft in den Fokus stellt. Seine Fotografien sind gepr\u00e4gt von Piktorialismus und unterschiedlichen Graden der Abstraktion, ohne die Gegenst\u00e4ndlichkeit vollst\u00e4ndig aufzul\u00f6sen. Ihre Wirkung entfaltet sich vor allem im Atmosph\u00e4rischen.<\/p>\n<p>Die Bildsprache<span class=\"Apple-converted-space\">\u00a0 <\/span>von Rolf Roew ist ruhig, klar und reduziert, getragen von nat\u00fcrlichen Lichtstimmungen. Viele Serien entstehen \u00fcber mehrere Jahre hinweg durch wiederholte Besuche derselben Orte. H\u00e4ufig arbeitet Rolf Roew in den fr\u00fchen Morgenstunden oder in der D\u00e4mmerung, wenn das weiche Licht die Grenzen zwischen Realit\u00e4t und Imagination aufl\u00f6st. Pr\u00e4gende Einfl\u00fcsse auf sein Werk sind unter anderem Michael Kenna, Saul Leiter, Daido Moriyama sowie Angel Albarran und Anna Cabrera.<\/p>\n<div id=\"attachment_91602\" class=\"wp-caption alignnone\" style=\"max-width: 710px;\"><img loading=\"lazy\" decoding=\"async\" class=\"wp-image-91602 size-full\" src=\"\/wp-content\/uploads\/2026\/04\/Portrait-Rolf.jpg\" alt=\"\" width=\"700\" height=\"1050\" \/><span class=\"wp-caption-text\">Der Wuppertaler Foto-K\u00fcnstler Rolf Roew &#8211; \u00a9 privat<\/span><\/div>\n<p>Rolf Roew stellte seine Arbeiten in Gruppenausstellungen, Pop-up-Galerien und auf Kunstmessen aus, zuletzt 2025 in der Wuppertaler Galerie n46 sowie auf der CAR 2025 und der Discovery Art Cologne 2026.<span class=\"Apple-converted-space\">\u00a0<\/span><\/p>\n<p>2025 nahm er zudem an einem Masterkurs bei dem amerikanischen Fotografen Todd Hido in S\u00fcdfrankreich teil. In den vergangenen Jahren wurde er mehrfach bei internationalen Wettbewerben ausgezeichnet, darunter den International Photography Awards (IPA) und den Tokyo International Photography Awards (TIPA).<\/p>\n<div id=\"attachment_91603\" class=\"wp-caption alignnone\" style=\"max-width: 710px;\"><img loading=\"lazy\" decoding=\"async\" class=\"wp-image-91603 size-full\" src=\"\/wp-content\/uploads\/2026\/04\/Apparition-No.-1.jpg\" alt=\"\" width=\"700\" height=\"1050\" \/><span class=\"wp-caption-text\">Das Werk Apparation Nr. 1 &#8211; \u00a9 Rolf Roew<\/span><\/div>\n<p><strong>Termin:\u00a0<\/strong><\/p>\n<p><strong>Foto-Ausstellung\u00a0<\/strong><\/p>\n<h4>Emotional Journey<\/h4>\n<p><strong>Foto-K\u00fcnstler Rolf Roew<\/strong><\/p>\n<p>Vernissage: 10.05.2026 &#8211; 12:00 Uhr<\/p>\n<p>BKG-Studio &#8211;\u00a0Hofaue 55 (Kolkmannhaus, 3. OG) &#8211;\u00a042103 Wuppertal<\/p>\n<p>Ausstellungsdauer: 10.05.2026 &#8211; 07.06.2026<\/p>\n<p>\u00d6ffnungszeiten: Fr. 18-20 Uhr &#8211; Sa + So. 14-17 Uhr<\/p>\n<p><strong>Link zur Webseite der Bergischen Kunstgenossenschaft BKG:<\/strong><\/p>\n<p><a href=\"http:\/\/www.bkg-wuppertal.de\/\">www.bkg-wuppertal.de<\/a><\/p>\n<p>&nbsp;<\/p>\n","protected":false},"excerpt":{"rendered":"<p>Eine emotionale Reise! In seiner Ausstellung\u00a0\u201eEmotional Journey\u201c\u00a0im BKG-Studio zeigt der Wuppertaler Fotograf Rolf Roew eine Auswahl seiner Arbeiten aus den Jahren 2019 bis 2026. Die Serie umfasst sowohl Schwarz-Wei\u00df- als auch Farbfotografien, in denen Architekturen, Stra\u00dfen- und Landschaftsszenen aus St\u00e4dten wie Venedig, London, Tokio, Neapel und den Liparischen Inseln miteinander in Dialog treten.<\/p>\n","protected":false},"author":7,"featured_media":0,"comment_status":"open","ping_status":"open","sticky":false,"template":"","format":"standard","meta":{"footnotes":""},"categories":[29],"tags":[],"class_list":["post-91599","post","type-post","status-publish","format-standard","hentry","category-kultur"],"publishpress_future_action":{"enabled":false,"date":"2026-05-07 14:48:48","action":"change-status","newStatus":"draft","terms":[],"taxonomy":"category","extraData":[]},"publishpress_future_workflow_manual_trigger":{"enabledWorkflows":[]},"_links":{"self":[{"href":"https:\/\/www.die-stadtzeitung.de\/index.php\/wp-json\/wp\/v2\/posts\/91599","targetHints":{"allow":["GET"]}}],"collection":[{"href":"https:\/\/www.die-stadtzeitung.de\/index.php\/wp-json\/wp\/v2\/posts"}],"about":[{"href":"https:\/\/www.die-stadtzeitung.de\/index.php\/wp-json\/wp\/v2\/types\/post"}],"author":[{"embeddable":true,"href":"https:\/\/www.die-stadtzeitung.de\/index.php\/wp-json\/wp\/v2\/users\/7"}],"replies":[{"embeddable":true,"href":"https:\/\/www.die-stadtzeitung.de\/index.php\/wp-json\/wp\/v2\/comments?post=91599"}],"version-history":[{"count":4,"href":"https:\/\/www.die-stadtzeitung.de\/index.php\/wp-json\/wp\/v2\/posts\/91599\/revisions"}],"predecessor-version":[{"id":91606,"href":"https:\/\/www.die-stadtzeitung.de\/index.php\/wp-json\/wp\/v2\/posts\/91599\/revisions\/91606"}],"wp:attachment":[{"href":"https:\/\/www.die-stadtzeitung.de\/index.php\/wp-json\/wp\/v2\/media?parent=91599"}],"wp:term":[{"taxonomy":"category","embeddable":true,"href":"https:\/\/www.die-stadtzeitung.de\/index.php\/wp-json\/wp\/v2\/categories?post=91599"},{"taxonomy":"post_tag","embeddable":true,"href":"https:\/\/www.die-stadtzeitung.de\/index.php\/wp-json\/wp\/v2\/tags?post=91599"}],"curies":[{"name":"wp","href":"https:\/\/api.w.org\/{rel}","templated":true}]}}