{"id":91578,"date":"2026-04-30T08:19:25","date_gmt":"2026-04-30T06:19:25","guid":{"rendered":"https:\/\/www.die-stadtzeitung.de\/?p=91578"},"modified":"2026-04-30T08:46:41","modified_gmt":"2026-04-30T06:46:41","slug":"zahnarzt-dr-detlef-schulz-hat-mut-zur-luecke","status":"publish","type":"post","link":"https:\/\/www.die-stadtzeitung.de\/index.php\/2026\/04\/30\/zahnarzt-dr-detlef-schulz-hat-mut-zur-luecke\/","title":{"rendered":"Zahnarzt Dr. Detlef Schulz hat &#8222;Mut zur L\u00fccke&#8220;"},"content":{"rendered":"<div id=\"attachment_91589\" class=\"wp-caption alignnone\" style=\"max-width: 1210px;\"><img loading=\"lazy\" decoding=\"async\" class=\"wp-image-91589 size-full\" src=\"\/wp-content\/uploads\/2026\/04\/PHOTO-2026-04-29-23-02-52.jpg\" alt=\"\" width=\"1200\" height=\"755\" \/><span class=\"wp-caption-text\">Dr. Detlef Schulz nach seiner Podcast-Folge mit dem bekannten Essener Pop-Art-K\u00fcnstler Sharyar &#8222;Shary&#8220; Azhdari &#8211; \u00a9 Azadeh Azhdari<\/span><\/div>\n<p>Detlef Schulz ist in einer Zahnarztfamilie aufgewachsen, setzt in seinem Beruf aber ganz andere Priorit\u00e4ten als sein Vater und sein Gro\u00dfvater. \u201eFr\u00fcher waren viele Zahn\u00e4rzte eher Handwerker. Sie haben in erster Linie kaputte Z\u00e4hne repariert oder entfernt. Und das meine ich gar nicht despektierlich oder abwertend.&#8220;<\/p>\n<p>Er selbst hat einen ganz anderen Ansatz. Er definiert seinen Beruf als Zahnheilkunst und bezeichnet sich selbst als \u201eMundgesundheits-Coach\u201c. Einen wesentlichen Schwerpunkt seiner Arbeit sieht er in der Pr\u00e4vention. Dar\u00fcber schreibt er B\u00fccher (u.a. \u201eDer Zahn-Kompass\u201c). Ein weiteres Anliegen ist ihm, dass sich seine Patienten in seiner Praxis richtig wohlf\u00fchlen &#8211; was sich sicher so manch einer nur schwer vorstellen kann.<\/p>\n<h4>Praxis als &#8222;Wohlf\u00fchlen-Oase&#8220;<\/h4>\n<p>Doch Buddha-Figuren, die Farbgebung der R\u00e4ume und die Gestaltung der Decken in den Behandlungsr\u00e4umen sowie die chillige Hintergrundmusik sorgen f\u00fcr ein angenehmes Ambiente, eine Art \u201eWohlf\u00fchl-Oase\u201c.<span class=\"Apple-converted-space\">\u00a0<\/span><\/p>\n<p>Die Anregungen dazu hat er sich auf seinen vielen Reisen nach Asien und den Rest der Welt geholt. So war er bereits in L\u00e4ndern wie \u00c4gypten, Japan, Rum\u00e4nien, S\u00fcdafrika, Portugal, Belgien, \u00d6sterreich, Spanien, Italien, Jordanien oder Zypern unterwegs. Hinzu kommt, dass Dr. Detlef Schulz viel mit seinen Patienten kommuniziert, ihnen mit ruhiger Stimme jeden einzigen Behandlungsschritt erkl\u00e4rt.<\/p>\n<div id=\"attachment_91590\" class=\"wp-caption alignnone\" style=\"max-width: 2570px;\"><img loading=\"lazy\" decoding=\"async\" class=\"wp-image-91590 size-full\" src=\"\/wp-content\/uploads\/2026\/04\/Bild-1.jpg\" alt=\"\" width=\"2560\" height=\"1806\" \/><span class=\"wp-caption-text\">Dr. Detlef Schulz in einem Behandlungsstuhl seiner &#8222;Wohlf\u00fchl&#8220;-Praxis, in der er seinen Patienten jede Angst vor dem Zahnarzt nimmt &#8211; \u00a9 Paul Coon<\/span><\/div>\n<p>Seine Message: Niemand soll Angst vor einer Zahnarzt-Behandlung haben! Das Angstgef\u00fchl kennt er selbst in allen Facetten. Der leidenschaftliche Motorradfahrer hat sich in seiner Freizeit, schon allein wegen seines Faibles f\u00fcr \u201eExtremsport\u201c, immer wieder mit Thema, wie man seinen \u201einneren Schweinehund\u201c besiegen kann, auseinandergesetzt. Und er selbst ging dabei oft auch an Grenzen, ob beim Paragliden, Fallschirmspringen, Bungeejumping, beim House Running oder beim Fliegen. Und \u00fcberall hat er es geschafft, seine Angst letztendlich erfolgreich zu besiegen. Er kann also nachempfinden, was seine Patienten f\u00fchlen, wenn sie in seiner Praxis im Behandlungsstuhl sitzen.<\/p>\n<p>Vielleicht aber war auch Maskottchen \u201eBackie\u201c sein &#8222;Schutzengel&#8220;, ein Backenzahn aus Stoff, der ihn immer auf Reisen begleitet. Einen solchen Schutzengel braucht Dr. Detlef Schulz bei seinem neuesten Projekt, dem Podcast \u201eMut zur L\u00fccke\u201c nicht, sondern nur Gespr\u00e4chspartner, die eine spannende Geschichte zu erz\u00e4hlen haben. Der umtriebige Zahn-Mediziner erkl\u00e4rt seinen Ansatz: \u201eMeine Protagonisten sind interessante Pers\u00f6nlichkeiten, die auf eine au\u00dfergew\u00f6hnliche Lebensgeschichte verweisen k\u00f6nnen, ohne unbedingt im gro\u00dfen Rampenlicht zu stehen.\u201c<\/p>\n<h4>Vom Pop-Art-K\u00fcnstler bis zum Seelsorger<\/h4>\n<p>Vorgestellt hat er bislang in seinem Podcast \u201eMut zur L\u00fccke\u201c: Den \u201eAuto-Verw\u00f6hner\u201c Peter Schneider (Garage 13) aus Essen, den D\u00fcsseldorfer Uhrarmband-K\u00fcnstler Mohammad Sartipi, Tischtennis-Profispielerin Olga Koop, Ex-Theater-Prinzipal Christian Stratmann, Rino Frattesi, Patron des Essener Szene-Restaurants \u201eLa Grappa\u201c, den Seelsorger und Pfarrer Steffen Hunder, Dental-Labor-Besitzer Peter Kappert, den Essener Pop-Art-K\u00fcnstler Sharyar Azhdari und Audi-Verkaufs-Kanone Andreas \u201eAgent\u201c Hofer.<\/p>\n<p>Man gespannt, wem Dr. Detlef Schulz demn\u00e4chst in seinem Podcast \u201eMut zu L\u00fccke\u201c auf den Zahn f\u00fchlt. In seiner Praxis w\u00fcrde es jedenfalls hei\u00dfen: \u201eDer N\u00e4chste bitte!\u201c<\/p>\n<p><b>Text Peter Pionke<\/b><\/p>\n<div id=\"attachment_91591\" class=\"wp-caption alignnone\" style=\"max-width: 1189px;\"><img loading=\"lazy\" decoding=\"async\" class=\"wp-image-91591 size-full\" src=\"\/wp-content\/uploads\/2026\/04\/PHOTO-2026-04-29-22-44-02.jpg\" alt=\"\" width=\"1179\" height=\"705\" \/><span class=\"wp-caption-text\">Dr. Detlef Schulz w\u00e4hrend seines Podcasts mit Rino Frattesi, langj\u00e4hriger Inhaber des italienischen Edel-Restaurants &#8222;La Grappa&#8220; in Essen &#8211; \u00a9 privat<\/span><\/div>\n<p><strong>Interesse den bisherigen Podcasts von Dr. Detlef Schulz? Hier finden Sie alle Folgen und hier k\u00f6nnen Sie auch den Podcast-Kanal\u00a0<\/strong><b>abonnieren:<\/b><\/p>\n<p><a href=\"https:\/\/www.youtube.com\/@MUTZURL\u00dcCKE-DerPodcast\">https:\/\/www.youtube.com\/@MUTZURL\u00dcCKE-DerPodcast<\/a><\/p>\n<p><strong>Link zur Webseite von Zahnarzt Dr. Detlef Schulz:<\/strong><\/p>\n<p><a href=\"http:\/\/www.zahnheilkunst-essen.de\">http:\/\/www.zahnheilkunst-essen.de<\/a><\/p>\n","protected":false},"excerpt":{"rendered":"<p>Zahn-Mediziner, Weltenbummler, Sch\u00f6ngeist, Podcaster. Das ist die Kurzbeschreibung des Essener Zahnarztes Dr. Detlef Schulz, der losgel\u00f6st von seinem Praxis-Alltag spannenden Gespr\u00e4chspartnern in \u201eMut zur L\u00fccke\u201c, seinem regelm\u00e4ssigen Podcast, \u201ebohrende\u201c Fragen stellt. \u00a0<\/p>\n","protected":false},"author":7,"featured_media":0,"comment_status":"open","ping_status":"open","sticky":false,"template":"","format":"standard","meta":{"footnotes":""},"categories":[25],"tags":[],"class_list":["post-91578","post","type-post","status-publish","format-standard","hentry","category-lifestyle"],"publishpress_future_action":{"enabled":false,"date":"2026-05-07 10:48:57","action":"change-status","newStatus":"draft","terms":[],"taxonomy":"category","extraData":[]},"publishpress_future_workflow_manual_trigger":{"enabledWorkflows":[]},"_links":{"self":[{"href":"https:\/\/www.die-stadtzeitung.de\/index.php\/wp-json\/wp\/v2\/posts\/91578","targetHints":{"allow":["GET"]}}],"collection":[{"href":"https:\/\/www.die-stadtzeitung.de\/index.php\/wp-json\/wp\/v2\/posts"}],"about":[{"href":"https:\/\/www.die-stadtzeitung.de\/index.php\/wp-json\/wp\/v2\/types\/post"}],"author":[{"embeddable":true,"href":"https:\/\/www.die-stadtzeitung.de\/index.php\/wp-json\/wp\/v2\/users\/7"}],"replies":[{"embeddable":true,"href":"https:\/\/www.die-stadtzeitung.de\/index.php\/wp-json\/wp\/v2\/comments?post=91578"}],"version-history":[{"count":10,"href":"https:\/\/www.die-stadtzeitung.de\/index.php\/wp-json\/wp\/v2\/posts\/91578\/revisions"}],"predecessor-version":[{"id":91593,"href":"https:\/\/www.die-stadtzeitung.de\/index.php\/wp-json\/wp\/v2\/posts\/91578\/revisions\/91593"}],"wp:attachment":[{"href":"https:\/\/www.die-stadtzeitung.de\/index.php\/wp-json\/wp\/v2\/media?parent=91578"}],"wp:term":[{"taxonomy":"category","embeddable":true,"href":"https:\/\/www.die-stadtzeitung.de\/index.php\/wp-json\/wp\/v2\/categories?post=91578"},{"taxonomy":"post_tag","embeddable":true,"href":"https:\/\/www.die-stadtzeitung.de\/index.php\/wp-json\/wp\/v2\/tags?post=91578"}],"curies":[{"name":"wp","href":"https:\/\/api.w.org\/{rel}","templated":true}]}}