{"id":91552,"date":"2026-04-28T11:50:56","date_gmt":"2026-04-28T09:50:56","guid":{"rendered":"https:\/\/www.die-stadtzeitung.de\/?p=91552"},"modified":"2026-04-28T11:51:41","modified_gmt":"2026-04-28T09:51:41","slug":"stabwechsel-in-der-geschaeftsleitung-des-helios-klinikums","status":"publish","type":"post","link":"https:\/\/www.die-stadtzeitung.de\/index.php\/2026\/04\/28\/stabwechsel-in-der-geschaeftsleitung-des-helios-klinikums\/","title":{"rendered":"Stabwechsel in der Gesch\u00e4ftsleitung des Helios-Klinikums"},"content":{"rendered":"<div id=\"attachment_91554\" class=\"wp-caption alignnone\" style=\"max-width: 1163px;\"><img loading=\"lazy\" decoding=\"async\" class=\"wp-image-91554 size-full\" src=\"\/wp-content\/uploads\/2026\/04\/HUKW-KGF-Wechsel.jpeg\" alt=\"\" width=\"1153\" height=\"879\" \/><span class=\"wp-caption-text\">Rungfa Saligmann tritt die Nachfolge von Dr. Holger Raphael an, der 15 Jahre in verschiedenen Gesch\u00e4ftsf\u00fchrungspositionen innerhalb des Helios-Konzerns t\u00e4tig war &#8211; \u00a9 Helios Universit\u00e4tsklinikum Wuppertal<\/span><\/div>\n<p>In dieser Rolle \u00fcbernimmt sie von Dr. Raphael zudem die Leitung der bundesweiten Helios-Fachgruppe der Klinikgesch\u00e4ftsf\u00fchrer. Um eine l\u00fcckenlose Fortf\u00fchrung aller strategischen Projekte zu garantieren, gestalten beide eine enge gemeinsame \u00dcbergangsphase und f\u00fchren das Haus bis zum Ausscheiden von Dr. Raphael Hand in Hand.<\/p>\n<p>Der erfahrene Klinikmanager war \u00fcber 15 Jahre in verschiedenen Gesch\u00e4ftsf\u00fchrungspositionen innerhalb des Konzerns t\u00e4tig und leitete dar\u00fcber hinaus rund f\u00fcnf Jahre lang die entsprechende Fachgruppe.<\/p>\n<h4>Besonnen und pragmatisch<\/h4>\n<p>\u201eMit seiner besonnenen und pragmatischen Art sowie seinem ausgepr\u00e4gten Verst\u00e4ndnis f\u00fcr das Unternehmen und seine Mitarbeitenden hat Dr. Raphael ma\u00dfgeblich zur erfolgreichen Entwicklung verschiedener Standorte beigetragen. F\u00fcr sein langj\u00e4hriges Engagement danken wir ihm herzlich und w\u00fcnschen ihm f\u00fcr die Zukunft beruflich wie privat alles Gute\u201c, sagt Reiner Micholka, Helios-Regionalgesch\u00e4ftsf\u00fchrer West.<\/p>\n<p>Mit Rungfa Saligmann \u00fcbernimmt eine erfahrene F\u00fchrungskraft aus den eigenen Helios-Familie die Verantwortung. Die Betriebswirtin ist seit 2014 in verschiedenen Managementfunktionen im Unternehmen t\u00e4tig. Unter anderem f\u00fchrte sie das Helios Klinikum Bonn\/Rhein-Sieg erfolgreich durch einen Tr\u00e4gerwechsel und war zuletzt Klinikgesch\u00e4ftsf\u00fchrerin der Helios HSK.<span class=\"Apple-converted-space\">\u00a0<\/span><\/p>\n<p><strong>Link zur Webseite des Heilios Klinikums Wuppertal:<\/strong><\/p>\n<p><a href=\"http:\/\/www.helios-gesundheit.de\/wuppertal\">http:\/\/www.helios-gesundheit.de\/wuppertal<\/a><\/p>\n","protected":false},"excerpt":{"rendered":"<p>Am Helios Universit\u00e4tsklinikum Wuppertal (HUKW) gibt es einen Stabwechsel: Dr. Holger Raphael wird das Unternehmen Ende Juli verlassen, um sich neuen beruflichen Herausforderungen zu widmen. Seine Nachfolge tritt Rungfa Saligmann an, die bereits zum 1. Mai 2026 als Klinikgesch\u00e4ftsf\u00fchrerin und Leiterin des Helios Clusters Bergisches Land startet.\u00a0<\/p>\n","protected":false},"author":7,"featured_media":0,"comment_status":"open","ping_status":"open","sticky":false,"template":"","format":"standard","meta":{"footnotes":""},"categories":[22],"tags":[],"class_list":["post-91552","post","type-post","status-publish","format-standard","hentry","category-wirtschaft"],"publishpress_future_action":{"enabled":false,"date":"2026-05-05 14:48:27","action":"change-status","newStatus":"draft","terms":[],"taxonomy":"category","extraData":[]},"publishpress_future_workflow_manual_trigger":{"enabledWorkflows":[]},"_links":{"self":[{"href":"https:\/\/www.die-stadtzeitung.de\/index.php\/wp-json\/wp\/v2\/posts\/91552","targetHints":{"allow":["GET"]}}],"collection":[{"href":"https:\/\/www.die-stadtzeitung.de\/index.php\/wp-json\/wp\/v2\/posts"}],"about":[{"href":"https:\/\/www.die-stadtzeitung.de\/index.php\/wp-json\/wp\/v2\/types\/post"}],"author":[{"embeddable":true,"href":"https:\/\/www.die-stadtzeitung.de\/index.php\/wp-json\/wp\/v2\/users\/7"}],"replies":[{"embeddable":true,"href":"https:\/\/www.die-stadtzeitung.de\/index.php\/wp-json\/wp\/v2\/comments?post=91552"}],"version-history":[{"count":4,"href":"https:\/\/www.die-stadtzeitung.de\/index.php\/wp-json\/wp\/v2\/posts\/91552\/revisions"}],"predecessor-version":[{"id":91557,"href":"https:\/\/www.die-stadtzeitung.de\/index.php\/wp-json\/wp\/v2\/posts\/91552\/revisions\/91557"}],"wp:attachment":[{"href":"https:\/\/www.die-stadtzeitung.de\/index.php\/wp-json\/wp\/v2\/media?parent=91552"}],"wp:term":[{"taxonomy":"category","embeddable":true,"href":"https:\/\/www.die-stadtzeitung.de\/index.php\/wp-json\/wp\/v2\/categories?post=91552"},{"taxonomy":"post_tag","embeddable":true,"href":"https:\/\/www.die-stadtzeitung.de\/index.php\/wp-json\/wp\/v2\/tags?post=91552"}],"curies":[{"name":"wp","href":"https:\/\/api.w.org\/{rel}","templated":true}]}}