{"id":91512,"date":"2026-04-27T15:43:56","date_gmt":"2026-04-27T13:43:56","guid":{"rendered":"https:\/\/www.die-stadtzeitung.de\/?p=91512"},"modified":"2026-04-27T15:43:56","modified_gmt":"2026-04-27T13:43:56","slug":"taltalk-geht-diesmal-auf-tauchstation","status":"publish","type":"post","link":"https:\/\/www.die-stadtzeitung.de\/index.php\/2026\/04\/27\/taltalk-geht-diesmal-auf-tauchstation\/","title":{"rendered":"&#8222;TalTalk&#8220; geht diesmal auf Tauchstation"},"content":{"rendered":"<div id=\"attachment_91515\" class=\"wp-caption alignnone\" style=\"max-width: 2570px;\"><img loading=\"lazy\" decoding=\"async\" class=\"wp-image-91515 size-full\" src=\"\/wp-content\/uploads\/2026\/04\/marco-lombardo-W.Sondermann-1382-scaled.jpg\" alt=\"\" width=\"2560\" height=\"1707\" \/><span class=\"wp-caption-text\">Marco Lombard, bekannt aus der WDR-Sendung &#8222;Lokalzeit Bergisch Land&#8220; ist Journalist, TV- und B\u00fchnenmoderator sowie Singer-Songwriter &#8211; \u00a9 Wolf Sondermann<\/span><\/div>\n<h4>Dr. Frauke Bagusche &#8211; Die Stimme der verborgenen Ozeane<\/h4>\n<p>Sie taucht dorthin ab, wo kaum jemand hinsieht und bringt die verborgenen Wunder der Ozeane ans Licht: Frau Dr. Frauke Bagusche ist Meeresbiologin und eine der eindrucksvollsten Stimmen f\u00fcr den Schutz unserer Meere. Mit Leidenschaft, wissenschaftlicher Expertise und packenden Geschichten aus der Unterwasserwelt begeistert sie mit ihrem Buch \u201cDas blaue Wunder\u201d ein breites Publikum. Ob leuchtende Korallenriffe, geheimnisvolle Tiefsee oder die unsichtbare Welt des Planktons.<\/p>\n<p>Dr. Bagusche zeigt in ihren B\u00fcchern, warum das Meer ein Schl\u00fcssel zu unserem Klima, unserer Zukunft und unserem eigenen \u00dcberleben ist.<\/p>\n<div id=\"attachment_91516\" class=\"wp-caption alignnone\" style=\"max-width: 2570px;\"><img loading=\"lazy\" decoding=\"async\" class=\"wp-image-91516 size-full\" src=\"\/wp-content\/uploads\/2026\/04\/Frauke-27-scaled.jpg\" alt=\"\" width=\"2560\" height=\"1707\" \/><span class=\"wp-caption-text\">Die Meeresbiologin und mehrfache Buchautorin Dr. Frauke Bagusche &#8211; \u00a9 privat<\/span><\/div>\n<h4>Marco Lombardo &#8211; Der Begleiter f\u00fcrs Innen und Au\u00dfen<\/h4>\n<p>Marco Lombardo ist Journalist, TV- und B\u00fchnenmoderator und seit vielen Jahren eines der Gesichter der \u201eLokalzeit Bergisches Land\u201c im WDR. Dar\u00fcber hinaus arbeitet er als Atem- und Bewusstseinstrainer, M\u00e4nnercoach und Dozent an der Musikhochschule K\u00f6ln. Als Singer, Songwriter und Singleiter bringt er Menschen auch \u00fcber die Musik zusammen. Sein Engagement zeigt sich zudem in Botschafterrollen f\u00fcr das Bergische Kinder- und Jugendhospiz Burgholz sowie f\u00fcr den Verein \u201eSingende Krankenh\u00e4user\u201c. In all seinen T\u00e4tigkeiten geht es ihm darum, Menschen n\u00e4her zu sich selbst und zueinander zu f\u00fchren.<\/p>\n<div id=\"attachment_91514\" class=\"wp-caption alignnone\" style=\"max-width: 1499px;\"><img loading=\"lazy\" decoding=\"async\" class=\"wp-image-91514 size-full\" src=\"\/wp-content\/uploads\/2026\/04\/Tobias-Lohf_Trunk_Kamera-2.jpg\" alt=\"\" width=\"1489\" height=\"1090\" \/><span class=\"wp-caption-text\">Tobias Lohf, Filmproduzent sowie Mitgr\u00fcnder der Produktionsfirma &#8222;Outside the Club&#8220; &#8211; \u00a9 Trunk<\/span><\/div>\n<h4>Tobias Lohf &#8211; Der Architekt moderner Serienwelten<\/h4>\n<p>Tobias Lohf stammt aus Wuppertal und ist Filmproduzent sowie Mitgr\u00fcnder der Produktionsfirma Outside the Club. Mit der vielfach ausgezeichneten Mystery-Serie \u201eWishlist\u201c gelang ihm der Durchbruch; es folgten internationale Streaming-Produktionen, darunter Projekte f\u00fcr Prime Video sowie Beteiligungen an erfolgreichen Netflix-Formaten wie \u201eHow to Sell Drugs Online (Fast)\u201c. Lohf steht f\u00fcr innovative Stoffe, starke visuelle Konzepte und moderne Erz\u00e4hlformen und arbeitet derzeit an weiteren Film- und Serienprojekten f\u00fcr Kino und Streaming.<\/p>\n<div id=\"attachment_91517\" class=\"wp-caption alignnone\" style=\"max-width: 235px;\"><img loading=\"lazy\" decoding=\"async\" class=\"wp-image-91517 size-full\" src=\"\/wp-content\/uploads\/2026\/04\/Andrea-Hedermann.jpeg\" alt=\"\" width=\"225\" height=\"177\" \/><span class=\"wp-caption-text\">Andrea Hedemann von &#8222;Jugend- &amp; Kinderfarm&#8220; &#8211; \u00a9 privat<\/span><\/div>\n<h4>Andrea Hedemann &#8211; Die Br\u00fcckenbauerin f\u00fcr die n\u00e4chste Generation<\/h4>\n<p>Andrea Hedemann aus Wuppertal engagiert sich seit vielen Jahren f\u00fcr Kinder und Jugendliche in der Stadt. Ein besonderer Schwerpunkt ihres Einsatzes liegt bei der Kinder- und Jugendfarm Wuppertal e.V., wo sie sich in verschiedenen Funktionen aktiv einbringt und heute im Beirat t\u00e4tig ist. Die Einrichtung bietet jungen Menschen die M\u00f6glichkeit, Natur und Tiere unmittelbar zu erleben, Verantwortung zu \u00fcbernehmen und gemeinschaftliche Erfahrungen zu sammeln. F\u00fcr ihr langj\u00e4hriges gesellschaftliches Engagement wurde Andrea Hedemann unter anderem mit dem Bundesverdienstkreuz ausgezeichnet.<\/p>\n<div id=\"attachment_91519\" class=\"wp-caption alignnone\" style=\"max-width: 610px;\"><img loading=\"lazy\" decoding=\"async\" class=\"wp-image-91519 size-full\" src=\"\/wp-content\/uploads\/2026\/04\/TalTalk-Bild.png\" alt=\"\" width=\"600\" height=\"400\" \/><span class=\"wp-caption-text\">Plakat zum Event &#8211; \u00a9 TalTalk<\/span><\/div>\n<p><strong>Termin:<span class=\"Apple-converted-space\">\u00a0<\/span><\/strong><\/p>\n<h4>TalTalk<\/h4>\n<p><strong>Mit: Dr. Frauke Bagusche &#8211; Marco Lombardo Tobias Lohn &#8211; Andrea Hedemann<\/strong><\/p>\n<p><strong>Moderation: Gabriele Sch\u00e4fer &amp; Michael Schmidt-Russnak<\/strong><\/p>\n<p>Mittwoch &#8211; 06.05.2026 &#8211; 19:30 Uhr &#8211; Einlass 18:30 Uhr<span class=\"Apple-converted-space\">\u00a0<\/span><\/p>\n<p>Gesellschaft Concordia &#8211; Orth 48 &#8211; 42275 Wuppertal<span class=\"Apple-converted-space\">\u00a0<\/span><\/p>\n<p>Tickets unter\u00a0<a href=\"http:\/\/www.wuppertal-live.de\">http:\/\/www.wuppertal-live.de<\/a><\/p>\n","protected":false},"excerpt":{"rendered":"<p>Das n\u00e4chste \u201eTalTalk\u201c-Event in der Gesellschaft Concordia wirft seine Schatten voraus! Am Mittwoch (06.05.) um 19:30 Uhr pr\u00e4sentieren Gabriele Sch\u00e4fer und Michael Schmidt-Russnak wieder vier hochkar\u00e4tige G\u00e4ste: Dr. Frauke Bagusche, Marco Lombardo, Tobias Lohf und Andrea Heidemann.\u00a0<\/p>\n","protected":false},"author":7,"featured_media":0,"comment_status":"open","ping_status":"open","sticky":false,"template":"","format":"standard","meta":{"footnotes":""},"categories":[29],"tags":[],"class_list":["post-91512","post","type-post","status-publish","format-standard","hentry","category-kultur"],"publishpress_future_action":{"enabled":false,"date":"2026-05-04 19:11:47","action":"change-status","newStatus":"draft","terms":[],"taxonomy":"category","extraData":[]},"publishpress_future_workflow_manual_trigger":{"enabledWorkflows":[]},"_links":{"self":[{"href":"https:\/\/www.die-stadtzeitung.de\/index.php\/wp-json\/wp\/v2\/posts\/91512","targetHints":{"allow":["GET"]}}],"collection":[{"href":"https:\/\/www.die-stadtzeitung.de\/index.php\/wp-json\/wp\/v2\/posts"}],"about":[{"href":"https:\/\/www.die-stadtzeitung.de\/index.php\/wp-json\/wp\/v2\/types\/post"}],"author":[{"embeddable":true,"href":"https:\/\/www.die-stadtzeitung.de\/index.php\/wp-json\/wp\/v2\/users\/7"}],"replies":[{"embeddable":true,"href":"https:\/\/www.die-stadtzeitung.de\/index.php\/wp-json\/wp\/v2\/comments?post=91512"}],"version-history":[{"count":4,"href":"https:\/\/www.die-stadtzeitung.de\/index.php\/wp-json\/wp\/v2\/posts\/91512\/revisions"}],"predecessor-version":[{"id":91521,"href":"https:\/\/www.die-stadtzeitung.de\/index.php\/wp-json\/wp\/v2\/posts\/91512\/revisions\/91521"}],"wp:attachment":[{"href":"https:\/\/www.die-stadtzeitung.de\/index.php\/wp-json\/wp\/v2\/media?parent=91512"}],"wp:term":[{"taxonomy":"category","embeddable":true,"href":"https:\/\/www.die-stadtzeitung.de\/index.php\/wp-json\/wp\/v2\/categories?post=91512"},{"taxonomy":"post_tag","embeddable":true,"href":"https:\/\/www.die-stadtzeitung.de\/index.php\/wp-json\/wp\/v2\/tags?post=91512"}],"curies":[{"name":"wp","href":"https:\/\/api.w.org\/{rel}","templated":true}]}}