{"id":90705,"date":"2026-03-15T07:29:44","date_gmt":"2026-03-15T06:29:44","guid":{"rendered":"https:\/\/www.die-stadtzeitung.de\/?p=90705"},"modified":"2026-03-17T07:33:54","modified_gmt":"2026-03-17T06:33:54","slug":"wuppertaler-kurrende-praesentiert-passionskonzert","status":"publish","type":"post","link":"https:\/\/www.die-stadtzeitung.de\/index.php\/2026\/03\/15\/wuppertaler-kurrende-praesentiert-passionskonzert\/","title":{"rendered":"Wuppertaler Kurrende pr\u00e4sentiert Passionskonzert"},"content":{"rendered":"<div id=\"attachment_66431\" class=\"wp-caption alignnone\" style=\"max-width: 2570px;\"><img loading=\"lazy\" decoding=\"async\" class=\"size-full wp-image-66431\" src=\"\/wp-content\/uploads\/2023\/06\/WK_chorfoto_friedhofskirche_untoldunseen-1-1-2-scaled.jpeg\" alt=\"\" width=\"2560\" height=\"1707\" \/><span class=\"wp-caption-text\">Der erfolgreiche Wuppertaler Knabenchor Kurrende gibt in der Kirche St. Johann Baptist in Barmen ein feierliches Passionskonzert &#8211; \u00a9 Wuppertaler Kurrende<\/span><\/div>\n<p style=\"font-weight: 400;\">Der Konzertchor der Kurrende sowie die Nachwuchsch\u00f6re musizieren gemeinsam mit dem Kirchenmusikdirektor Jens-Peter Enk und der Cellistin Bettina Baumann in einem Programm, das verschiedene musikalische Epochen und Ausdrucksformen miteinander verbindet.<\/p>\n<p style=\"font-weight: 400;\">Ausgangspunkt des Abends ist die Auseinandersetzung mit der Endlichkeit des Lebens. Werke der Romantik, etwa von Johannes Brahms und Felix Mendelssohn Bartholdy, greifen die gro\u00dfen Fragen von Leid, Tod und menschlicher Verzweiflung auf und verleihen ihnen eine eindringliche musikalische Sprache. Unter anderem pr\u00e4sentiert der Konzertchor die gro\u00dfe doppelch\u00f6rige Motette mit Soli \u201eMein Gott, warum hast du mich verlassen\u201c.<\/p>\n<p style=\"font-weight: 400;\">Chor\u00e4le und geistliche Werke er\u00f6ffnen dabei einen Raum der stillen Betrachtung und f\u00fchren tief in die Atmosph\u00e4re der Passionszeit hinein. Im Zentrum des Konzertes, das unter der Leitung von Lukas Baumann steht, erklingt das etwa f\u00fcnfzehnmin\u00fctige barocke Werk \u201eMusic for the Funeral of Queen Mary\u201c von Henry Purcell. Der Chor singt daraus drei S\u00e4tze, die jeweils von instrumentalen Trauerm\u00e4rschen unterbrochen werden. Die eindringliche Musik des englischen Komponisten bildet einen emotionalen Mittelpunkt des Programms.<\/p>\n<div id=\"attachment_54921\" class=\"wp-caption alignnone\" style=\"max-width: 1052px;\"><img loading=\"lazy\" decoding=\"async\" class=\"size-full wp-image-54921\" src=\"\/wp-content\/uploads\/2022\/08\/1200598-2-3.jpeg\" alt=\"\" width=\"1042\" height=\"894\" \/><span class=\"wp-caption-text\">Lukas Baumann, der Musikalische Leiter der Kurrende im Kreise seiner jungen Chormitglieder &#8211; \u00a9 Wuppertaler Kurrende<\/span><\/div>\n<p style=\"font-weight: 400;\">Im weiteren Verlauf des Abends \u00f6ffnet sich der Blick zunehmend: Musik des 19. und 20. Jahrhunderts f\u00fchrt von der existenziellen Klage hin zu Vertrauen und Zuversicht. Die Gewissheit g\u00f6ttlichen Friedens, die Hoffnung auf Erl\u00f6sung und die Perspektive des Paradieses treten dabei immer st\u00e4rker in den Mittelpunkt. Auch die jungen S\u00e4nger der Nachwuchsch\u00f6re unter der Leitung von Caroline Huppert gestalten einen eigenen Programmteil. I<\/p>\n<p style=\"font-weight: 400;\">hre Lieder greifen Themen des Suchens, Fragens und Unterwegsseins im Glauben auf und setzen damit einen hoffnungsvollen Akzent innerhalb des Programms. So spannt das Konzert einen gro\u00dfen musikalischen und inhaltlichen Bogen: von der Konfrontation mit Tod und Leid hin zu Trost, Frieden und Hoffnung.<\/p>\n<p><strong>Termin:\u00a0<\/strong><\/p>\n<h4>Kurrende Wuppertal<\/h4>\n<p>Konzert zur Passions-Zeit<\/p>\n<p>Konzertchor &amp; Nachwuchschor<\/p>\n<p><strong>Leitung:<\/strong> Lukas Baumann &#8211; Caroline Huppert<\/p>\n<p>Kirchenmuskdirektor Jens-Peter Enk<\/p>\n<p>Bettina Baumann &#8211; Cello<\/p>\n<p>Sonntag &#8211; 22.03.2026 &#8211; 17:00 Uhr<\/p>\n<p>Kirche St. Johann Baptist &#8211; Normannstr. 73 &#8211; 42277 Wuppertal<\/p>\n<p>Tickets unter\u00a0<a href=\"http:\/\/www.wuppertal-live.de\">http:\/\/www.wuppertal-live.de<\/a><\/p>\n<p>und an der Abendkasse<\/p>\n<p style=\"font-weight: 400;\">\n","protected":false},"excerpt":{"rendered":"<p>Es wird ein Konzert sein, das den gro\u00dfen Bogen menschlicher Erfahrungen zwischen Verg\u00e4nglichkeit, Klage und Trost nachzeichnet. Die Wuppertaler Kurrende gibt am Sonntag (22.03.) in der Kirche St. Johann Baptist in Barmen ein Passionskonzert.<\/p>\n","protected":false},"author":7,"featured_media":0,"comment_status":"open","ping_status":"open","sticky":false,"template":"","format":"standard","meta":{"footnotes":""},"categories":[29],"tags":[],"class_list":["post-90705","post","type-post","status-publish","format-standard","hentry","category-kultur"],"publishpress_future_action":{"enabled":false,"date":"2026-05-08 20:35:55","action":"change-status","newStatus":"draft","terms":[],"taxonomy":"category","extraData":[]},"publishpress_future_workflow_manual_trigger":{"enabledWorkflows":[]},"_links":{"self":[{"href":"https:\/\/www.die-stadtzeitung.de\/index.php\/wp-json\/wp\/v2\/posts\/90705","targetHints":{"allow":["GET"]}}],"collection":[{"href":"https:\/\/www.die-stadtzeitung.de\/index.php\/wp-json\/wp\/v2\/posts"}],"about":[{"href":"https:\/\/www.die-stadtzeitung.de\/index.php\/wp-json\/wp\/v2\/types\/post"}],"author":[{"embeddable":true,"href":"https:\/\/www.die-stadtzeitung.de\/index.php\/wp-json\/wp\/v2\/users\/7"}],"replies":[{"embeddable":true,"href":"https:\/\/www.die-stadtzeitung.de\/index.php\/wp-json\/wp\/v2\/comments?post=90705"}],"version-history":[{"count":5,"href":"https:\/\/www.die-stadtzeitung.de\/index.php\/wp-json\/wp\/v2\/posts\/90705\/revisions"}],"predecessor-version":[{"id":90720,"href":"https:\/\/www.die-stadtzeitung.de\/index.php\/wp-json\/wp\/v2\/posts\/90705\/revisions\/90720"}],"wp:attachment":[{"href":"https:\/\/www.die-stadtzeitung.de\/index.php\/wp-json\/wp\/v2\/media?parent=90705"}],"wp:term":[{"taxonomy":"category","embeddable":true,"href":"https:\/\/www.die-stadtzeitung.de\/index.php\/wp-json\/wp\/v2\/categories?post=90705"},{"taxonomy":"post_tag","embeddable":true,"href":"https:\/\/www.die-stadtzeitung.de\/index.php\/wp-json\/wp\/v2\/tags?post=90705"}],"curies":[{"name":"wp","href":"https:\/\/api.w.org\/{rel}","templated":true}]}}