{"id":90695,"date":"2026-03-17T07:27:42","date_gmt":"2026-03-17T06:27:42","guid":{"rendered":"https:\/\/www.die-stadtzeitung.de\/?p=90695"},"modified":"2026-03-17T15:01:07","modified_gmt":"2026-03-17T14:01:07","slug":"ein-stueck-mit-tanz-ein-gelungenes-kunst-experiment","status":"publish","type":"post","link":"https:\/\/www.die-stadtzeitung.de\/index.php\/2026\/03\/17\/ein-stueck-mit-tanz-ein-gelungenes-kunst-experiment\/","title":{"rendered":"\u201eEin St\u00fcck mit Tanz\u201c &#8211; ein gelungenes Kunst-Experiment"},"content":{"rendered":"<div id=\"attachment_90697\" class=\"wp-caption alignnone\" style=\"max-width: 2570px;\"><img loading=\"lazy\" decoding=\"async\" class=\"wp-image-90697 size-full\" src=\"\/wp-content\/uploads\/2026\/03\/3347_frei-scaled.jpg\" alt=\"\" width=\"2560\" height=\"1707\" \/><span class=\"wp-caption-text\">Eine Szene aus dem beeindruckenden Projekt &#8222;Ein St\u00fcck mit Tanz&#8220; von Rainer Behr &#8211; \u00a9 Ralf Silberkuhl<\/span><\/div>\n<p>Der Choreograph Rainer Behr ist langj\u00e4hriges Mitglied des Tanztheaters Wuppertal Pina Bausch. Wer wurde in Neustadt an der Waldnaab geboren. Er absolvierte in Berlin eine Ausbildung als Gymnastiklehrer und studierte anschlie\u00dfend an der Folkwang-Hochschule in Essen Tanz. 1995 wurde er Mitglied des Tanztheaters Pina Bausch in Wuppertal.<\/p>\n<p>Als Choreograph schuf Rainer Behr eigene, viel beachtete St\u00fccke wie &#8222;Die Wendung der Dinge&#8220;, &#8222;Rote Rosen&#8220;, &#8222;Einsames K\u00f6nigreich&#8220;, &#8222;Schlafende Frau &#8220; und eben das partizipative Tanzprojekt &#8222;Ein St\u00fcck mit Tanz&#8220;. Der 64j\u00e4hrige K\u00fcnstler gilt als &#8222;Meister der Reduktion&#8220;.<\/p>\n<div id=\"attachment_90698\" class=\"wp-caption alignnone\" style=\"max-width: 2570px;\"><img loading=\"lazy\" decoding=\"async\" class=\"wp-image-90698 size-full\" src=\"\/wp-content\/uploads\/2026\/03\/3592_frei-scaled.jpg\" alt=\"\" width=\"2560\" height=\"2065\" \/><span class=\"wp-caption-text\">Impressionen aus &#8222;Ein St\u00fcck mit Tanz&#8220;: Ein sehr gelungenes Generationen \u00fcbergreifendes Projekt &#8211; \u00a9 Ralf Silberkuhl<\/span><\/div>\n<p>Der T\u00e4nzer und Choreograph Rainer Behr (62) beschreibt sein Projekt: \u201eEin leerer Raum, und Menschen darin. Suchen nach einer Sprache, f\u00fcr das, was uns bewegt. Suchen Fragen und Aufgaben, sehen nach innen und sammeln. Was wir finden, soll sichtbar werden. Werden zu Suchenden, die tanzen. Manchmal ist Tanz die Antwort auf unsere Sprachlosigkeit, in einer Zeit, die uns auseinandertreibt, in der wir uns nicht mehr verstehen und uns im Turm zu Babel wiederfinden l\u00e4sst. Es geht um das Sich-Mischen, Sich-Verbinden und das, was sich in uns so klar anf\u00fchlt, aber keine Worte findet.\u201c<\/p>\n<p>Wer dabei war, musste erkennen, \u201eEin St\u00fcck mit Tanz\u201c ist ein gelungenes Kunst-Experiment.<\/p>\n<div id=\"attachment_90699\" class=\"wp-caption alignnone\" style=\"max-width: 2570px;\"><img loading=\"lazy\" decoding=\"async\" class=\"wp-image-90699 size-full\" src=\"\/wp-content\/uploads\/2026\/03\/3486_frei-scaled.jpg\" alt=\"\" width=\"2560\" height=\"1707\" \/><span class=\"wp-caption-text\">16 T\u00e4nzerinnen und T\u00e4nzer im Alter von 26 bis 79 Jahren nahmen an dem au\u00dfergew\u00f6hnlichen Tanzprojekt teil &#8211; \u00a9 Ralf Silberkuhl<\/span><\/div>\n","protected":false},"excerpt":{"rendered":"<p>Ein Generationen \u00fcbergreifendes Kultur-Event sorgte bei den Auff\u00fchrungen im Pina Bausch Zentrum under construktion f\u00fcr Begeisterung. \u201eEin St\u00fcck mit Tanz\u201c ist von Choreograph Rainer Behr und 16 kreativen Menschen im Alter von 26 bis 79 Jahren aus Wuppertal und Umgebung entwickelt worden.\u00a0<\/p>\n","protected":false},"author":7,"featured_media":0,"comment_status":"open","ping_status":"open","sticky":false,"template":"","format":"standard","meta":{"footnotes":""},"categories":[29],"tags":[],"class_list":["post-90695","post","type-post","status-publish","format-standard","hentry","category-kultur"],"publishpress_future_action":{"enabled":false,"date":"2026-05-08 21:53:21","action":"change-status","newStatus":"draft","terms":[],"taxonomy":"category","extraData":[]},"publishpress_future_workflow_manual_trigger":{"enabledWorkflows":[]},"_links":{"self":[{"href":"https:\/\/www.die-stadtzeitung.de\/index.php\/wp-json\/wp\/v2\/posts\/90695","targetHints":{"allow":["GET"]}}],"collection":[{"href":"https:\/\/www.die-stadtzeitung.de\/index.php\/wp-json\/wp\/v2\/posts"}],"about":[{"href":"https:\/\/www.die-stadtzeitung.de\/index.php\/wp-json\/wp\/v2\/types\/post"}],"author":[{"embeddable":true,"href":"https:\/\/www.die-stadtzeitung.de\/index.php\/wp-json\/wp\/v2\/users\/7"}],"replies":[{"embeddable":true,"href":"https:\/\/www.die-stadtzeitung.de\/index.php\/wp-json\/wp\/v2\/comments?post=90695"}],"version-history":[{"count":7,"href":"https:\/\/www.die-stadtzeitung.de\/index.php\/wp-json\/wp\/v2\/posts\/90695\/revisions"}],"predecessor-version":[{"id":90725,"href":"https:\/\/www.die-stadtzeitung.de\/index.php\/wp-json\/wp\/v2\/posts\/90695\/revisions\/90725"}],"wp:attachment":[{"href":"https:\/\/www.die-stadtzeitung.de\/index.php\/wp-json\/wp\/v2\/media?parent=90695"}],"wp:term":[{"taxonomy":"category","embeddable":true,"href":"https:\/\/www.die-stadtzeitung.de\/index.php\/wp-json\/wp\/v2\/categories?post=90695"},{"taxonomy":"post_tag","embeddable":true,"href":"https:\/\/www.die-stadtzeitung.de\/index.php\/wp-json\/wp\/v2\/tags?post=90695"}],"curies":[{"name":"wp","href":"https:\/\/api.w.org\/{rel}","templated":true}]}}