{"id":90587,"date":"2026-03-13T17:26:07","date_gmt":"2026-03-13T16:26:07","guid":{"rendered":"https:\/\/www.die-stadtzeitung.de\/?p=90587"},"modified":"2026-03-13T17:26:13","modified_gmt":"2026-03-13T16:26:13","slug":"skulpturenpark-praesentiert-werke-von-rebecca-horn","status":"publish","type":"post","link":"https:\/\/www.die-stadtzeitung.de\/index.php\/2026\/03\/13\/skulpturenpark-praesentiert-werke-von-rebecca-horn\/","title":{"rendered":"Skulpturenpark pr\u00e4sentiert Werke von Rebecca Horn"},"content":{"rendered":"<div id=\"attachment_90589\" class=\"wp-caption alignnone\" style=\"max-width: 2372px;\"><img loading=\"lazy\" decoding=\"async\" class=\"wp-image-90589 size-full\" src=\"\/wp-content\/uploads\/2026\/03\/4001.jpg\" alt=\"\" width=\"2362\" height=\"1653\" \/><span class=\"wp-caption-text\">Tony Cragg, weltbekannter Bildhauer und Hausherr des Skulpturenparks &#8222;Waldfrieden&#8220;, f\u00fchrte beim Presserundgang h\u00f6chstpers\u00f6nlich durch die Ausstellung von Rebecca Horn &#8211; \u00a9 Ralf Silberkuhl<\/span><\/div>\n<p>Die retrospektiv angelegte Schau vereint gro\u00dfformatige Installationen und kinetische Kunstwerke aus vier Jahrzehnten und zeigt in allen Ausstellungshallen sowie in der Villa Waldfrieden das vielseitige, medien\u00fcbergreifende Schaffen einer der bedeutendsten deutschen K\u00fcnstlerinnen des 20. Jahrhunderts.<span class=\"Apple-converted-space\">\u00a0<\/span><\/p>\n<p>Entstanden ist die Ausstellung in enger Zusammenarbeit mit der von Rebecca Horn 2007 in Bad K\u00f6nig gegr\u00fcndeten \u201eMoontower Foundation\u201c, die seit dem Tod der K\u00fcnstlerin ihren k\u00fcnstlerischen Nachlass verwaltet und betreut. Ihr Stiftungsziel ist, K\u00fcnstlerinnen und K\u00fcnstler zu f\u00f6rdern und das Werk Rebecca Horns lebendig zu halten sowie einer breiten \u00d6ffentlichkeit zug\u00e4nglich zu machen.<\/p>\n<p>Rebecca Horn wurde 1944 in Michelstadt im Odenwald geboren. Die Arbeit an ihren ersten K\u00f6rperskulpturen, die sie w\u00e4hrend ihres Studiums an der Hochschule f\u00fcr bildende K\u00fcnste Hamburg in den 1960er-Jahren als Kunststoffabformungen umsetzte, f\u00fchrten aufgrund der im Verarbeitungsprozess entstandenen giftigen D\u00e4mpfe zu einem langen Krankenhausaufenthalt der K\u00fcnstlerin.<span class=\"Apple-converted-space\">\u00a0<\/span><\/p>\n<div id=\"attachment_90590\" class=\"wp-caption alignnone\" style=\"max-width: 1717px;\"><img loading=\"lazy\" decoding=\"async\" class=\"wp-image-90590 size-full\" src=\"\/wp-content\/uploads\/2026\/03\/3914-scaled.jpg\" alt=\"\" width=\"1707\" height=\"2560\" \/><span class=\"wp-caption-text\">&#8222;The Glance of Infinity&#8220;, eines der ausgestellten Kunstwerke der im Jahr 2024 verstorbenen K\u00fcnstlerin Rebecca Horn &#8211; \u00a9 Ralf Silberkuhl<\/span><\/div>\n<p>Aus dieser Erfahrung der Isolation sind Rebecca Horns \u201eK\u00f6rperextensionen\u201c<i> <\/i>entstanden: Objekte, die den menschlichen K\u00f6rper erweitern und die Horn in Performances pr\u00e4sentierte. Die Thematik von Fragilit\u00e4t, Verletzlichkeit und die r\u00e4umliche Begrenzung menschlicher Existenz ist zum zentralen Gegenstand in Rebecca Horns Werk geworden.<span class=\"Apple-converted-space\">\u00a0<\/span><\/p>\n<p>Fragen nach physischen und metaphysischen Bedingungen des Menschseins, nach Sehnsucht und Begierde \u00fcbersetzte sie in kinetische Objekte, Malerei, Grafik, Dichtung, Film, Performance, in B\u00fchnenbilder oder ortsbezogene Installationen. Die Arbeiten ihres sechs Jahrzehnte umfassendes \u0152uvres sind durch Materialen, Maschinen, Funktionen oder die Wiederverwendung einzelner Objekte miteinander verbunden und werden auf einer symbolischen Ebene vom Austarieren von Materie und Poesie geeint.<\/p>\n<div id=\"attachment_90591\" class=\"wp-caption alignnone\" style=\"max-width: 2570px;\"><img loading=\"lazy\" decoding=\"async\" class=\"wp-image-90591 size-full\" src=\"\/wp-content\/uploads\/2026\/03\/3992-scaled.jpg\" alt=\"\" width=\"2560\" height=\"1226\" \/><span class=\"wp-caption-text\">Journalisten und Kunst-Expertinnen und -Experten lauschten der Einf\u00fchrung-Ansprache von K\u00fcnstler und Hausherr Tony Cragg (r.) &#8211; \u00a9 Ralf Silberkuhl<\/span><\/div>\n<p>Die Ausstellung im Skulpturenpark Waldfrieden zeigt dreizehn Arbeiten von Rebecca Horn, die zwischen den 1980er- und 2010er-Jahren entstanden sind, darunter gro\u00dfformatige kinetische Skulpturen, die durch ihre Mechanik Kl\u00e4nge erzeugen.<\/p>\n<p>Rebecca Horns Arbeiten sind weltweit ausgestellt worden. 1972 pr\u00e4sentierte sie bei der Documenta 5 erstmals ihre \u201eK\u00f6rperextensionen\u201c. Bereits 1993 erhielt sie \u2013 als erste weibliche K\u00fcnstlerin \u2013 im New Yorker Guggenheim Museum eine Retrospektive. Rebecca Horn wurden im Verlauf ihres Schaffens zahlreiche internationale Auszeichnungen und Preise verliehen, darunter zuletzt: Praemium Imperiale for Sculpture (Tokio, 2010), Grande M\u00e9daille des Arts Plastiques (Paris, 2011), Orden pour le m\u00e9rite f\u00fcr Wissenschaften und K\u00fcnste (Berlin, 2016) und Wilhelm-Lehmbruck-Preis (Duisburg, 2017).<\/p>\n<div id=\"attachment_90592\" class=\"wp-caption alignnone\" style=\"max-width: 1717px;\"><img loading=\"lazy\" decoding=\"async\" class=\"wp-image-90592 size-full\" src=\"\/wp-content\/uploads\/2026\/03\/4057-scaled.jpg\" alt=\"\" width=\"1707\" height=\"2560\" \/><span class=\"wp-caption-text\">Tony Cragg unter Rebecca Horns Werk &#8222;Concept for Anarchy&#8220; (2006) &#8211; \u00a9 Ralf Silberkuhl<\/span><\/div>\n<p><b>Termine<\/b><\/p>\n<p><b>\u201eRebecca Horn. Emotion in Motion\u201c<\/b><\/p>\n<p>Er\u00f6ffnung: Samstag 14.03.2026 &#8211; 11:00 Uhr<\/p>\n<p>Skulpturenpark Waldfrieden &#8211;<span class=\"Apple-converted-space\">\u00a0<\/span><\/p>\n<p>Ausstellungsdauer: 30. August 2026<span class=\"Apple-converted-space\">\u00a0<\/span><\/p>\n<p><a href=\"https:\/\/skulpturenpark-waldfrieden.de\/ausstellungen\/wechselausstellungen\/details\/rebecca-horn-2026\">https:\/\/skulpturenpark-waldfrieden.de\/ausstellungen\/wechselausstellungen\/details\/rebecca-horn-2026<\/a><\/p>\n<div id=\"attachment_90594\" class=\"wp-caption alignnone\" style=\"max-width: 560px;\"><img loading=\"lazy\" decoding=\"async\" class=\"wp-image-90594 size-full\" src=\"\/wp-content\/uploads\/2026\/03\/Bild.jpg\" alt=\"\" width=\"550\" height=\"773\" \/><span class=\"wp-caption-text\">Die begnadete K\u00fcnstlerin Rebecca Horn (1944\u20132024) &#8211; \u00a9 Gunter Lepkowski<\/span><\/div>\n<p>&nbsp;<\/p>\n<p>&nbsp;<\/p>\n<p>&nbsp;<\/p>\n","protected":false},"excerpt":{"rendered":"<p>Der Skulpturenpark Waldfrieden pr\u00e4sentiert ab Samstag (14.03.) eine hochkar\u00e4tige Ausstellung der Werke der K\u00fcnstlerin Rebecca Horn (1944\u20132024). Titel: \u201eRebecca Horn. Emotion in Motion\u201c. Beim Presserundgang \u00fcbernahm Hausherr und Bildhauer-Legende Tony Cragg h\u00f6chstpers\u00f6nlich die F\u00fchrung.\u00a0<\/p>\n","protected":false},"author":7,"featured_media":0,"comment_status":"open","ping_status":"open","sticky":false,"template":"","format":"standard","meta":{"footnotes":""},"categories":[29],"tags":[],"class_list":["post-90587","post","type-post","status-publish","format-standard","hentry","category-kultur"],"publishpress_future_action":{"enabled":false,"date":"2026-05-05 09:38:54","action":"change-status","newStatus":"draft","terms":[],"taxonomy":"category","extraData":[]},"publishpress_future_workflow_manual_trigger":{"enabledWorkflows":[]},"_links":{"self":[{"href":"https:\/\/www.die-stadtzeitung.de\/index.php\/wp-json\/wp\/v2\/posts\/90587","targetHints":{"allow":["GET"]}}],"collection":[{"href":"https:\/\/www.die-stadtzeitung.de\/index.php\/wp-json\/wp\/v2\/posts"}],"about":[{"href":"https:\/\/www.die-stadtzeitung.de\/index.php\/wp-json\/wp\/v2\/types\/post"}],"author":[{"embeddable":true,"href":"https:\/\/www.die-stadtzeitung.de\/index.php\/wp-json\/wp\/v2\/users\/7"}],"replies":[{"embeddable":true,"href":"https:\/\/www.die-stadtzeitung.de\/index.php\/wp-json\/wp\/v2\/comments?post=90587"}],"version-history":[{"count":6,"href":"https:\/\/www.die-stadtzeitung.de\/index.php\/wp-json\/wp\/v2\/posts\/90587\/revisions"}],"predecessor-version":[{"id":90599,"href":"https:\/\/www.die-stadtzeitung.de\/index.php\/wp-json\/wp\/v2\/posts\/90587\/revisions\/90599"}],"wp:attachment":[{"href":"https:\/\/www.die-stadtzeitung.de\/index.php\/wp-json\/wp\/v2\/media?parent=90587"}],"wp:term":[{"taxonomy":"category","embeddable":true,"href":"https:\/\/www.die-stadtzeitung.de\/index.php\/wp-json\/wp\/v2\/categories?post=90587"},{"taxonomy":"post_tag","embeddable":true,"href":"https:\/\/www.die-stadtzeitung.de\/index.php\/wp-json\/wp\/v2\/tags?post=90587"}],"curies":[{"name":"wp","href":"https:\/\/api.w.org\/{rel}","templated":true}]}}