{"id":90583,"date":"2026-03-07T12:54:42","date_gmt":"2026-03-07T11:54:42","guid":{"rendered":"https:\/\/www.die-stadtzeitung.de\/?p=90583"},"modified":"2026-03-17T07:26:58","modified_gmt":"2026-03-17T06:26:58","slug":"offstream-zeigt-spanisches-familiendrama-sorda","status":"publish","type":"post","link":"https:\/\/www.die-stadtzeitung.de\/index.php\/2026\/03\/07\/offstream-zeigt-spanisches-familiendrama-sorda\/","title":{"rendered":"Offstream zeigt spanisches Familiendrama &#8222;Sorda&#8220;"},"content":{"rendered":"<div id=\"attachment_90585\" class=\"wp-caption alignnone\" style=\"max-width: 1203px;\"><img loading=\"lazy\" decoding=\"async\" class=\"wp-image-90585 size-full\" src=\"\/wp-content\/uploads\/2026\/03\/SORDA_Copyright-Piffl-Medien.jpeg\" alt=\"\" width=\"1193\" height=\"831\" \/><span class=\"wp-caption-text\">Eine Szenen aus dem spanischen Film-Drama &#8222;Sorda &#8211; Der Klang der Welt&#8220; &#8211; \u00a9 &#8222;Piffl Medien&#8220;<\/span><\/div>\n<p>In dem Film ger\u00e4t die Beziehung der geh\u00f6rlosen \u00c1ngela und ihres h\u00f6renden Partners H\u00e9ctor ins Wanken, als \u00c1ngela schwanger wird und sie sich dem Kampf um Verst\u00e4ndnis in einer Welt der H\u00f6renden stellen muss. Einf\u00fchlsam macht der Film die Wahrnehmung einer Geh\u00f6rlosen f\u00fcr H\u00f6rende erfahrbar &#8211; nicht zuletzt durch das nuancierte Spiel von Miriam Garlo, der Schwester der Regisseurin Eva Libertad.<\/p>\n<p>Der Filmabend beginnt um 19:30 Uhr, Ort ist die &#8222;Gathedrale&#8220; in der Alten Feuerwache (Gathe 6). Der Eintritt kostet 5 Euro.<\/p>\n<p>Weitere Informationen, Trailer und Tickets im Vorverkauf sind im Internet unter <a href=\"http:\/\/www.offstream.de\/\">www.offstream.de<\/a> verf\u00fcgbar.&#8220;<\/p>\n<p>&nbsp;<\/p>\n<p>&nbsp;<\/p>\n","protected":false},"excerpt":{"rendered":"<p>&#8222;Offstream&#8220;, die Filminitiative von Mark Tykwer, zeigt am Dienstag (17.03.) das spanische Filmdrama &#8222;Sorda &#8211; Der Klang der Welt&#8220; von Regisseurin Eva Libertad. <\/p>\n","protected":false},"author":7,"featured_media":0,"comment_status":"open","ping_status":"open","sticky":false,"template":"","format":"standard","meta":{"footnotes":""},"categories":[29],"tags":[],"class_list":["post-90583","post","type-post","status-publish","format-standard","hentry","category-kultur"],"publishpress_future_action":{"enabled":false,"date":"2026-05-06 21:20:26","action":"change-status","newStatus":"draft","terms":[],"taxonomy":"category","extraData":[]},"publishpress_future_workflow_manual_trigger":{"enabledWorkflows":[]},"_links":{"self":[{"href":"https:\/\/www.die-stadtzeitung.de\/index.php\/wp-json\/wp\/v2\/posts\/90583","targetHints":{"allow":["GET"]}}],"collection":[{"href":"https:\/\/www.die-stadtzeitung.de\/index.php\/wp-json\/wp\/v2\/posts"}],"about":[{"href":"https:\/\/www.die-stadtzeitung.de\/index.php\/wp-json\/wp\/v2\/types\/post"}],"author":[{"embeddable":true,"href":"https:\/\/www.die-stadtzeitung.de\/index.php\/wp-json\/wp\/v2\/users\/7"}],"replies":[{"embeddable":true,"href":"https:\/\/www.die-stadtzeitung.de\/index.php\/wp-json\/wp\/v2\/comments?post=90583"}],"version-history":[{"count":2,"href":"https:\/\/www.die-stadtzeitung.de\/index.php\/wp-json\/wp\/v2\/posts\/90583\/revisions"}],"predecessor-version":[{"id":90586,"href":"https:\/\/www.die-stadtzeitung.de\/index.php\/wp-json\/wp\/v2\/posts\/90583\/revisions\/90586"}],"wp:attachment":[{"href":"https:\/\/www.die-stadtzeitung.de\/index.php\/wp-json\/wp\/v2\/media?parent=90583"}],"wp:term":[{"taxonomy":"category","embeddable":true,"href":"https:\/\/www.die-stadtzeitung.de\/index.php\/wp-json\/wp\/v2\/categories?post=90583"},{"taxonomy":"post_tag","embeddable":true,"href":"https:\/\/www.die-stadtzeitung.de\/index.php\/wp-json\/wp\/v2\/tags?post=90583"}],"curies":[{"name":"wp","href":"https:\/\/api.w.org\/{rel}","templated":true}]}}