{"id":90569,"date":"2026-03-05T21:09:43","date_gmt":"2026-03-05T20:09:43","guid":{"rendered":"https:\/\/www.die-stadtzeitung.de\/?p=90569"},"modified":"2026-03-18T06:43:52","modified_gmt":"2026-03-18T05:43:52","slug":"was-fuehrungskraefte-von-kuenstlern-lernen-koennen","status":"publish","type":"post","link":"https:\/\/www.die-stadtzeitung.de\/index.php\/2026\/03\/05\/was-fuehrungskraefte-von-kuenstlern-lernen-koennen\/","title":{"rendered":"Was F\u00fchrungskr\u00e4fte von K\u00fcnstlern lernen k\u00f6nnen"},"content":{"rendered":"<div id=\"attachment_90572\" class=\"wp-caption alignnone\" style=\"max-width: 2570px;\"><img loading=\"lazy\" decoding=\"async\" class=\"wp-image-90572 size-full\" src=\"\/wp-content\/uploads\/2026\/03\/3964-scaled.jpg\" alt=\"\" width=\"2560\" height=\"1707\" \/><span class=\"wp-caption-text\">Jaana Caspary bei ihrer herausragenden Ausstellung im Skulpturenpark &#8222;Waldfrieden&#8220;. Im Vordergrund Tony Cragg, Skulpturenpark-Hausherr und weltber\u00fchmter Bildhauer &#8211; \u00a9 Archivfoto Ralf Silberkuhl<\/span><\/div>\n<p>Diese Frage ist am Dienstag (24.03.) Thema einer spannenden Talk-Runde \u201eWenn Kunst Unternehmen kreativ macht\u201c in Firmenzentrale von Barthels-Feldhoff, einem der traditionsreichsten Schmaltextil-Hersteller Deutschlands. Dort wird ein ungew\u00f6hnlicher Weg aufgezeigt, der aus der Innovations-Falle herausf\u00fchren kann: Ein Dialog zwischen Kunst und Wirtschaft.<span class=\"Apple-converted-space\">\u00a0<\/span><\/p>\n<p>Hier diskutieren vier renommierte Wuppertaler K\u00fcnstlerinnen und K\u00fcnstler mit F\u00fchrungskr\u00e4ften dar\u00fcber, wie kreatives Denken entsteht \u2013 und was Unternehmen davon \u00fcbernehmen k\u00f6nnen.<span class=\"Apple-converted-space\">\u00a0<\/span><\/p>\n<p>Ihr kreatives Know How bringen ein: Der weit \u00fcber Deutschland hinaus bekannte Maler und Ex-Musiker (\u201eHoelderlin\u201c) Christian von Grumbkow, die erfolgreiche Bildhauerin Jaana Caspari, der begnadete Schauspieler und Wuppertaler Schauspiel-Intendant Thomas Braus und die gefragte freie Dramaturgin Dr. Uta Atzpodien. Bei dem hochkar\u00e4tigen Talk-Format sprechen die K\u00fcnstlerinnen und K\u00fcnstler \u00fcber Mut, Scheitern und Neugier.<span class=\"Apple-converted-space\">\u00a0<\/span><\/p>\n<div id=\"attachment_86129\" class=\"wp-caption alignnone\" style=\"max-width: 2569px;\"><img loading=\"lazy\" decoding=\"async\" class=\"wp-image-86129 size-full\" src=\"\/wp-content\/uploads\/2025\/08\/cropped-Pressefoto_Christian_von_Grumbkow-scaled-1.jpg\" alt=\"\" width=\"2559\" height=\"1344\" \/><span class=\"wp-caption-text\">Der weit \u00fcber Deutschland hinaus erfolgreiche Maler Christian von Grumbkow &#8211; er verlauft seine abstrakten Bilder weltweit &#8211; \u00a9 privat<\/span><\/div>\n<p>Die Kunstschaffenden aus unterschiedlichen Disziplinen berichten offen \u00fcber ihre kreative Praxis: Wie gehen sie mit Hindernissen und Fehlern um? Was treibt sie an? Welche Rolle spielen Zuf\u00e4lle?<span class=\"Apple-converted-space\">\u00a0<\/span><\/p>\n<p>Gastgeberin und Moderatorin des Formats ist Dr. Ulrike Lehmann, promovierte Kunsthistorikerin und Systemische Business Coach. Sie stellt professionell die Br\u00fccke zur Unternehmens- und Arbeitswelt her: Was k\u00f6nnen Mitarbeitende und F\u00fchrungskr\u00e4fte konkret von K\u00fcnstlern lernen?<\/p>\n<p>\u201eKreativit\u00e4t ist keine Charaktereigenschaft, sondern eine F\u00e4higkeit, die man trainieren kann \u2013 und K\u00fcnstler sind dabei die besten Lehrmeister. Mut, Neugier, Fehlertoleranz und intrinsische Motivation sind keine Soft Skills, sondern die Grundlage jeder Innovation\u201c, wei\u00df Dr. Ulrike Lehmann aus langj\u00e4hriger Erfahrung<span class=\"Apple-converted-space\">\u00a0<\/span><\/p>\n<p>Auf dem Podium sitzt neben den Protagonisten Jaana Caspary, Christian von Grumbkow, Thomas Braus und Dr. Uta Atzpodien u.a. der Unternehmer Christoph Rickerl,<span class=\"Apple-converted-space\">\u00a0 <\/span>Gesch\u00e4ftsf\u00fchrer der Textilfirma Barthels-Feldhoff. <span class=\"Apple-converted-space\">\u00a0<\/span><\/p>\n<div id=\"attachment_90574\" class=\"wp-caption alignnone\" style=\"max-width: 2570px;\"><img loading=\"lazy\" decoding=\"async\" class=\"wp-image-90574 size-full\" src=\"\/wp-content\/uploads\/2026\/03\/Thomas-Braus_UweSchinkel-scaled.jpg\" alt=\"\" width=\"2560\" height=\"1706\" \/><span class=\"wp-caption-text\">Thomas Braus, begnadeter Schauspieler und innovativer Intendant des Wuppertaler Schauspiels &#8211; \u00a9 Uwe Schinkel<\/span><\/div>\n<h4>Die Kernfrage: Warum brauchen Unternehmen Kunst?<\/h4>\n<p>Dem DIHK-Innovations-Report zufolge nimmt die Innovations-Bereitschaft in Deutschland besorgniserregend ab. Gleichzeitig zeigen Studien: Mitarbeitende, die mit k\u00fcnstlerischen Methoden in Ber\u00fchrung kommen, werden kreativer, mutiger und teilen ihre Ideen offener. Denn Kreativit\u00e4t l\u00e4sst sich trainieren \u2013 und die Kunst ist dabei eine der wirkungsvollsten Schulen.<\/p>\n<p>Die Veranstaltung bei Barthels-Feldhoff ist bereits die zweite ihrer Art: Die Premiere fand am 27. Oktober 2025 bei \u201eUbisoft\u201c in D\u00fcsseldorf statt.<span class=\"Apple-converted-space\">\u00a0<\/span><\/p>\n<h4>\u00dcber Dr. Ulrike Lehmann<\/h4>\n<p>Dr. Ulrike Lehmann ist promovierte Kunsthistorikerin und Systemische Business Coach. Seit 13 Jahren verbindet sie Kunst und Wirtschaft, um Kreativit\u00e4t und Kommunikation in Unternehmen zu st\u00e4rken. 2017 erschien ihr Buch \u201eWirtschaft trifft Kunst. Warum Kunst Unternehmen gut tut\u201c. Sie h\u00e4lt Vortr\u00e4ge und leitet Workshops f\u00fcr F\u00fchrungskr\u00e4fte und Teams.<\/p>\n<div id=\"attachment_90576\" class=\"wp-caption alignnone\" style=\"max-width: 1487px;\"><img loading=\"lazy\" decoding=\"async\" class=\"wp-image-90576 size-full\" src=\"\/wp-content\/uploads\/2026\/03\/Bild-1-4.jpeg\" alt=\"\" width=\"1477\" height=\"640\" \/><span class=\"wp-caption-text\">Dr. Ulrike Lehmann, promovierte Kunsthistorikerin und Systemische Business Coach &#8211; \u00a9 privat<\/span><\/div>\n<p><a href=\"https:\/\/ulrike-lehmann.de\/\">www.ulrike-lehmann.de<\/a><\/p>\n<h4>\u00dcber Barthels-Feldhoff<\/h4>\n<p>Barthels-Feldhoff wurde 1829 gegr\u00fcndet und geh\u00f6rt zu den traditionsreichsten Schmaltextil-Herstellern Deutschlands. Das Wuppertaler Unternehmen produziert Schn\u00fcrsenkel, Kordeln, B\u00e4nder, Seile und Umflechtungen und steht f\u00fcr die Verbindung handwerklicher Tradition mit konsequenter Innovation. Kunst und Kultur sind fester Bestandteil der Unternehmenskultur.<\/p>\n<p><a href=\"https:\/\/www.barthels-feldhoff.de\/unternehmen\/\">www.barthels-feldhoff.de<\/a><\/p>\n<p>&nbsp;<\/p>\n<div id=\"attachment_90573\" class=\"wp-caption alignnone\" style=\"max-width: 510px;\"><img loading=\"lazy\" decoding=\"async\" class=\"wp-image-90573 size-full\" src=\"\/wp-content\/uploads\/2026\/03\/Grey-Minimalist-Furniture-Collage-Instagram-Post3.jpg\" alt=\"\" width=\"500\" height=\"625\" \/><span class=\"wp-caption-text\">Das Plakat zur Veranstaltung<\/span><\/div>\n<p><strong>Termin:<\/strong><\/p>\n<h4>&#8222;Wenn Kunst Unternehmen kreativ macht&#8220;<\/h4>\n<p><strong>Talk-Runde mit K\u00fcnstlern &amp; Unternehmern<\/strong><\/p>\n<p><strong>Mit dabei:<\/strong> Die K\u00fcnstlerinnen und K\u00fcnstler Jaana Caspary &#8211; Christian von Grumbkow &#8211;<span class=\"Apple-converted-space\">\u00a0 <\/span>Thomas Braus &#8211; Dr. Uta Atzpodien &#8211; der Unternehmer Christoph Rickerl<\/p>\n<p><strong>Gastgeberin &amp; Moderatorin: Dr. Ulrich Lehmann<\/strong><\/p>\n<p>Dienstag &#8211; 24. M\u00e4rz 2026 &#8211; 19:00 Uhr &#8211; Einlass 18:30 Uhr<span class=\"Apple-converted-space\">\u00a0<\/span><\/p>\n<p>Firma Barthels-Feldhoff GmbH &amp; Co. KG &#8211; Br\u00e4ndstr\u00f6mstra\u00dfe 9\u201311 &#8211; 42289 Wuppertal<\/p>\n<p><strong>Eintritt:<\/strong> 17 Euro inkl. Getr\u00e4nke und Snacks<\/p>\n<p><strong>Anmeldung<\/strong> unter : <a href=\"http:\/\/bit.ly\/4btcAU3\">http:\/\/bit.ly\/4btcAU3<\/a><\/p>\n","protected":false},"excerpt":{"rendered":"<p>Innovations-F\u00e4higkeit und Kreativit\u00e4t entscheiden heute \u00fcber den Erfolg eines Unternehmens. Doch laut dem Innovations-Report der \u201eDeutschen Industrie- &#038; Handelskammer\u201c (DIHK ) sind weniger als 30 Prozent der deutschen Unternehmen bereit f\u00fcr erfolgversprechende Innovationen. Was k\u00f6nnen Unternehmer von K\u00fcnstlern lernen?\u00a0DIE VERANSTALTUNG MUSSTE LEIDER ABGESAGT WERDEN!<\/p>\n","protected":false},"author":7,"featured_media":0,"comment_status":"open","ping_status":"open","sticky":false,"template":"","format":"standard","meta":{"footnotes":""},"categories":[29],"tags":[],"class_list":["post-90569","post","type-post","status-publish","format-standard","hentry","category-kultur"],"publishpress_future_action":{"enabled":false,"date":"2026-05-07 13:08:40","action":"change-status","newStatus":"draft","terms":[],"taxonomy":"category","extraData":[]},"publishpress_future_workflow_manual_trigger":{"enabledWorkflows":[]},"_links":{"self":[{"href":"https:\/\/www.die-stadtzeitung.de\/index.php\/wp-json\/wp\/v2\/posts\/90569","targetHints":{"allow":["GET"]}}],"collection":[{"href":"https:\/\/www.die-stadtzeitung.de\/index.php\/wp-json\/wp\/v2\/posts"}],"about":[{"href":"https:\/\/www.die-stadtzeitung.de\/index.php\/wp-json\/wp\/v2\/types\/post"}],"author":[{"embeddable":true,"href":"https:\/\/www.die-stadtzeitung.de\/index.php\/wp-json\/wp\/v2\/users\/7"}],"replies":[{"embeddable":true,"href":"https:\/\/www.die-stadtzeitung.de\/index.php\/wp-json\/wp\/v2\/comments?post=90569"}],"version-history":[{"count":9,"href":"https:\/\/www.die-stadtzeitung.de\/index.php\/wp-json\/wp\/v2\/posts\/90569\/revisions"}],"predecessor-version":[{"id":90727,"href":"https:\/\/www.die-stadtzeitung.de\/index.php\/wp-json\/wp\/v2\/posts\/90569\/revisions\/90727"}],"wp:attachment":[{"href":"https:\/\/www.die-stadtzeitung.de\/index.php\/wp-json\/wp\/v2\/media?parent=90569"}],"wp:term":[{"taxonomy":"category","embeddable":true,"href":"https:\/\/www.die-stadtzeitung.de\/index.php\/wp-json\/wp\/v2\/categories?post=90569"},{"taxonomy":"post_tag","embeddable":true,"href":"https:\/\/www.die-stadtzeitung.de\/index.php\/wp-json\/wp\/v2\/tags?post=90569"}],"curies":[{"name":"wp","href":"https:\/\/api.w.org\/{rel}","templated":true}]}}