{"id":90551,"date":"2026-03-12T16:16:20","date_gmt":"2026-03-12T15:16:20","guid":{"rendered":"https:\/\/www.die-stadtzeitung.de\/?p=90551"},"modified":"2026-03-12T16:16:20","modified_gmt":"2026-03-12T15:16:20","slug":"circular-valley-convention-sechs-zentrale-erkenntnisse","status":"publish","type":"post","link":"https:\/\/www.die-stadtzeitung.de\/index.php\/2026\/03\/12\/circular-valley-convention-sechs-zentrale-erkenntnisse\/","title":{"rendered":"Circular Valley Convention: Sechs zentrale Erkenntnisse"},"content":{"rendered":"<div id=\"attachment_90554\" class=\"wp-caption alignnone\" style=\"max-width: 2570px;\"><img loading=\"lazy\" decoding=\"async\" class=\"wp-image-90554 size-full\" src=\"\/wp-content\/uploads\/2026\/03\/Bild-12.03.26-um-15.51-4-scaled.png\" alt=\"\" width=\"2560\" height=\"1707\" \/><span class=\"wp-caption-text\">Bei der &#8222;Circular Valley Convention&#8220; in D\u00fcsseldorf: Angeregte Diskussionen rund um das Thema Kreislaufwirtschaft &#8211; \u00a9 Jan Turek \/ Circular Valley<\/span><\/div>\n<p>Zwei Tage lang haben auf der Circular Valley Convention 2026 im D\u00fcsseldorfer Areal B\u00f6hler Vertreterinnen und Vertreter aus Politik, Industrie, Wissenschaft und Startups \u00fcber L\u00f6sungen f\u00fcr eine zirkul\u00e4re Wirtschaft diskutiert. Aus Keynotes, Panels und Praxisbeispielen lassen sich sechs zentrale Erkenntnisse f\u00fcr die Transformation zur Circular Economy ableiten.<\/p>\n<h4>Kreislaufwirtschaft wird zur Industrie- und Standortstrategie<\/h4>\n<p>Mehrere Beitr\u00e4ge machten deutlich, dass Circular Economy l\u00e4ngst \u00fcber Umwelt- und Recyclingfragen hinausgeht. Angesichts geopolitischer Spannungen, unsicherer Lieferketten und steigender Rohstoffpreise gewinnt sie zunehmend strategische Bedeutung f\u00fcr Wettbewerbsf\u00e4higkeit, Rohstoffsicherung und wirtschaftliche Resilienz. \u201eKreislaufwirtschaft wird zurecht zunehmend als strategisches Wirtschaftsthema gesehen. Rohstoffe sind zu Machtfaktoren geworden. Neben der Diversifizierung unserer Rohstoffversorgung ist die Kreislaufwirtschaft ein zentrales Element unserer Sicherheit. Zirkul\u00e4res Wirtschaften macht uns unabh\u00e4ngiger von fossilen Rohstoffen\u201c, sagte Bundesumweltminister Carsten Schneider.<\/p>\n<p>\u201eWer es schafft, Produkte und Anlagen l\u00e4nger zu nutzen, Ressourcen effizienter einzusetzen und klug zu recyclen, tut Gutes f\u00fcr die Umwelt, aber tr\u00e4gt auch zu mehr Sicherheit und Wirtschaftskraft bei. Im Leitmarkt Circular Economy sind heute bereits \u00fcber eine Million Menschen besch\u00e4ftigt. Diesem wichtigen Markt wollen wir mit dem Aktionsprogramm zur Umsetzung der nationalen Kreislaufwirtschaftsstrategie eine starke Unterst\u00fctzung geben, damit er sich weiter positiv entwickelt und auf lange Sicht etabliert.\u201c Auch Vertreter internationaler Industrieunternehmen betonten, dass zirkul\u00e4re Gesch\u00e4ftsmodelle immer st\u00e4rker Teil langfristiger Unternehmensstrategien werden.<\/p>\n<h4>Recycling wird zur strategischen Ressource<\/h4>\n<p>Neben Design und Nutzung r\u00fcckt auch die R\u00fcckgewinnung von Rohstoffen st\u00e4rker in den Fokus. Moderne Recyclingtechnologien und industrielle R\u00fcckgewinnungsprozesse k\u00f6nnen dazu beitragen, Materialien langfristig im Wirtschaftskreislauf zu halten.<\/p>\n<div id=\"attachment_90557\" class=\"wp-caption alignnone\" style=\"max-width: 1495px;\"><img loading=\"lazy\" decoding=\"async\" class=\"wp-image-90557 size-full\" src=\"\/wp-content\/uploads\/2026\/03\/Bild-12.03.26-um-15.51.jpeg\" alt=\"\" width=\"1485\" height=\"859\" \/><span class=\"wp-caption-text\">Gruppenbild mit Minister aus Berlin: Dr. Carsten Gerhardt (2.v.l.), Initiator von Circular Valley, Bundesumweltminister Carsten Schneider (M.) und Circular Valley-Gesch\u00e4ftsf\u00fchrer Andreas Mucke (2.v.r.) &#8211; \u00a9 Jan Turek \/ Circular Valley<\/span><\/div>\n<p>\u201eDie Zukunft geh\u00f6rt der Circular Economy: Sie ist der Schl\u00fcssel zu Innovation, Resilienz und neuer Wertsch\u00f6pfung. Nordrhein-Westfalen hat beste Voraussetzungen, um entscheidende Impulse f\u00fcr die Kreislaufwirtschaft zu setzen mit seinen Wirtschaftsunternehmen, innovativen Start-ups und exzellenter Forschung\u201c, sagte NRW-Umweltminister Oliver Krischer. Mehrere Beitr\u00e4ge betonten, dass hochwertige Sekund\u00e4rrohstoffe k\u00fcnftig eine zentrale Rolle f\u00fcr die Wettbewerbsf\u00e4higkeit der europ\u00e4ischen Industrie spielen werden.<\/p>\n<h4>Resiliente Lieferketten erfordern zirkul\u00e4re Rohstoffstr\u00f6me<\/h4>\n<p>Ein zentrales Thema der Convention war die Frage, wie Industrie und Politik kritische Rohstoffe langfristig sichern k\u00f6nnen. Beitr\u00e4ge aus Wissenschaft, Industrie und Politik machten deutlich, dass geschlossene Stoffkreisl\u00e4ufe und hochwertige Sekund\u00e4rrohstoffe zunehmend als strategische Ressource verstanden werden. \u201eKreislaufwirtschaft schafft Resilienz in einer Welt begrenzter Ressourcen. Die Unternehmen, die es schaffen, Kreisl\u00e4ufe schlie\u00dfen, werden das n\u00e4chste industrielle Zeitalter pr\u00e4gen\u201c, sagte Dr. Thomas Stoffmehl, CEO von Vorwerk. \u00a0Damit wird Circular Economy auch zu einem wichtigen Instrument, um wirtschaftliche Abh\u00e4ngigkeiten zu reduzieren und Lieferketten widerstandsf\u00e4higer zu gestalten.<\/p>\n<h4>Produktdesign entscheidet \u00fcber Zirkularit\u00e4t<\/h4>\n<p>Viele Diskussionen zeigten: Die entscheidenden Weichen f\u00fcr Kreislaufwirtschaft werden bereits in der Produktentwicklung gestellt. Konzepte wie Circular Design, modulare Bauweisen oder \u201eDesign for Disassembly\u201c sollen sicherstellen, dass Materialien sp\u00e4ter wiederverwendet oder hochwertig recycelt werden k\u00f6nnen. Damit r\u00fcckt der Beginn des Produktlebenszyklus st\u00e4rker in den Fokus der Circular Economy.<\/p>\n<div id=\"attachment_90558\" class=\"wp-caption alignnone\" style=\"max-width: 2570px;\"><img loading=\"lazy\" decoding=\"async\" class=\"wp-image-90558 size-full\" src=\"\/wp-content\/uploads\/2026\/03\/Bild-12.03.26-um-15.51-2-1-scaled.jpeg\" alt=\"\" width=\"2560\" height=\"1515\" \/><span class=\"wp-caption-text\">Bundesumweltminister Carsten Schneider bei seiner viel beachteten Keynote im D\u00fcsseldorfer Areal B\u00f6hler &#8211; \u00a9 Jan Turek \/ Circular Valley<\/span><\/div>\n<p>Die chemische Industrie kann f\u00fcr viele Unternehmen zum Enabler werden. \u201eWir brauchen L\u00f6sungen, die sowohl \u00f6kologisch sinnvoll als auch wirtschaftlich tragf\u00e4hig sind. Kreislauff\u00e4higkeit ist der Schl\u00fcssel, um die Abh\u00e4ngigkeit von Prim\u00e4rrohstoffen zu verringern \u2013 und damit ein zentraler Hebel f\u00fcr die gr\u00fcne Transformation von uns und unseren Kunden\u201c, sagte Dr. Stephan Kothrade, Vorstandsmitglied und CTO von BASF.<\/p>\n<h4>Digitalisierung wird zum zentralen Enabler der Circular Economy<\/h4>\n<p>Digitale Technologien spielen eine immer wichtigere Rolle f\u00fcr zirkul\u00e4re Wertsch\u00f6pfung. Diskutiert wurden unter anderem digitale Produktp\u00e4sse, Datenr\u00e4ume sowie KI-gest\u00fctzte Analyse von Material- und Stoffstr\u00f6men. Digitale L\u00f6sungen schaffen Transparenz entlang komplexer Lieferketten und erm\u00f6glichen neue datenbasierte Gesch\u00e4ftsmodelle.<\/p>\n<h4>Internationale Kooperation wird zum Schl\u00fcssel f\u00fcr Skalierung<\/h4>\n<p>Die Transformation zur Circular Economy erfordert zunehmend grenz\u00fcberschreitende Zusammenarbeit. Auf der Convention wurde unter anderem die trilaterale Kooperation zwischen Nordrhein-Westfalen, Flandern und den Niederlanden hervorgehoben. In gemeinsamen Projektgruppen arbeiten Vertreterinnen und Vertreter aus Politik, Industrie und Forschung an konkreten L\u00f6sungen f\u00fcr Schl\u00fcsselindustrien wie chemische Industrie, zirkul\u00e4res Bauen und Batterien. Die Zusammenarbeit im gr\u00f6\u00dften industriellen Ballungsraum Europas soll helfen, Innovationen schneller zu entwickeln und neue zirkul\u00e4re Wertsch\u00f6pfungsketten aufzubauen.<\/p>\n<div id=\"attachment_90559\" class=\"wp-caption alignnone\" style=\"max-width: 2570px;\"><img loading=\"lazy\" decoding=\"async\" class=\"wp-image-90559 size-full\" src=\"\/wp-content\/uploads\/2026\/03\/Bild-12.03.26-um-15.51-1-scaled.jpeg\" alt=\"\" width=\"2560\" height=\"1540\" \/><span class=\"wp-caption-text\">Oliver Krischer, Minister f\u00fcr Umwelt, Naturschutz und Verkehr des Landes Nordrhein-Westfalen, beim seiner Ansprache &#8211; \u00a9 Jan Turek \/ Circular Valley<\/span><\/div>\n<h4>Gemeinsame Umsetzung entscheidend<\/h4>\n<p>Die Circular Valley Convention machte deutlich, dass die Transformation zur Circular Economy nur im Zusammenspiel von Politik, Industrie, Wissenschaft und Innovatoren gelingen kann. \u201eBei der Circular Valley Convention hat sich erneut gezeigt, dass Circular Economy der Weg ist, um Ressourcen-Engp\u00e4sse zu vermeiden\u201c, sagt Dr. Carsten Gerhardt, Vorsitzender der Circular Valley Stiftung. Ressourcen-Engp\u00e4sse l\u00f6sen \u00c4ngste aus und diese \u00c4ngste f\u00fchren zu Konflikten. \u201eDurch das Vermeiden von Engp\u00e4ssen kann die Circular Economy dazu beitragen, Konflikte zu vermeiden.\u201c Dazu m\u00fcssen alle Akteure \u00fcber Industrie-, Branchen- und L\u00e4ndergrenzen hinweg zusammenarbeiten. Dass sie dazu bereit sind, wurde auf der Circular Valley Convention 2026 erneut deutlich.<\/p>\n<p>Mit ihrem Format aus Konferenz, Expo und Networking hat die Circular Valley Convention erneut gezeigt, wie vielf\u00e4ltig die Ans\u00e4tze f\u00fcr eine zirkul\u00e4re Wirtschaft sind \u2013 und wie stark internationale Akteure gemeinsam an ihrer Umsetzung arbeiten. Der Termin f\u00fcr die n\u00e4chste Circular Valley Convention steht auch schon fest: Der 4. und 5. Mai 2027.<\/p>\n<div id=\"attachment_90560\" class=\"wp-caption alignnone\" style=\"max-width: 1860px;\"><img loading=\"lazy\" decoding=\"async\" class=\"wp-image-90560 size-full\" src=\"\/wp-content\/uploads\/2026\/03\/Bild-12.03.26-um-15.51-3.jpeg\" alt=\"\" width=\"1850\" height=\"615\" \/><span class=\"wp-caption-text\">Schlussbild der erfolgreichen &#8222;Circular Valley Convention&#8220; mit vielen internationalen G\u00e4sten &#8211; \u00a9 Jan Turek \/ Circular Valley<\/span><\/div>\n<p>Mehr Informationen zur Circular Valley Convention 2026 gibt es unter <a href=\"https:\/\/019zz.mjt.lu\/lnk\/AVMAAJHageUAAc4qvJIAAAE2AKwAAAAARhAAAErQABrFpgBpssXk4UTR25pbQ8q88ibFPSW8uQAZxGw\/1\/X2V3Jejgb1HShxPf6vlyKg\/aHR0cHM6Ly93d3cuY3ZjLWR1ZXNzZWxkb3JmLmNvbQ\">cvc-duesseldorf.com<\/a><\/p>\n<p>&nbsp;<\/p>\n","protected":false},"excerpt":{"rendered":"<p>Die Bilanz der Circular Valley Convention 2026 f\u00e4llt positiv aus: Sechs zentrale Erkenntnisse zeigen, wie Circular Economy strategische Bedeutung gewinnt \u2013 von resilienten Lieferketten \u00fcber digitales Tracking bis zu hochwertigem Recycling als Wettbewerbsfaktor.<\/p>\n","protected":false},"author":7,"featured_media":0,"comment_status":"open","ping_status":"open","sticky":false,"template":"","format":"standard","meta":{"footnotes":""},"categories":[22],"tags":[],"class_list":["post-90551","post","type-post","status-publish","format-standard","hentry","category-wirtschaft"],"publishpress_future_action":{"enabled":false,"date":"2026-05-03 22:51:06","action":"change-status","newStatus":"draft","terms":[],"taxonomy":"category","extraData":[]},"publishpress_future_workflow_manual_trigger":{"enabledWorkflows":[]},"_links":{"self":[{"href":"https:\/\/www.die-stadtzeitung.de\/index.php\/wp-json\/wp\/v2\/posts\/90551","targetHints":{"allow":["GET"]}}],"collection":[{"href":"https:\/\/www.die-stadtzeitung.de\/index.php\/wp-json\/wp\/v2\/posts"}],"about":[{"href":"https:\/\/www.die-stadtzeitung.de\/index.php\/wp-json\/wp\/v2\/types\/post"}],"author":[{"embeddable":true,"href":"https:\/\/www.die-stadtzeitung.de\/index.php\/wp-json\/wp\/v2\/users\/7"}],"replies":[{"embeddable":true,"href":"https:\/\/www.die-stadtzeitung.de\/index.php\/wp-json\/wp\/v2\/comments?post=90551"}],"version-history":[{"count":10,"href":"https:\/\/www.die-stadtzeitung.de\/index.php\/wp-json\/wp\/v2\/posts\/90551\/revisions"}],"predecessor-version":[{"id":90567,"href":"https:\/\/www.die-stadtzeitung.de\/index.php\/wp-json\/wp\/v2\/posts\/90551\/revisions\/90567"}],"wp:attachment":[{"href":"https:\/\/www.die-stadtzeitung.de\/index.php\/wp-json\/wp\/v2\/media?parent=90551"}],"wp:term":[{"taxonomy":"category","embeddable":true,"href":"https:\/\/www.die-stadtzeitung.de\/index.php\/wp-json\/wp\/v2\/categories?post=90551"},{"taxonomy":"post_tag","embeddable":true,"href":"https:\/\/www.die-stadtzeitung.de\/index.php\/wp-json\/wp\/v2\/tags?post=90551"}],"curies":[{"name":"wp","href":"https:\/\/api.w.org\/{rel}","templated":true}]}}