{"id":90543,"date":"2026-03-06T13:37:40","date_gmt":"2026-03-06T12:37:40","guid":{"rendered":"https:\/\/www.die-stadtzeitung.de\/?p=90543"},"modified":"2026-03-16T08:13:08","modified_gmt":"2026-03-16T07:13:08","slug":"paukenschlag-beim-wsv-gaetano-manno-laesst-amt-ruhen","status":"publish","type":"post","link":"https:\/\/www.die-stadtzeitung.de\/index.php\/2026\/03\/06\/paukenschlag-beim-wsv-gaetano-manno-laesst-amt-ruhen\/","title":{"rendered":"Paukenschlag beim WSV: Gaetano Manno l\u00e4sst Amt ruhen"},"content":{"rendered":"<div id=\"attachment_90545\" class=\"wp-caption alignnone\" style=\"max-width: 2570px;\"><img loading=\"lazy\" decoding=\"async\" class=\"wp-image-90545 size-full\" src=\"\/wp-content\/uploads\/2026\/03\/Bild-10.jpeg\" alt=\"\" width=\"2560\" height=\"1707\" \/><span class=\"wp-caption-text\">Gaetano Manno beweist aus Respekt vor dem WSV Gr\u00f6\u00dfe und stellt seine pers\u00f6nlichen Belange hintenan &#8211; \u00a9 Archivfoto Jochen Classen<\/span><\/div>\n<p>Vor dem Hintergrund der aktuellen sportlichen Situation und der intensiven \u00f6ffentlichen Diskussion um seine Person hat Gaetano Manno dem Vorstand diesen Schritt vorgeschlagen, um so zur gr\u00f6\u00dftm\u00f6glichen Konzentration auf die sportlichen Ziele der Mannschaft beizutragen.<\/p>\n<p>Gaetano Manno erkl\u00e4rt hierzu: \u201eDer Wuppertaler SV steht f\u00fcr mich immer an erster Stelle. Wenn meine Person aktuell dazu beitr\u00e4gt, dass Unruhe rund um die Mannschaft entsteht, dann ist es f\u00fcr mich selbstverst\u00e4ndlich, alles daf\u00fcr zu tun, dass sich Spieler und Trainerteam voll auf die kommenden Spiele konzentrieren k\u00f6nnen. Deshalb habe ich dem Vorstand vorgeschlagen, meine Funktion als Sportdirektor bis zum Saisonende ruhen zu lassen und mich in dieser Phase im Hintergrund f\u00fcr den Verein einzubringen.\u201c<\/p>\n<p>Der Vorstand des Wuppertaler SV begr\u00fc\u00dft diesen Schritt und betont die gro\u00dfe Verbundenheit von Gaetano Manno mit dem Verein: \u201eGaetano hat in den Gespr\u00e4chen sehr deutlich gemacht, dass f\u00fcr ihn ausschlie\u00dflich das Wohl des Vereins und der Mannschaft im Mittelpunkt steht. Diese Haltung verdient gro\u00dfen Respekt. Die gemeinsame Entscheidung erm\u00f6glicht es uns, in der entscheidenden Phase der Saison den Fokus vollst\u00e4ndig auf die sportlichen Aufgaben zu richten.\u201c<\/p>\n<p>Bis zum Ende der Saison soll sich Gaetano Manno verst\u00e4rkt auf strategische Aufgaben im sportlichen Bereich konzentrieren, insbesondere auf das Scouting. Die operative Verantwortung f\u00fcr den unmittelbaren Mannschaftsbetrieb liegt beim Trainerteam um Cheftrainer Mike Wunderlich, auf den der Druck jetzt noch st\u00e4rker wird.<span class=\"Apple-converted-space\">\u00a0<\/span><\/p>\n<p>Verein und Sportdirektor sind sich demnach einig, dass diese L\u00f6sung dazu beitragen soll, in der entscheidenden Phase der Saison gr\u00f6\u00dftm\u00f6gliche Ruhe und Konzentration auf die sportlichen Ziele, n\u00e4mlich die Vermeidung des Abstiegs aus der Regionalliga, zu erm\u00f6glichen.<\/p>\n","protected":false},"excerpt":{"rendered":"<p>Paukenschlag beim Wuppertaler SV! Der Regionalligist und Gaetano Manno haben sich laut einer Pressemitteilung des Vereins darauf verst\u00e4ndigt, dass der Sportdirektor seine Funktion bis zum Saisonende ruhen l\u00e4sst.\u00a0<\/p>\n","protected":false},"author":7,"featured_media":0,"comment_status":"open","ping_status":"open","sticky":false,"template":"","format":"standard","meta":{"footnotes":""},"categories":[20],"tags":[],"class_list":["post-90543","post","type-post","status-publish","format-standard","hentry","category-sport"],"publishpress_future_action":{"enabled":false,"date":"2026-05-07 13:43:35","action":"change-status","newStatus":"draft","terms":[],"taxonomy":"category","extraData":[]},"publishpress_future_workflow_manual_trigger":{"enabledWorkflows":[]},"_links":{"self":[{"href":"https:\/\/www.die-stadtzeitung.de\/index.php\/wp-json\/wp\/v2\/posts\/90543","targetHints":{"allow":["GET"]}}],"collection":[{"href":"https:\/\/www.die-stadtzeitung.de\/index.php\/wp-json\/wp\/v2\/posts"}],"about":[{"href":"https:\/\/www.die-stadtzeitung.de\/index.php\/wp-json\/wp\/v2\/types\/post"}],"author":[{"embeddable":true,"href":"https:\/\/www.die-stadtzeitung.de\/index.php\/wp-json\/wp\/v2\/users\/7"}],"replies":[{"embeddable":true,"href":"https:\/\/www.die-stadtzeitung.de\/index.php\/wp-json\/wp\/v2\/comments?post=90543"}],"version-history":[{"count":3,"href":"https:\/\/www.die-stadtzeitung.de\/index.php\/wp-json\/wp\/v2\/posts\/90543\/revisions"}],"predecessor-version":[{"id":90568,"href":"https:\/\/www.die-stadtzeitung.de\/index.php\/wp-json\/wp\/v2\/posts\/90543\/revisions\/90568"}],"wp:attachment":[{"href":"https:\/\/www.die-stadtzeitung.de\/index.php\/wp-json\/wp\/v2\/media?parent=90543"}],"wp:term":[{"taxonomy":"category","embeddable":true,"href":"https:\/\/www.die-stadtzeitung.de\/index.php\/wp-json\/wp\/v2\/categories?post=90543"},{"taxonomy":"post_tag","embeddable":true,"href":"https:\/\/www.die-stadtzeitung.de\/index.php\/wp-json\/wp\/v2\/tags?post=90543"}],"curies":[{"name":"wp","href":"https:\/\/api.w.org\/{rel}","templated":true}]}}