{"id":90529,"date":"2026-03-05T17:04:39","date_gmt":"2026-03-05T16:04:39","guid":{"rendered":"https:\/\/www.die-stadtzeitung.de\/?p=90529"},"modified":"2026-03-12T16:16:53","modified_gmt":"2026-03-12T15:16:53","slug":"circular-valley-convention-innovation-trifft-strategie","status":"publish","type":"post","link":"https:\/\/www.die-stadtzeitung.de\/index.php\/2026\/03\/05\/circular-valley-convention-innovation-trifft-strategie\/","title":{"rendered":"Circular Valley Convention: Innovation trifft Strategie"},"content":{"rendered":"<div id=\"attachment_90533\" class=\"wp-caption alignnone\" style=\"max-width: 2570px;\"><img loading=\"lazy\" decoding=\"async\" class=\"wp-image-90533 size-full\" src=\"\/wp-content\/uploads\/2026\/03\/Bild-11.03.26-um-16.44-scaled.jpeg\" alt=\"\" width=\"2560\" height=\"1575\" \/><span class=\"wp-caption-text\">Mona Neubaur, stellvertretende Ministerpr\u00e4sidentin und Wirtschaftsministerin NRW er\u00f6ffnete mit ihrer Keynote das Forum &#8211; \u00a9 Jan Turek \/ Circular Valley<\/span><\/div>\n<p>Zum Auftakt der Convention setzte Nordrhein-Westfalens stellvertretende Ministerpr\u00e4sidentin und Wirtschaftsministerin Mona Neubaur ein politisches Signal f\u00fcr die Bedeutung der Circular Economy als Industrie- und Standortstrategie.<\/p>\n<p>Die Ministerin erkl\u00e4rte: \u201cIn Nordrhein-Westfalen wissen wir: Die Kreislaufwirtschaft treibt Innovationen voran, ist gut f\u00fcrs Klima und macht uns unabh\u00e4ngiger von teuren Rohstoffimporten und anf\u00e4lligen Lieferketten \u2013 das ist angesichts der aktuellen Krisen im Iran und weltweit wichtiger denn je. Kluge zirkul\u00e4re Gesch\u00e4ftsmodelle erm\u00f6glichen neue Wertsch\u00f6pfung, zukunftssichere Jobs und st\u00e4rken unsere Wettbewerbsf\u00e4higkeit und Resilienz. Deshalb geben wir der Kreislaufwirtschaft in NRW noch mehr Schwung: Mit gezielter Unterst\u00fctzung, starken Netzwerken und den richtigen Rahmenbedingungen f\u00fcr Investitionen.&#8220;<\/p>\n<h4>Kreislaufwirtschaft entlang des gesamten Produktlebenszyklus<\/h4>\n<p>Auch Vertreter f\u00fchrender Industrieunternehmen betonten zum Start der Convention die wachsende strategische Bedeutung zirkul\u00e4rer Wertsch\u00f6pfung. In einem Panel der Co-Gastgeber diskutierten Vertreter von BASF, Bayer, Evonik, Henkel und Vorwerk, wie Unternehmen Kreislaufwirtschaft zunehmend in ihre Gesch\u00e4ftsmodelle und Organisationsstrukturen integrieren, aber auch, wie wichtig branchen\u00fcbergreifende Zusammenarbeit f\u00fcr den Erfolg ist. &#8222;Die Zusammenarbeit ist der Schl\u00fcssel. Keiner von uns schafft die Transformation alleine&#8220;, sagte Dr. Timo Fle\u00dfner von Bayer.<\/p>\n<p>Inhaltlich spannt die Convention einen Bogen entlang des gesamten Produktlebenszyklus. Beitr\u00e4ge aus Industrie, Wissenschaft und Politik zeigen, wie Kreislaufwirtschaft bereits beim Design von Produkten beginnt und sich \u00fcber Nutzung, Wiederverwendung und Reparatur bis hin zu Recycling und Rohstoffr\u00fcckgewinnung erstreckt.Ein Schwerpunkt des ersten Tages lag auf den sogenannten fr\u00fchen R-Strategien wie Refuse, Rethink, Redesign und Reduce.<\/p>\n<p>Expertinnen und Experten aus Unternehmen, Forschungseinrichtungen und Beratungen diskutieren, wie Produkte von Anfang an so gestaltet werden k\u00f6nnen, dass Materialien l\u00e4nger genutzt und besser im Kreislauf gef\u00fchrt werden.<\/p>\n<div id=\"attachment_90534\" class=\"wp-caption alignnone\" style=\"max-width: 2232px;\"><img loading=\"lazy\" decoding=\"async\" class=\"wp-image-90534 size-full\" src=\"\/wp-content\/uploads\/2026\/03\/Bild-11.03.26-um-16.44-1.jpeg\" alt=\"\" width=\"2222\" height=\"1422\" \/><span class=\"wp-caption-text\">Begr\u00fc\u00dften die G\u00e4ste: (v.l.) Moderatorin Ch\u00e9rine de Brujin, Prof. Dr. Manfred Renner (Fraunhofer UMSICHT), Dr. Dorothee Becker (Becker Group), Wolfram Diener (Messe D\u00fcsseldorf) und Dr. Carsten Gerhardt (Circular Valley) &#8211; \u00a9 Jan Turek \/ Circular Valley<\/span><\/div>\n<p>Auch Fragen der Rohstoffsicherung und resilienter Lieferketten stehen im Fokus. Beitr\u00e4ge aus Wissenschaft und Industrie zeigen, wie Circular Economy dazu beitragen kann, Abh\u00e4ngigkeiten von Prim\u00e4rrohstoffen zu reduzieren und Wertsch\u00f6pfung nachhaltiger zu organisieren.<\/p>\n<h4>Startups pr\u00e4sentieren Innovationen beim Demo Day<\/h4>\n<p>Ein besonderer Programmpunkt am ersten Veranstaltungstag ist der Demo Day des Circular Economy Accelerators von Circular Valley. Internationale Startups von mehreren Kontinenten pr\u00e4sentieren ihre L\u00f6sungen \u2013 von neuen Materialien \u00fcber digitale R\u00fcckverfolgbarkeit bis hin zu innovativen Recyclingverfahren.<\/p>\n<p>Parallel zum B\u00fchnenprogramm pr\u00e4sentieren mehr als 100 Unternehmen, Forschungseinrichtungen und Startups im Expo-Bereich konkrete Technologien und Gesch\u00e4ftsmodelle f\u00fcr die Circular Economy. Die Circular Valley Convention verbindet damit Fachkonferenz, Messe und Networking und bringt Akteure aus unterschiedlichen Branchen zusammen.<\/p>\n<h4>Ausblick auf den zweiten Veranstaltungstag<\/h4>\n<p>Am Donnerstag stehen weitere zentrale Hebel der Kreislaufwirtschaft im Mittelpunkt \u2013 darunter Recyclingtechnologien, digitale L\u00f6sungen f\u00fcr zirkul\u00e4re Wertsch\u00f6pfung sowie die Rolle von Energie und K\u00fcnstlicher Intelligenz. Erwartet werden unter anderem Impulse von Bundesumweltminister Carsten Schneider sowie NRW-Umweltminister Oliver Krischer.<\/p>\n<div id=\"attachment_90535\" class=\"wp-caption alignnone\" style=\"max-width: 2505px;\"><img loading=\"lazy\" decoding=\"async\" class=\"wp-image-90535 size-full\" src=\"\/wp-content\/uploads\/2026\/03\/Bild-11.03.26-um-16.44-2.jpeg\" alt=\"\" width=\"2495\" height=\"1465\" \/><span class=\"wp-caption-text\">Interessierte Zuh\u00f6rerinnen und Zuh\u00f6rer am ersten Tag der Circular Valley Convention in D\u00fcsseldorf &#8211; \u00a9 Jan Turek \/ Circular Valley<\/span><\/div>\n<p>Die Circular Valley Convention bringt am 11. und 12. M\u00e4rz 2026 internationale Akteure aus Politik, Industrie, Wissenschaft und Startups im Areal B\u00f6hler in D\u00fcsseldorf zusammen, um konkrete L\u00f6sungen f\u00fcr eine resiliente und wettbewerbsf\u00e4hige Kreislaufwirtschaft zu diskutieren.<\/p>\n<p>Mehr Informationen zur Circular Valley Convention 2026 gibt es unter <a href=\"https:\/\/019zz.mjt.lu\/lnk\/AVcAAJEvBL8AAc4qtWwAAAE2AKwAAAAARhAAAErQABrFpgBpsWpfX91GRYirTRCn7yWIa8MAygAZxGw\/1\/laQcud7GxE-Gsb1CDA6ULg\/aHR0cHM6Ly93d3cuY3ZjLWR1ZXNzZWxkb3JmLmNvbQ\">cvc-duesseldorf.com<\/a><\/p>\n<h4>\u00dcber Circular Valley<\/h4>\n<p>Circular Valley ist der internationale Hotspot f\u00fcr die Circular Economy mit Sitz in der erweiterten Rhein-Ruhr-Region. Die gemeinn\u00fctzige Circular Valley Stiftung bringt die relevanten Stakeholder an einen Tisch. Branchen- und technologie\u00fcbergreifend entwickeln Unternehmen, Startups, Wissenschaft und Politik gemeinsam L\u00f6sungen f\u00fcr die Transformation zu einer echten Kreislaufwirtschaft. \u00d6ffentlichkeitsarbeit, der weltweit erste Circular Economy Accelerator und Politikempfehlungen sind die Schwerpunkte der Stiftung<\/p>\n<p>&nbsp;<\/p>\n<p>&nbsp;<\/p>\n<p>&nbsp;<\/p>\n","protected":false},"excerpt":{"rendered":"<p>Innovation trifft Strategie! Die Circular Valley Convention 2026 ist am Mittwoch (11.03.) im D\u00fcsseldorfer Areal B\u00f6hler erfolgreich gestartet. Zwei Tage lang kommen rund 2.000 Vertreterinnen und Vertreter aus Politik, Industrie, Wissenschaft und Startups zusammen, um konkrete L\u00f6sungen f\u00fcr eine zirkul\u00e4re Wirtschaft zu diskutieren und zu pr\u00e4sentieren.<\/p>\n","protected":false},"author":7,"featured_media":0,"comment_status":"open","ping_status":"open","sticky":false,"template":"","format":"standard","meta":{"footnotes":""},"categories":[22],"tags":[],"class_list":["post-90529","post","type-post","status-publish","format-standard","hentry","category-wirtschaft"],"publishpress_future_action":{"enabled":false,"date":"2026-05-04 00:24:36","action":"change-status","newStatus":"draft","terms":[],"taxonomy":"category","extraData":[]},"publishpress_future_workflow_manual_trigger":{"enabledWorkflows":[]},"_links":{"self":[{"href":"https:\/\/www.die-stadtzeitung.de\/index.php\/wp-json\/wp\/v2\/posts\/90529","targetHints":{"allow":["GET"]}}],"collection":[{"href":"https:\/\/www.die-stadtzeitung.de\/index.php\/wp-json\/wp\/v2\/posts"}],"about":[{"href":"https:\/\/www.die-stadtzeitung.de\/index.php\/wp-json\/wp\/v2\/types\/post"}],"author":[{"embeddable":true,"href":"https:\/\/www.die-stadtzeitung.de\/index.php\/wp-json\/wp\/v2\/users\/7"}],"replies":[{"embeddable":true,"href":"https:\/\/www.die-stadtzeitung.de\/index.php\/wp-json\/wp\/v2\/comments?post=90529"}],"version-history":[{"count":4,"href":"https:\/\/www.die-stadtzeitung.de\/index.php\/wp-json\/wp\/v2\/posts\/90529\/revisions"}],"predecessor-version":[{"id":90537,"href":"https:\/\/www.die-stadtzeitung.de\/index.php\/wp-json\/wp\/v2\/posts\/90529\/revisions\/90537"}],"wp:attachment":[{"href":"https:\/\/www.die-stadtzeitung.de\/index.php\/wp-json\/wp\/v2\/media?parent=90529"}],"wp:term":[{"taxonomy":"category","embeddable":true,"href":"https:\/\/www.die-stadtzeitung.de\/index.php\/wp-json\/wp\/v2\/categories?post=90529"},{"taxonomy":"post_tag","embeddable":true,"href":"https:\/\/www.die-stadtzeitung.de\/index.php\/wp-json\/wp\/v2\/tags?post=90529"}],"curies":[{"name":"wp","href":"https:\/\/api.w.org\/{rel}","templated":true}]}}