{"id":90507,"date":"2026-03-05T00:10:16","date_gmt":"2026-03-04T23:10:16","guid":{"rendered":"https:\/\/www.die-stadtzeitung.de\/?p=90507"},"modified":"2026-03-16T08:14:09","modified_gmt":"2026-03-16T07:14:09","slug":"wsv-grosse-unruhe-im-klub-steigert-die-abstiegsgefahr","status":"publish","type":"post","link":"https:\/\/www.die-stadtzeitung.de\/index.php\/2026\/03\/05\/wsv-grosse-unruhe-im-klub-steigert-die-abstiegsgefahr\/","title":{"rendered":"WSV: Gro\u00dfe Unruhe im Klub steigert die Abstiegsgefahr!"},"content":{"rendered":"<div id=\"attachment_85757\" class=\"wp-caption alignnone\" style=\"max-width: 1368px;\"><img loading=\"lazy\" decoding=\"async\" class=\"wp-image-85757 size-full\" src=\"\/wp-content\/uploads\/2025\/07\/Manno-telefoniert-JC.jpg\" alt=\"\" width=\"1358\" height=\"905\" \/><span class=\"wp-caption-text\">Gaetano Manno, sportlicher Leiter des WSV, hat es wahrlich nicht leicht. Zuerst musste er das Kunstst\u00fcck vollbringen, mit einem Mini-Etat eine Regionalliga-Mannschafft zusammen zu stellen, jetzt wird er auch noch von der organisierten Fan-Szene als alleiniger &#8222;Sp\u00fcndenbock&#8220; abgestempelt &#8211; \u00a9 Archivfoto Jochen Classen<\/span><\/div>\n<p>\u201eUnruhe\u201c von au\u00dfen wird von verantwortlicher Seite in erster Linie als Hauptursache f\u00fcr den derzeit desolaten Zustand der Mannschaft gesehen. \u201eFeuer im Team\u201c, sp\u00fcrbare Spannungen, offene oder verdeckte Streitigkeiten, wirken nach Expertenmeinung wie ein Gift, welches Produktivit\u00e4t, Arbeitsmoral und den Zusammenhalt nachhaltig zerst\u00f6ren. Unruhen werden h\u00e4ufig im Arbeitsleben als \u201eteure Fehler\u201c gebrandmarkt.<\/p>\n<h4>\u201eFeuer im Team\u201c wirkt wie Gift<\/h4>\n<p>Vor der am 26.M\u00e4rz anstehenden Jahreshauptversammlung ist jetzt \u00f6ffentlich von zwei Lagern die Rede, die sich nicht gerade freundlich gesonnen sind und die Zukunft des Vereins gestalten m\u00f6chten. Von B\u00e4ckermeister Dirk Polick, seit August im Verwaltungsrat und noch Stellvertreter des inzwischen amtsm\u00fcden Vorsitzenden Dr. J\u00fcrgen Hoss, stammt die Ank\u00fcndigung, mit einer neuer Mannschaft zur Jahreshauptversammlung antreten zu wollen. Sp\u00e4testens damit wurden erheblichen Diskrepanzen innerhalb der WSV-F\u00fchrung erkennbar.<\/p>\n<h4>Lange Schatten: Treten Ex-WSVer wieder an?<\/h4>\n<p>Aus gut unterrichteten Kreisen war zu erfahren, dass Personen mit WSV-Vergangenheit zur\u00fcck ins Rampenlicht dr\u00e4ngen k\u00f6nnten. In dem Zusammenhang fallen die Namen von Ex-Vorstand Marvin Klotzkowsky und von Ex-Verwaltungsrat Eckhard Osberghaus, die sich angeblich zur Wahl stellen wollen, so glaubw\u00fcrdige Quellen. Das dementiert Marvin Klotzkowsky vehement: &#8222;Eckhard Osberghaus und ich sind \u00fcberhaupt keine Vereinsmitglieder des Wuppertalers SV mehr. Schon allein deswegen k\u00f6nnen wir gar nicht gew\u00e4hlt werden.&#8220;<\/p>\n<p>Im Gespr\u00e4ch ist auch Stephan K\u00fcster, im Januar ausgeschiedener Sportdirektor beim Drittligisten Viktoria K\u00f6ln (Vertrag wurde 2026 nicht verl\u00e4ngert). Er soll &#8211; so ist zu h\u00f6ren &#8211; nach den Pl\u00e4nen des einen Lagers Nachfolger von Sportdirektor Gaetano Manno werden. Dazu passt: Ex-WSV-Sportdirektor K\u00fcster ist seit Wochen st\u00e4ndiger Trib\u00fcnengast im Stadion am Zoo.<\/p>\n<p>Gaetano Manno bezieht klar Stellung zu den bekannt gewordenen Spekulationen: \u201eIch habe hier innerlich bereits abgeschlossen. Es geht aber nicht um mich, sondern um den WSV. Mein Ziel ist es, die Mannschaft \u00fcber den Strich zu halten und somit den Abstieg zu verhindern. Das ist immer noch m\u00f6glich!&#8220;<\/p>\n<p><strong>Die Zukunftsperspektiven fehlen<\/strong><\/p>\n<p>Eine der Kernfragen ist indessen, wie es sein kann, dass das WSV-Team mit etlichen Spielern, denen man \u00a0durchaus &#8222;Regionalliga-Reife&#8220; bescheinigen kann, im Abstiegskampf, wie zuletzt in Wiedenbr\u00fcck (0:4) oder zuhause gegen Paderborn (1:3), v\u00f6llig versagen konnte?<\/p>\n<div id=\"attachment_88715\" class=\"wp-caption alignnone\" style=\"max-width: 2172px;\"><img loading=\"lazy\" decoding=\"async\" class=\"size-full wp-image-88715\" src=\"\/wp-content\/uploads\/2025\/12\/Classen-31-10-2025-018.jpg\" alt=\"\" width=\"2162\" height=\"1441\" \/><span class=\"wp-caption-text\">Ex-Vorstandsmitglied Marvin Klotzkowsky (l.) wurde vom Verwaltungsrats-Vorsitzender Dr. Hoss (M.) und von Vorstand Dr. Leonhardt (r.) verabschiedet &#8211; taucht er demn\u00e4chst als WSV-Verwaltungsratsmitglied wieder auf? \u2013 \u00a9 Jochen Classen<\/span><\/div>\n<p>Seit dem 08.02.2025, nach der 0:1-Niederlage beim FC Schalke 04, steht der sportliche Leiter Gaetano Manno im Kreuzfeuer der Kritik. Seither gibt es kaum noch einen WSV-Auftritt, bei dem nicht lautstark oder mit Transparenten &#8211; selbst bei erfolgreichen Spielen &#8211; der Rauswurf des Sportdirektors gefordert wird. Der Ex-Kapit\u00e4n und Ex-Publikumsliebling ist als Sportdirektor f\u00fcr die Zusammensetzung des Kaders verantwortlich. Keine Frage. Aber Gaetano Manno stand f\u00fcr den Aufbau einer schlagkr\u00e4ftigen Regionalliga-Truppe nur ein denkbar knapper Etat zur Verf\u00fcgung. Dennoch wird er von der organisierten Fan-Szene zum &#8222;S\u00fcndenbock&#8220; abgestempelt. Die Konkurrenz \u00a0lacht sich ins F\u00e4ustchen.<\/p>\n<p>W\u00e4hrend in Wuppertal im Abstiegskampf rund um den Verein gro\u00dfe Unruhe herrscht und gepfiffen wird, unterst\u00fctzen die Fans in Velbert, Wiedenbr\u00fcck , Bochum oder R\u00f6dinghausen ihre Mannschaft \u201eohne wenn und aber&#8220;. Das Ergebnis: Die SSVg Velbert, lange abgeschlagenes Tabellenschlusslicht, landete in den letzten Wochen drei Siege und auch die U23 des VfL Bochum sammelte pl\u00f6tzlich Punkte. Das macht die Sache f\u00fcr den WSV nicht leichter.<\/p>\n<p>Inwieweit also strahlt die Unruhe von au\u00dfen auf das sportliche Team und dessen Spielanlage aus? Die Antwort: Weil Gaetano Manno als sportlicher Leiter durch die Vereinsf\u00fchrung keine klare und unmissverst\u00e4ndliche R\u00fcckendeckung erf\u00e4hrt, ist seine Autorit\u00e4t nachhaltig besch\u00e4digt und damit sein Einflu\u00df und sein Handlungsspielraum stark begrenzt. Nicht wenige Beobachter glauben inzwischen, dass die Vereinsf\u00fchrung mit einem S\u00fcndenbock und Blitzableiter Gaetano Manno sehr gut leben kann. \u201eWarum sonst positioniert sie sich nicht eindeutig?\u201c wird inzwischen gefragt.<\/p>\n<h4>Es geht um mehr als um die Person Manno<\/h4>\n<p>Dabei geht es um weitaus mehr als die Person Gaetano Manno. Die Spieler, deren Vertr\u00e4ge auslaufen, brauchen eine Zukunfts-Perspektive und Planungssicherheit. Doch die kann die Gaetano Manno als vermeintliches Auslaufmodell keinem mehr bieten. Jeder muss davon ausgehen: \u201eDer ist ohnehin bald weg, sein Wort z\u00e4hlt nichts mehr.&#8220; \u00a0W\u00e4hrend andere Klubs schon das Kader-Ger\u00fcst f\u00fcr die neue Saison zimmern, kann beim WSV (auch angesichts von Geldn\u00f6ten) im Moment niemand einem Spieler, der eigentlich gehalten werden soll, ein seri\u00f6ses, l\u00e4ngerfristiges Angebot machen. Diese Tatsache l\u00f6st gro\u00dfe Unsicherheit aus und schl\u00e4gt sich letztendlich auf die Leistung nieder. Spieler, die sich Sorgen um die Zukunft machen, bringen selten Topform.<\/p>\n<p>Das kann nicht ohne Folgen bleiben, es sei denn, man akzeptiert, dass der WSV &#8211; vorausgesetzt er schafft den Klassenerhalt \u00fcberhaupt noch &#8211; auch in der n\u00e4chsten Spielzeit wieder mit einer komplett neuen Mannschaft antreten muss. Nachhaltigkeit sieht anders aus. Dieses Dilemma d\u00fcrfte auch eine Folge von Fehlern sein, die lange vor Gaetano Mannos Amtszeit gemacht wurden.<\/p>\n<p>Ungeachtet dieser prek\u00e4ren Ausgangslage hofft man beim WSV aktuell immer noch darauf, dass die bestehenden Chancen auf den Klassenerhalt doch noch genutzt werden. Die n\u00e4chsten drei Spiel m\u00fcssen zeigen, ob auch das Umfeld begreift, dass es hier um mehr geht, als um Gaetano Manno und die Kampagne vielleicht doch &#8211; als positives Signal an die Mannschaft &#8211; ruhen l\u00e4sst.<\/p>\n<p>Freitag geht es noch Siegen, Dienstag nach SV R\u00f6dinghausen, bevor am 21. M\u00e4rz die SF Lotte zu Gast sein werden. Theoretisch k\u00f6nnte man da bis zu neun Punkte holen, womit die Welt aus Wuppertaler Fan-Sicht schlagartig wieder besser aussehen w\u00fcrde. Wohlgemerkt k\u00f6nnte. Schon am Freitag sind zumindest mit den beiden zuletzt gelbgesperrten Levin M\u00fcller (22) und Toshiaki Miyamoto (26) sowie dem genesenen Marko Stojanovic (31) wieder drei etatm\u00e4\u00dfige Au\u00dfenverteidiger dabei, die der Abwehr Halt verleihen k\u00f6nnten.<\/p>\n<p><b>Text: Siegfried J\u00e4hne<\/b><\/p>\n","protected":false},"excerpt":{"rendered":"<p>Gro\u00dfe Unruhe beherrscht aktuell die Szene beim abstiegsgef\u00e4hrdeten Wuppertaler SV. Dabei stehen dem Traditionsverein entscheidende Wochen ins Haus. Es geht um nicht mehr und nicht weniger als um die Frage, ob es in der Bergischen Metropole auch in Zukunft noch Profi-Fu\u00dfball in der vierth\u00f6chsten deutschen Spielklasse geben wird. \u00dcber den Weg, den Absturz noch zu vermeiden, scheiden sich aber ganz offensichtlich die Geister.\u00a0<\/p>\n","protected":false},"author":7,"featured_media":0,"comment_status":"open","ping_status":"open","sticky":false,"template":"","format":"standard","meta":{"footnotes":""},"categories":[20],"tags":[],"class_list":["post-90507","post","type-post","status-publish","format-standard","hentry","category-sport"],"publishpress_future_action":{"enabled":false,"date":"2026-05-06 17:10:37","action":"change-status","newStatus":"draft","terms":[],"taxonomy":"category","extraData":[]},"publishpress_future_workflow_manual_trigger":{"enabledWorkflows":[]},"_links":{"self":[{"href":"https:\/\/www.die-stadtzeitung.de\/index.php\/wp-json\/wp\/v2\/posts\/90507","targetHints":{"allow":["GET"]}}],"collection":[{"href":"https:\/\/www.die-stadtzeitung.de\/index.php\/wp-json\/wp\/v2\/posts"}],"about":[{"href":"https:\/\/www.die-stadtzeitung.de\/index.php\/wp-json\/wp\/v2\/types\/post"}],"author":[{"embeddable":true,"href":"https:\/\/www.die-stadtzeitung.de\/index.php\/wp-json\/wp\/v2\/users\/7"}],"replies":[{"embeddable":true,"href":"https:\/\/www.die-stadtzeitung.de\/index.php\/wp-json\/wp\/v2\/comments?post=90507"}],"version-history":[{"count":8,"href":"https:\/\/www.die-stadtzeitung.de\/index.php\/wp-json\/wp\/v2\/posts\/90507\/revisions"}],"predecessor-version":[{"id":90542,"href":"https:\/\/www.die-stadtzeitung.de\/index.php\/wp-json\/wp\/v2\/posts\/90507\/revisions\/90542"}],"wp:attachment":[{"href":"https:\/\/www.die-stadtzeitung.de\/index.php\/wp-json\/wp\/v2\/media?parent=90507"}],"wp:term":[{"taxonomy":"category","embeddable":true,"href":"https:\/\/www.die-stadtzeitung.de\/index.php\/wp-json\/wp\/v2\/categories?post=90507"},{"taxonomy":"post_tag","embeddable":true,"href":"https:\/\/www.die-stadtzeitung.de\/index.php\/wp-json\/wp\/v2\/tags?post=90507"}],"curies":[{"name":"wp","href":"https:\/\/api.w.org\/{rel}","templated":true}]}}