{"id":90501,"date":"2026-03-05T20:54:11","date_gmt":"2026-03-05T19:54:11","guid":{"rendered":"https:\/\/www.die-stadtzeitung.de\/?p=90501"},"modified":"2026-03-17T07:29:21","modified_gmt":"2026-03-17T06:29:21","slug":"junior-uni-ein-atelier-fuer-junge-kunst-talente","status":"publish","type":"post","link":"https:\/\/www.die-stadtzeitung.de\/index.php\/2026\/03\/05\/junior-uni-ein-atelier-fuer-junge-kunst-talente\/","title":{"rendered":"Junior Uni: Ein Atelier f\u00fcr junge Kunst-Talente"},"content":{"rendered":"<div id=\"attachment_90503\" class=\"wp-caption alignnone\" style=\"max-width: 2570px;\"><img loading=\"lazy\" decoding=\"async\" class=\"wp-image-90503 size-full\" src=\"\/wp-content\/uploads\/2026\/03\/Kunstatelier-an-der-Junior-Uni-1-scaled.jpeg\" alt=\"\" width=\"2560\" height=\"1728\" \/><span class=\"wp-caption-text\">Viel Raum f\u00fcr Kreativit\u00e4t gibt es im neuen Kunstatelier der Wuppertaler Junior Uni. Die \u201eEDEfanten\u201c lie\u00dfen es sich nicht nehmen, den Raum gemeinsam mit Junior Uni-Dozentin Philine Halstenbach, Erzieherin Meike Drein, Jennifer Tr\u00e4ptau, Nachhaltigkeitsbeauftragte der E\/D\/E Gruppe und Stefanie Schmitz, Einrichtungsleiterin der Kita \u201eEDEfanten\u201c,\u00a0 (2. Reihe v.l.n.r) mit einem Kunst-Workshop zum Thema \u201eAu\u00dferirdische\u201c einzuweihen &#8211; \u00a9 Torsten Cronauge<\/span><\/div>\n<p>Der speziell ausgestattete Kunstraum wird ab dem kommenden Sommersemester f\u00fcr Kurse genutzt. Erm\u00f6glicht wurde die Umsetzung durch eine F\u00f6rderung der Einkaufsb\u00fcro Deutscher Eisenh\u00e4ndler GmbH (E\/D\/E).<\/p>\n<p>Mit dem neuen Atelier schafft die Junior Uni erstmals einen eigenen Raum ausschlie\u00dflich f\u00fcr k\u00fcnstlerische und kulturelle Bildungsangebote. Ziel ist es, Kindern und Jugendlichen im Alter von vier bis zwanzig Jahren einen inspirierenden Lernort zu bieten, an dem sie sich kreativ ausdr\u00fccken, experimentieren und gemeinsam arbeiten k\u00f6nnen \u2013 unabh\u00e4ngig von ihrem sozialen oder famili\u00e4ren Hintergrund.<span class=\"Apple-converted-space\">\u00a0<\/span><\/p>\n<p>Neben klassischen Kunstformaten sind auch interdisziplin\u00e4re Angebote geplant, die k\u00fcnstlerische Ans\u00e4tze mit naturwissenschaftlichen oder technischen Inhalten verbinden.<\/p>\n<p>Die Junior Uni-Studierenden waren in die Umgestaltung des Raumes einbezogen und durften sich an einer der Atelierw\u00e4nde k\u00fcnstlerisch ausdr\u00fccken.<span class=\"Apple-converted-space\">\u00a0<\/span><\/p>\n<p>Entstanden ist eine farbenfrohe Wand, die pr\u00e4gende Motive der Stadt aufgreift: Zu sehen sind unter anderem die Schwebebahn, die Wupper, die Junior Uni selbst sowie zahlreiche Tiere und Pflanzen. So wird der Raum auch atmosph\u00e4risch zu einem Ort, der Identifikation und Kreativit\u00e4t f\u00f6rdert.<\/p>\n<div id=\"attachment_90504\" class=\"wp-caption alignnone\" style=\"max-width: 710px;\"><img loading=\"lazy\" decoding=\"async\" class=\"wp-image-90504 size-full\" src=\"\/wp-content\/uploads\/2026\/03\/image006.png\" alt=\"\" width=\"700\" height=\"350\" \/><span class=\"wp-caption-text\">Am Samstag (14.03.) von 11 &#8211; 14 Uhr pr\u00e4sentieren Nachwuchsk\u00fcnstlerinnen und Nachwuchsk\u00fcnstler der Junior Uni bei einer Vernissage ihre Kunstwerke &#8211; \u00a9 Torsten Cronauge<\/span><\/div>\n<p>\u201eKulturelle Bildung er\u00f6ffnet Kindern und Jugendlichen wichtige Zug\u00e4nge zu Selbstwahrnehmung, Ausdruck und gesellschaftlicher Teilhabe. Mit dem neuen Kunstatelier unterst\u00fctzen wir einen Lernraum, der genau diese Potenziale st\u00e4rkt und jungen Menschen vielf\u00e4ltige kreative Erfahrungen erm\u00f6glicht\u201c, sagt Jennifer Tr\u00e4ptau, Nachhaltigkeitsbeauftragte der E\/D\/E Gruppe.<span class=\"Apple-converted-space\">\u00a0<\/span><\/p>\n<p>Sie war gemeinsam mit sechs Kindern und Erzieherinnen aus der E\/D\/E eigenen Kindertagesst\u00e4tte \u201eDie EDEfanten\u201c ins \u201eWupper-Atelier\u201c gekommen, die das neue Kunst- &amp; Kultur-Zuhause mit Junior Uni-Dozentin Philine Halstenbach geb\u00fchrend einweihten. Im Kunstworkshop der Kita-Kinder entstanden viele kleine, bunte Au\u00dferirdische.<\/p>\n<p>Die Junior Uni sieht in dem neuen Atelier einen wichtigen Schritt f\u00fcr ihr Bildungsangebot: \u201eMit dem Kunstatelier schaffen wir einen Raum, der unseren k\u00fcnstlerischen und interdisziplin\u00e4ren Kursen endlich die passende Umgebung gibt. Hier k\u00f6nnen Kinder und Jugendliche kreativ arbeiten, Neues ausprobieren und ihre eigenen Ideen sichtbar machen\u201c, erkl\u00e4rt Dr. Ariane Staab, Gesch\u00e4ftsf\u00fchrerin der Junior Uni Wuppertal.<\/p>\n<p>Das Kunstatelier liegt im Erdgeschoss der Junior Uni und ist vom Au\u00dfengel\u00e4nde aus einsehbar. Dadurch wirkt es bewusst offen und einladend und unterstreicht die Bedeutung kultureller Bildung als festen Bestandteil des Kursangebots der Junior Uni.<\/p>\n<p><strong>Link zur Webseite der Junior Uni Wuppertal:<\/strong><\/p>\n<p><a href=\"http:\/\/www.junioruni-wuppertal.de\">http:\/\/www.junioruni-wuppertal.de<\/a><\/p>\n<p>&nbsp;<\/p>\n<p>&nbsp;<\/p>\n<p>&nbsp;<\/p>\n","protected":false},"excerpt":{"rendered":"<p>Ein Raum f\u00fcr junge Kunst-Talente! Im Erdgeschoss der Junior Uni Wuppertal ist das \u201eWupper-Atelier\u201c entstanden, in dem Nachwuchsk\u00fcnstlerinnen und Nachwuchsk\u00fcnstler ab sofort alles vorfinden, was das kreative Herz begehrt.\u00a0<\/p>\n","protected":false},"author":7,"featured_media":0,"comment_status":"open","ping_status":"open","sticky":false,"template":"","format":"standard","meta":{"footnotes":""},"categories":[27],"tags":[],"class_list":["post-90501","post","type-post","status-publish","format-standard","hentry","category-wissen"],"publishpress_future_action":{"enabled":false,"date":"2026-05-08 08:07:34","action":"change-status","newStatus":"draft","terms":[],"taxonomy":"category","extraData":[]},"publishpress_future_workflow_manual_trigger":{"enabledWorkflows":[]},"_links":{"self":[{"href":"https:\/\/www.die-stadtzeitung.de\/index.php\/wp-json\/wp\/v2\/posts\/90501","targetHints":{"allow":["GET"]}}],"collection":[{"href":"https:\/\/www.die-stadtzeitung.de\/index.php\/wp-json\/wp\/v2\/posts"}],"about":[{"href":"https:\/\/www.die-stadtzeitung.de\/index.php\/wp-json\/wp\/v2\/types\/post"}],"author":[{"embeddable":true,"href":"https:\/\/www.die-stadtzeitung.de\/index.php\/wp-json\/wp\/v2\/users\/7"}],"replies":[{"embeddable":true,"href":"https:\/\/www.die-stadtzeitung.de\/index.php\/wp-json\/wp\/v2\/comments?post=90501"}],"version-history":[{"count":2,"href":"https:\/\/www.die-stadtzeitung.de\/index.php\/wp-json\/wp\/v2\/posts\/90501\/revisions"}],"predecessor-version":[{"id":90506,"href":"https:\/\/www.die-stadtzeitung.de\/index.php\/wp-json\/wp\/v2\/posts\/90501\/revisions\/90506"}],"wp:attachment":[{"href":"https:\/\/www.die-stadtzeitung.de\/index.php\/wp-json\/wp\/v2\/media?parent=90501"}],"wp:term":[{"taxonomy":"category","embeddable":true,"href":"https:\/\/www.die-stadtzeitung.de\/index.php\/wp-json\/wp\/v2\/categories?post=90501"},{"taxonomy":"post_tag","embeddable":true,"href":"https:\/\/www.die-stadtzeitung.de\/index.php\/wp-json\/wp\/v2\/tags?post=90501"}],"curies":[{"name":"wp","href":"https:\/\/api.w.org\/{rel}","templated":true}]}}