{"id":90426,"date":"2026-03-03T11:08:30","date_gmt":"2026-03-03T10:08:30","guid":{"rendered":"https:\/\/www.die-stadtzeitung.de\/?p=90426"},"modified":"2026-03-11T00:13:54","modified_gmt":"2026-03-10T23:13:54","slug":"wsv-heimniederlage-schlimmer-geht-immer","status":"publish","type":"post","link":"https:\/\/www.die-stadtzeitung.de\/index.php\/2026\/03\/03\/wsv-heimniederlage-schlimmer-geht-immer\/","title":{"rendered":"WSV-Heimniederlage: Schlimmer geht immer"},"content":{"rendered":"<div id=\"attachment_90428\" class=\"wp-caption alignnone\" style=\"max-width: 2570px;\"><img loading=\"lazy\" decoding=\"async\" class=\"wp-image-90428 size-full\" src=\"\/wp-content\/uploads\/2026\/03\/Classen-07-03-2026-0015-scaled.jpeg\" alt=\"\" width=\"2560\" height=\"1707\" \/><span class=\"wp-caption-text\">Ein Foto mit Symbolcharakter: Ein nachdenklicher WSV-Sportdirektor Gaetano Manno, den die organisierte Fan-Szene zum alleinigen &#8222;S\u00fcndenbock&#8220; auserkoren hat &#8211; \u00a9 Sportfotodienst Wuppertal \/ Jochen Classen.<\/span><\/div>\n<p>Es war vor 1.304 Zuschauern ein schwaches Regionalliga-Spiel. W\u00e4hrend der \u00fcbergl\u00fcckliche G\u00e4ste-Trainer Thomas Bertels eingestand, einfachen, schn\u00f6rkellosen Fu\u00dfball geboten zu haben, sah sich WSV-Coach Mike Wunderlich zu einer Situationsbeschreibung gen\u00f6tigt: \u201eSo wird es extrem schwer &#8211; es wird nicht einfacher\u201c. Da wird ihm niemand widersprechen. Ein anderer Satz von ihm l\u00e4\u00dft erkennen, wie schwer es inzwischen f\u00fcr die Wuppertaler geworden ist. Mike Wunderlich musste gestehen: \u201eWir hatten heute nach vorne keine richtige Torchance\u201c.<\/p>\n<h4>\u201eTorj\u00e4ger\u201c Amin Bouzraa kam erst in der 75. Minute<\/h4>\n<p>Seinen gef\u00e4hrlichsten St\u00fcrmer, Amin Bouzraa\u00a0 (bisher 5 Treffer), hatte der WSV-Coach indessen auch erst in der 75. Minute f\u00fcr den diesmal wenig \u00fcberzeugenden Josue Santos gebracht. Auch Dildar Atmaca kam erst 12 Minuten nach dem Seitenwechsel f\u00fcr Fritz Kleiner aufs Feld und lie\u00df dann bald seine Sturmqualit\u00e4ten aufblitzen. Der Anschlusstreffer ging jedenfalls auf Atmacas Konto, als er den Ball zum 1:2 unter die Latte donnerte.<\/p>\n<div id=\"attachment_90429\" class=\"wp-caption alignnone\" style=\"max-width: 2365px;\"><img loading=\"lazy\" decoding=\"async\" class=\"wp-image-90429 size-full\" src=\"\/wp-content\/uploads\/2026\/03\/Classen-07-03-2026-0061.jpeg\" alt=\"\" width=\"2355\" height=\"1630\" \/><span class=\"wp-caption-text\">Und schon wieder klingelte es im WSV-Tor. Torh\u00fcter Luyambula und seine Vorderleute Bielitza und Dervisievic (M.) konnten den Paderborner Treffer nicht verhindern &#8211; \u00a9 Sportfotodienst Wuppertal \/ Jochen Classen<\/span><\/div>\n<p>Danach kam im Stadion am Zoo endlich auch so etwas wie Stimmung auf, nicht aber die erhoffte Aufholjagd. Im Gegenteil: Der lange verletzungsbedingt fehlende Mittelfeldspieler Semir Saric wurde zu einer Entt\u00e4uschung, als er in der 78. Minute eingewechselt, sich nach nur sechs Minuten \u00fcbermotiviert ein v\u00f6llig \u00fcberfl\u00fcssiges Foul leistete, f\u00fcr die er \u201eGelb\u201c sah. Der folgende Freisto\u00df f\u00fchrte durch Kevin Krumme per Kopfball zum dritten Treffer f\u00fcr die G\u00e4ste. Es war die endg\u00fcltige Entscheidung.<\/p>\n<h4>Nach \u201eEckball-Orgien\u201c ging die Luft raus<\/h4>\n<p>Der WSV begann die Begegnung \u00fcberraschend forsch und engagiert. In der ersten Viertelstunde hatte man den Eindruck, dass es Lehren aus dem Wiedenbr\u00fccker 0:4-Debakel gegeben h\u00e4tte. Der Einsatz stimmte zun\u00e4chst, bis es erneut zu haarstr\u00e4ubenden Szenen im Wuppertaler Strafraum kam. Man k\u00f6nnte von \u201eEckballorgien\u201c der G\u00e4ste sprechen, die den WSV mit ihren Standards heftig unter Druck setzen. Der gerade erst 18 gewordene Mittelst\u00fcrmer Lasse Eickel, eine Jugend-Nationalspieler, nutzte mit seinem ersten Saison-Tor die Abwehrl\u00fccken zur F\u00fchrung f\u00fcr die Paderborner (32.).<\/p>\n<div id=\"attachment_90430\" class=\"wp-caption alignnone\" style=\"max-width: 2570px;\"><img loading=\"lazy\" decoding=\"async\" class=\"wp-image-90430 size-full\" src=\"\/wp-content\/uploads\/2026\/03\/IMG_8769-scaled.jpeg\" alt=\"\" width=\"2560\" height=\"1814\" \/><span class=\"wp-caption-text\">WSV-Stadionsprecher Sam Burth war diesmal aus Kommentator f\u00fcr den Streamingdienst &#8222;League Football&#8220; im Stadion am Zoo am Mikrofon &#8211; \u00a9 Siegfried J\u00e4hne<\/span><\/div>\n<p>Sp\u00e4testens hier zeigte sich das wahre Dilemma dieses Tages: Trainer Wunderlich musste gleich vier gestandene Abwehrspieler ersetzen. Und gleichzeitig sollte unbedingt verhindert werden, wieder schnelle Gegentorte (wie zuletzt!) zu kassieren. Allein diese Tatsache engte seine taktischen M\u00f6glichkeiten von vornherein erheblich ein.<\/p>\n<p>Das Schlimme war, dass der WSV damit keine schnellem Entlastungsangriffe starten konnte, die Offensive blieb somit wirkungslos. So fiel dann auch der zweite Treffer f\u00fcr die G\u00e4ste nahezu zwangsl\u00e4ufig. Kevin Krumme erzielte nach einer Ecke das 0:2 (41.). Ein denkbar ungl\u00fccklicher Zeitpunkt f\u00fcr den WSV, aber mit dem Ergebnis ging es in die Pause ging.<\/p>\n<p>Auch in der zweiten Halbzeit wurde der Mangel an Qualit\u00e4t deutlich sichtbar. Qualit\u00e4t durfte man indessen dem 31j\u00e4hrigen Schiedsrichter Bj\u00f6rn Sauer (SV Netphen, Kreis Siegen-Wittgenstein) bescheinigen, der in entscheidenden Situationen viel Fingerspitzengef\u00fchl entwickelte.<\/p>\n<h4>Regionalliga-Tauglichkeit in Frage gestellt<\/h4>\n<p>Thomas Bertels mit seinen \u201eFohlen\u201c hatte es deutlich leichter, als sein Kollege Mike Wunderlich. Auch wenn seine Mannschaft ebenfalls nicht voll \u00fcberzeugte, so konnte er doch aus einem Potential sch\u00f6pfen, welches nach ihrer Bundesligatauglichkeit ausgew\u00e4hlt ist, nicht f\u00fcr einen Abstiegskampf in der Regionalliga.<\/p>\n<p>Das macht den Unterschied! Der WSV-nahe Sam Burth (sonst auch Stadionspfecher) stellte in einer gekonnten Live-Reportage f\u00fcr \u201eLeague Football\u201c (Livestreaming) an diesem Tage sogar die \u201eRegionalliga-Tauglichkeit\u201c der Rotblauen in Frage.<\/p>\n<div id=\"attachment_90431\" class=\"wp-caption alignnone\" style=\"max-width: 2570px;\"><img loading=\"lazy\" decoding=\"async\" class=\"wp-image-90431 size-full\" src=\"\/wp-content\/uploads\/2026\/03\/IMG_8760-scaled.jpeg\" alt=\"\" width=\"2560\" height=\"1959\" \/><span class=\"wp-caption-text\">Der WDR war mit einem Kamerateam vor Ort. Allerdings ging es da nicht um Fu\u00dfball, sondern um die &#8222;Olympia-Bewerbung&#8220; der Stadt Wuppertal &#8211; \u00a9 Siegfried J\u00e4hne<\/span><\/div>\n<p>Welche Eindr\u00fccke das angereiste WDR-Team im Zoo-Stadion gewann, wird man erst in ihrer April-Sendung zum Thema \u201eOlympia-Bewerbung\u201c sehen, wo Wuppertal den Hut in den Ring geworfen hat (wir berichteten). Allerdings hat Sportamtsleiterin Alexandra Szlagowski als Interviewpartnerin noch die M\u00f6glichkeit, mit guten Argumenten einiges gerade zu r\u00fccken. \u201eWir m\u00fcssen in Wuppertal zukunftsorientiert denken, die Kinder, die hier Olympia erleben sollen, sind noch gar nicht geboren\u201c, brachte sie zuletzt in der \u201ePolitischen Runde\u201c an der Volkshochschule das Thema auf den Punkt.<\/p>\n<h4>Zukunftsf\u00e4higes Denken ist gefragt<\/h4>\n<p>Zukunftsorientiertes Denken ist indessen auch beim WSV mehr denn je gefragt. Die Chance, das grottenschlechte, derzeitige Vereinsbild zu korrigieren, besteht schon am 26. M\u00e4rz, wenn sich die WSV-Familie im Barmer-Bahnhof zur Jahreshauptversammlung trifft. Vielleicht wird man hier auch mehr Licht ins Dunkel bringen und sich nicht nur an dem Sportlichen Leiter Gaetano Manno abreagieren, der mit einem denkbar knappen Saisonetat arbeiten muss. Man denke nur an die j\u00fcngsten, \u00fcberregionalen Berichte \u00fcber den Wuppertaler Fu\u00dfball-Aush\u00e4ngeschild. So titelte die in D\u00fcsseldorf erscheinende Rheinischen Post in der letzten Woche \u201eDieser NRW-Traditionsverein soll vor dem Aus stehen\u201c.<\/p>\n<p>\u201eSchlimmer geht Immer\u201c, dieser philosophische Pessimismus hat den Vorteil, dass man oft positiv \u00fcberrascht wird, wenn das tats\u00e4chliche Ergebnis besser als bef\u00fcrchtet ausf\u00e4llt. Noch kann sich der WSV selbst aus dem Abstiegsstrudel befreien. Noch stehen zehn Spiele auf dem Programm, das n\u00e4chste findet am kommenden Freitag unter Flutlicht in Siegen statt.<\/p>\n<p><b>Text: Siegfried J\u00e4hne<\/b><\/p>\n<div id=\"attachment_90432\" class=\"wp-caption alignnone\" style=\"max-width: 2570px;\"><img loading=\"lazy\" decoding=\"async\" class=\"wp-image-90432 size-full\" src=\"\/wp-content\/uploads\/2026\/03\/Classen-07-03-2026-0155-scaled.jpeg\" alt=\"\" width=\"2560\" height=\"914\" \/><span class=\"wp-caption-text\">Zufrieden konnte bei der Pressekonferenz nach dem Spiel nur Paderborns Trainer Thomas Bertels (l.) sein. WSV-Pressesprecher Jonas J\u00fctz (M.) und Cheftrainer Mike Wunderlich schauen sorgenvoll in die Zukunft &#8211; \u00a0\u00a9 Sportfotodienst Wuppertal \/ Jochen Classen<\/span><\/div>\n<h4>Wuppertaler SV &#8211; SC Paderborn U23 1:3 (1:2)<\/h4>\n<p><b>Aufstellung des Wuppertaler SV<\/b>: Luyambula &#8211; Dervisevic, Duncan, Bielitza (57. Rebronja) &#8211; Nishimura, Durgun (78. Saric), Aydogan (57. Fehr), Schaub &#8211; Hirschberger, Santo (75. Bouzraa), Kleiner (57. Atmaca)<\/p>\n<p><b>Aufstellung des SC Paderborn U23:<\/b> Puhs &#8211; B\u00f6hmer, Krumme, Fl\u00f6rke &#8211; Kiewitt (67. Babak), Kojic, Br\u00f6ger (86. Lima), Peters &#8211; Copado (81. Becker), Eickel (86. Ringbeck), Restrepo Noranjo<\/p>\n<p><b>Tore: <\/b>0:1 Eickel (32.), 0:2 Krumme (42.), 1:2 Atmaca (66.), 1:3 Krumme (84.)<\/p>\n<p><b>Gelbe Karten:<\/b> Saric, Hirschberger &#8211; Babak<\/p>\n<p><b>Schiedsrichter:<\/b> Bj\u00f6rn Sauer (SV Netphen, Siegen-Wittgenstrein)<\/p>\n","protected":false},"excerpt":{"rendered":"<p>\u201eSchlimmer geht immer\u201c. Diese in der deutschen Kultur verankerte pessimistische Einstellung, l\u00e4\u00dft sich aktuell auch auf den Wuppertaler SV \u00fcbertragen. Als beim WSV-Team am Samstag im Heimspiel gegen die U23 des SC Paderborn die erhoffte Trendwende erneut ausblieb, riefen die Fans in der Nordkurve den Spielern resigniert zu: \u201eAbsteiger, Absteiger\u201c und einmal mehr entlud sich nach der 1:3-Niederlage der ganze Frust auf den sportlichen Leiter Gaetano Manno: \u201eManno raus!\u201c. Soll etwa er allein schuld an der sportlichen Misere sein?<\/p>\n","protected":false},"author":7,"featured_media":0,"comment_status":"open","ping_status":"open","sticky":false,"template":"","format":"standard","meta":{"footnotes":""},"categories":[20],"tags":[],"class_list":["post-90426","post","type-post","status-publish","format-standard","hentry","category-sport"],"publishpress_future_action":{"enabled":false,"date":"2026-05-06 22:29:59","action":"change-status","newStatus":"draft","terms":[],"taxonomy":"category","extraData":[]},"publishpress_future_workflow_manual_trigger":{"enabledWorkflows":[]},"_links":{"self":[{"href":"https:\/\/www.die-stadtzeitung.de\/index.php\/wp-json\/wp\/v2\/posts\/90426","targetHints":{"allow":["GET"]}}],"collection":[{"href":"https:\/\/www.die-stadtzeitung.de\/index.php\/wp-json\/wp\/v2\/posts"}],"about":[{"href":"https:\/\/www.die-stadtzeitung.de\/index.php\/wp-json\/wp\/v2\/types\/post"}],"author":[{"embeddable":true,"href":"https:\/\/www.die-stadtzeitung.de\/index.php\/wp-json\/wp\/v2\/users\/7"}],"replies":[{"embeddable":true,"href":"https:\/\/www.die-stadtzeitung.de\/index.php\/wp-json\/wp\/v2\/comments?post=90426"}],"version-history":[{"count":5,"href":"https:\/\/www.die-stadtzeitung.de\/index.php\/wp-json\/wp\/v2\/posts\/90426\/revisions"}],"predecessor-version":[{"id":90436,"href":"https:\/\/www.die-stadtzeitung.de\/index.php\/wp-json\/wp\/v2\/posts\/90426\/revisions\/90436"}],"wp:attachment":[{"href":"https:\/\/www.die-stadtzeitung.de\/index.php\/wp-json\/wp\/v2\/media?parent=90426"}],"wp:term":[{"taxonomy":"category","embeddable":true,"href":"https:\/\/www.die-stadtzeitung.de\/index.php\/wp-json\/wp\/v2\/categories?post=90426"},{"taxonomy":"post_tag","embeddable":true,"href":"https:\/\/www.die-stadtzeitung.de\/index.php\/wp-json\/wp\/v2\/tags?post=90426"}],"curies":[{"name":"wp","href":"https:\/\/api.w.org\/{rel}","templated":true}]}}