{"id":90419,"date":"2026-03-01T09:02:53","date_gmt":"2026-03-01T08:02:53","guid":{"rendered":"https:\/\/www.die-stadtzeitung.de\/?p=90419"},"modified":"2026-03-10T13:47:50","modified_gmt":"2026-03-10T12:47:50","slug":"viel-spass-bei-der-ersten-komischen-nacht","status":"publish","type":"post","link":"https:\/\/www.die-stadtzeitung.de\/index.php\/2026\/03\/01\/viel-spass-bei-der-ersten-komischen-nacht\/","title":{"rendered":"Viel Spass bei der ersten &#8222;Komischen Nacht&#8220;"},"content":{"rendered":"<div id=\"attachment_90421\" class=\"wp-caption alignnone\" style=\"max-width: 2432px;\"><img loading=\"lazy\" decoding=\"async\" class=\"wp-image-90421 size-full\" src=\"\/wp-content\/uploads\/2026\/03\/Florian-Simbeck-c-Florian-Simbeck-cmyk.jpg\" alt=\"\" width=\"2422\" height=\"1565\" \/><span class=\"wp-caption-text\">Der erfolgreiche Stand-up-Comedian Florian Simbeck &#8211; \u00a9 Florian Simbeck<\/span><\/div>\n<p>Bis zu f\u00fcnf hochkar\u00e4tige Comedy-Acts kann man insgesamt an diesem Abend live erleben. Soviel Spass bekommt man sonst bei keiner anderen Comedyshow. Das Beste ist, die G\u00e4ste bleiben in ihrem Lieblingslokal sitzen, w\u00e4hrend die Showacts zwischen den Auftrittsorten rotieren &#8211; Comedy-Marathon f\u00fcr die K\u00fcnstlerinnen und K\u00fcnstler &#8211; urgem\u00fctlicher Spa\u00df f\u00fcr die G\u00e4ste.<\/p>\n<p>In Zusammenarbeit mit mehreren Gastronomen, pr\u00e4sentiert die Agentur \u201eMitunskannman.reden\u201c an einem Abend so verschiedene Comedians und andere Spa\u00dfmacher, die ihr Publikum abwechslungsreich und kurzweilig durch den Abend begleiten. Bekannt durch Auftritte im \u201eQuatsch Comedy Club\u201c, bei \u201eNightwash\u201c und der \u201eKomischen Nacht\u201c, garantieren die K\u00fcnstlerinnen und K\u00fcnstler einen gelungenen Abend in geselliger Runde bei Essen und Trinken.<\/p>\n<p>Bei der 1. Komische Nacht Wuppertal treten auf: Florian Simbeck, Hennes Bender, Laura Br\u00fcmmer, Marc Weide, Katharina Block hier auf: Cafe &amp; Bar Celona &#8211; Caf\u00e9 Extrablatt Elberfeld, Hotel Amical &#8211; Rex-Filmtheater &#8211; Wuppertaler Brauhaus.<\/p>\n<div id=\"attachment_90422\" class=\"wp-caption alignnone\" style=\"max-width: 2570px;\"><img loading=\"lazy\" decoding=\"async\" class=\"wp-image-90422 size-full\" src=\"\/wp-content\/uploads\/2026\/03\/katharina-block-c-katharina-blockcmyk-scaled.jpg\" alt=\"\" width=\"2560\" height=\"1707\" \/><span class=\"wp-caption-text\">Die vielseitige Comedienne Laura Block &#8211; \u00a9 Laura Block<\/span><\/div>\n<p><strong>Die beteiligten K\u00fcnstlerinnen &amp; K\u00fcnstler:<\/strong><\/p>\n<p><b>Florian Simbeck<\/b><br \/>\nFlorian Simbeck steht f\u00fcr Stand-Up nach amerikanischem Stil. Seine Comedy spricht ein erwachsenes, modernes Publikum an. Die Themen decken s\u00e4mtliche Bereiche des Alltags ab &#8211; kurzum jeder kommt auf seine Kosten und aus dem Lachen nicht mehr heraus.<br \/>\n<a href=\"https:\/\/floriansimbeck.de\/\">https:\/\/floriansimbeck.de\/<\/a><\/p>\n<p><b>Hennes Bender<\/b><br \/>\nNur mit einem Mikrofon bewaffnet stellt sich Hennes Bender, einer der langlebigsten &amp; dienst\u00e4ltesten Stand-Up-Komiker Deutschlands vor sein Publikum &amp; demonstriert auf seine eigene, sprachverliebte &amp; quirlige Art, dass Widerstand nicht zwecklos ist.<br \/>\n<a href=\"https:\/\/www.hennesbender.de\/\">https:\/\/www.hennesbender.de<\/a><\/p>\n<p><b>Laura Br\u00fcmmer<\/b><br \/>\nComedy ist eine Kunstform, die oft durch die unterschiedlichsten Talente entsteht. F\u00fcr Laura Br\u00fcmmer ist dies ihre Beobachtungsgabe und ihr scharfer Sinn f\u00fcr Humor.<br \/>\n<a href=\"https:\/\/laura-bruemmer.de\/\">https:\/\/laura-bruemmer.de\/<\/a><\/p>\n<div id=\"attachment_90423\" class=\"wp-caption alignnone\" style=\"max-width: 2570px;\"><img loading=\"lazy\" decoding=\"async\" class=\"wp-image-90423 size-full\" src=\"\/wp-content\/uploads\/2026\/03\/MarcWeide_c-FotoagenturWolf_cmyk-scaled.jpg\" alt=\"\" width=\"2560\" height=\"1707\" \/><span class=\"wp-caption-text\">Der kreative, innovative Zauberer Marc Weide &#8211; \u00a9 Fotoagentur Wolf<\/span><\/div>\n<p><b>Marc Weide<\/b><br \/>\nDer Weltmeister greift wieder an: Noch innovativere Zauberei, noch mehr Comedy. Next Level wow! Aber auch das Herz kommt nicht zu kurz. Der junge Vater so pers\u00f6nlich wie nie &#8211; Blo\u00df nicht verpassen!<br \/>\n<a href=\"https:\/\/www.marc-weide.de\/\">https:\/\/www.marc-weide.de<\/a><\/p>\n<p><b>Katharina Block<\/b><br \/>\nKatharina ist Juristin, Betreuerin und Mutter von f\u00fcnf Kindern. Aus diesen Gr\u00fcnden hatte sie bis vor kurzem keine Zeit, ihrer gro\u00dfen Liebe \u2013 der Stand up Comedy \u2013 nachzugehen. Umso mehr feiert sie ihr Leben auf der B\u00fchne. Mit leuchtenden Augen und gro\u00dfer Vorfreude auf den Rausch im Rampenlicht, schmei\u00dft sie immer wieder ihre Energie auf die B\u00fchne, um Menschen zum Lachen zu bringen. Dabei erforscht sie ihr eigenes Leben und das ihrer Gro\u00dffamilie mit Selbstironie und Leichtigkeit.<br \/>\n<a href=\"http:\/\/www.katharinablock.de\/\">http:\/\/www.katharinablock.de\/<\/a><\/p>\n<div id=\"attachment_90424\" class=\"wp-caption alignnone\" style=\"max-width: 863px;\"><img loading=\"lazy\" decoding=\"async\" class=\"wp-image-90424 size-full\" src=\"\/wp-content\/uploads\/2026\/03\/Laura_Brummer1_Credit_by_Denise-LeitingCMYK.jpg\" alt=\"\" width=\"853\" height=\"610\" \/><span class=\"wp-caption-text\">Comedienne Laura Br\u00fcmmer &#8211; \u00a9 Denise Leitung<\/span><\/div>\n<p><strong>Termin:<span class=\"Apple-converted-space\">\u00a0<\/span><\/strong><\/p>\n<h4>Komische Nacht Wuppertal<\/h4>\n<p><strong>Der Comedy-Marathon in deiner Stadt<\/strong><\/p>\n<p>Donnerstag &#8211; 12.03.2026 &#8211; 19:30 Uhr &#8211; Einlass: 18:00 Uhr<span class=\"Apple-converted-space\">\u00a0<\/span><\/p>\n<p>Spielorte: Caf\u00e9 Extrablatt Elberfeld, Cafe &amp; Bar Celona &#8211; Hotel Amical &#8211; Rex-Filmtheater &#8211; Wuppertaler Brauhaus<\/p>\n<p><strong>Tickets<\/strong> gibt es im Internet unter <a href=\"http:\/\/www.komische-nacht.de\/\">www.komische-nacht.de<\/a>.<\/p>\n","protected":false},"excerpt":{"rendered":"<p>\u201eDie komische Nacht\u201c erobert Wuppertal! Eines der erfolgreichsten Live-Comedy-Formate Deutschlands pr\u00e4sentiert sich in den sch\u00f6nsten Caf\u00e9s, Bars und Restaurants der jeweiligen Stadt. Die G\u00e4ste erleben bei diesem einzigartigen Showkonzept einen ausgelassenen Abend mit bester Unterhaltung durch verschiedene Comedy-, Kabarett- und auch Zauberk\u00fcnstler.<\/p>\n","protected":false},"author":7,"featured_media":0,"comment_status":"open","ping_status":"open","sticky":false,"template":"","format":"standard","meta":{"footnotes":""},"categories":[29],"tags":[],"class_list":["post-90419","post","type-post","status-publish","format-standard","hentry","category-kultur"],"publishpress_future_action":{"enabled":false,"date":"2026-05-04 08:24:54","action":"change-status","newStatus":"draft","terms":[],"taxonomy":"category","extraData":[]},"publishpress_future_workflow_manual_trigger":{"enabledWorkflows":[]},"_links":{"self":[{"href":"https:\/\/www.die-stadtzeitung.de\/index.php\/wp-json\/wp\/v2\/posts\/90419","targetHints":{"allow":["GET"]}}],"collection":[{"href":"https:\/\/www.die-stadtzeitung.de\/index.php\/wp-json\/wp\/v2\/posts"}],"about":[{"href":"https:\/\/www.die-stadtzeitung.de\/index.php\/wp-json\/wp\/v2\/types\/post"}],"author":[{"embeddable":true,"href":"https:\/\/www.die-stadtzeitung.de\/index.php\/wp-json\/wp\/v2\/users\/7"}],"replies":[{"embeddable":true,"href":"https:\/\/www.die-stadtzeitung.de\/index.php\/wp-json\/wp\/v2\/comments?post=90419"}],"version-history":[{"count":2,"href":"https:\/\/www.die-stadtzeitung.de\/index.php\/wp-json\/wp\/v2\/posts\/90419\/revisions"}],"predecessor-version":[{"id":90425,"href":"https:\/\/www.die-stadtzeitung.de\/index.php\/wp-json\/wp\/v2\/posts\/90419\/revisions\/90425"}],"wp:attachment":[{"href":"https:\/\/www.die-stadtzeitung.de\/index.php\/wp-json\/wp\/v2\/media?parent=90419"}],"wp:term":[{"taxonomy":"category","embeddable":true,"href":"https:\/\/www.die-stadtzeitung.de\/index.php\/wp-json\/wp\/v2\/categories?post=90419"},{"taxonomy":"post_tag","embeddable":true,"href":"https:\/\/www.die-stadtzeitung.de\/index.php\/wp-json\/wp\/v2\/tags?post=90419"}],"curies":[{"name":"wp","href":"https:\/\/api.w.org\/{rel}","templated":true}]}}