{"id":90387,"date":"2026-03-01T15:31:23","date_gmt":"2026-03-01T14:31:23","guid":{"rendered":"https:\/\/www.die-stadtzeitung.de\/?p=90387"},"modified":"2026-03-09T17:02:23","modified_gmt":"2026-03-09T16:02:23","slug":"loewenduell-in-mannheim-wer-zeigt-wem-die-krallen","status":"publish","type":"post","link":"https:\/\/www.die-stadtzeitung.de\/index.php\/2026\/03\/01\/loewenduell-in-mannheim-wer-zeigt-wem-die-krallen\/","title":{"rendered":"L\u00f6wenduell in Mannheim: Wer zeigt wem die Krallen?"},"content":{"rendered":"<div id=\"attachment_87295\" class=\"wp-caption alignnone\" style=\"max-width: 2570px;\"><img loading=\"lazy\" decoding=\"async\" class=\"wp-image-87295 size-full\" src=\"\/wp-content\/uploads\/2025\/10\/Noah-Beyer-22-JC-scaled.jpg\" alt=\"\" width=\"2560\" height=\"1707\" \/><span class=\"wp-caption-text\">Der BHC hofft, dass Noah Beyer (Nr. 2) in Mannheim wieder im Vollbesitz seiner Kr\u00e4fte ist und viele Tore wirft &#8211; \u00a9 Archivfoto Jochen Classen<\/span><\/div>\n<p class=\"p1\">Im L\u00f6wenduell sind nat\u00fcrlich die Mannheimer favorisiert. Daran \u00e4ndert auch die Tatsache nichts, dass der BHC das Hinspiel in D\u00fcsseldorf mit 30:27 gewonnen hat. Die Trainer Arnor Gunnarsson und Markus P\u00fctz sind aber auch deshalb davon \u00fcberzeugt, dass die Rhein-Neckar L\u00f6wen schlagbar sind. \u201eEs ist nat\u00fcrlich jetzt ein anderes Spiel. Ausw\u00e4rts ist es sowieso schwieriger. Aber die Rhein-Neckar L\u00f6wen haben noch Schwankungen in ihren Leistungen und stehen ein bisschen unter Druck. Sie m\u00fcssen uns schlagen, wenn sie n\u00e4chste Saison international spielen wollen\u201c, sagt P\u00fctz.<\/p>\n<p class=\"p1\">Mit 26:20-Punkten sind die Mannheimer Siebter, verlieren aber voraussichtlich noch zwei Punkte. Beim 32:30-Sieg \u00fcber den TBV Lemgo Lippe fehlte die unterschriebene Anti-Doping-Schiedsvereinbarung eines Spielers, der im Protokoll stand. Aufgrund dieses formellen Versto\u00dfes steht die Entscheidung des Punktabzugs bereits fest, die Mannheimer k\u00f6nnen aber Rechtsmittel einlegen, so dass die Tabelle noch nicht aktualisiert wurde.<\/p>\n<p class=\"p1\">Sportlich l\u00e4uft es f\u00fcr die Mannschaft insbesondere vor heimischer Kulisse eigentlich sehr gut. Acht Siege, zwei Niederlagen und ein Unentschieden stehen in der SAP Arena zu Buche. \u201eF\u00fcr uns wird es darauf ankommen, dass wir gut gegen Haukur Thrastarson, Jannik Kohlbacher und auch Dani Baijens arbeiten\u201c, betont Gunnarsson. Es handelt sich um die drei torgef\u00e4hrlichsten Spieler und bei den beiden Letztgenannten um die Spielmacher. Thrastarson f\u00fchrt die 1. Bundesliga mit 121, Assists deutlich an. \u201eDie Kooperation mit Kreisl\u00e4ufer Kohlbacher ist einfach \u00fcberragend. Das m\u00fcssen wir verteidigen\u201c, sagt P\u00fctz.<\/p>\n<div id=\"attachment_78802\" class=\"wp-caption alignnone\" style=\"max-width: 810px;\"><img loading=\"lazy\" decoding=\"async\" class=\"size-full wp-image-78802\" src=\"\/wp-content\/uploads\/2024\/10\/Gunnarsson-Puetz-JC.jpg\" alt=\"\" width=\"800\" height=\"533\" \/><span class=\"wp-caption-text\">Das BHC-Trainer-Gespann Arnor Thor Gunnarsson (l.) und Markus P\u00fctz &#8211; \u00a9 Archivfoto Jochen Classen<\/span><\/div>\n<p class=\"p1\">Das Selbstvertrauen, um auch ausw\u00e4rts eine Chance gegen eine Mannschaft der oberen Tabellenh\u00e4lfte zu haben, hat der BHC in diesen Tagen bestimmt. Denn beim SC DHfK Leipzig zeigte die L\u00f6wen eine herausragende Vorstellung. \u201eEs hat vieles funktioniert, das nicht selbstverst\u00e4ndlich ist\u201c, meint Markus P\u00fctz. \u201eWir hatten hinterher eine so hohe Angriffseffizienz, dass wir nicht mehr ins Tempospiel gehen mussten, sondern lieber lange und konsequent angegriffen haben.\u201c<\/p>\n<p class=\"p1\">65 Prozent aller BHC-Angriffe endeten mit einem Tor, in der zweiten Halbzeit waren es sogar 73 Prozent. \u201eUnd die Chancen, die wir in der zweiten H\u00e4lfte vergeben haben, waren auch noch Sechs-Meter-W\u00fcrfe\u201c, sagt der BHC-Coach. \u201eDas war schon stark, wie sich die Jungs da pr\u00e4sentiert haben. Wobei zur Wahrheit auch geh\u00f6rt, dass den Leipzigern die Leistung fehlte.\u201c \u00dcberrascht vom eigenen Team war das Trainerduo nicht. Gunnarsson: \u201eDie Jungs hatten so viel investiert in der Trainingswoche. Wenn man das jeden Tag sieht, ist eine solche Leistung mehr eine Best\u00e4tigung. Wir wussten, dass es m\u00f6glich ist.\u201c<\/p>\n<p class=\"p1\">Ob sich der Trend nun in Mannheim fortsetzt? Personelle Ausf\u00e4lle haben die Bergischen jedenfalls nicht. Es wird derselbe Kader antreten wie in Leipzig. Eventuell steht Niklas Michalski als zus\u00e4tzlicher Rechtsau\u00dfen zur Verf\u00fcgung. Noah Beyer, der aufgrund einer Wadenzerrung zuletzt nur f\u00fcr die Siebenmeter hereinkam, wird am Sonntag wieder belastbarer sein.<\/p>\n","protected":false},"excerpt":{"rendered":"<p>Beim Bergischen HC herrscht nach dem \u00fcberzeugenden 35:28-Erfolg in Leipzig sehr gute Stimmung. Entsprechend gut war auch die Trainingswoche vor dem zweiten Ausw\u00e4rtsspiel hintereinander. Am Sonntag um 18 Uhr tritt der BHC bei den Rhein-Neckar L\u00f6wen in der SAP Arena an. Die Rollen sind klar verteilt.<\/p>\n","protected":false},"author":7,"featured_media":0,"comment_status":"open","ping_status":"open","sticky":false,"template":"","format":"standard","meta":{"footnotes":""},"categories":[20],"tags":[],"class_list":["post-90387","post","type-post","status-publish","format-standard","hentry","category-sport"],"publishpress_future_action":{"enabled":false,"date":"2026-05-05 12:29:51","action":"change-status","newStatus":"draft","terms":[],"taxonomy":"category","extraData":[]},"publishpress_future_workflow_manual_trigger":{"enabledWorkflows":[]},"_links":{"self":[{"href":"https:\/\/www.die-stadtzeitung.de\/index.php\/wp-json\/wp\/v2\/posts\/90387","targetHints":{"allow":["GET"]}}],"collection":[{"href":"https:\/\/www.die-stadtzeitung.de\/index.php\/wp-json\/wp\/v2\/posts"}],"about":[{"href":"https:\/\/www.die-stadtzeitung.de\/index.php\/wp-json\/wp\/v2\/types\/post"}],"author":[{"embeddable":true,"href":"https:\/\/www.die-stadtzeitung.de\/index.php\/wp-json\/wp\/v2\/users\/7"}],"replies":[{"embeddable":true,"href":"https:\/\/www.die-stadtzeitung.de\/index.php\/wp-json\/wp\/v2\/comments?post=90387"}],"version-history":[{"count":5,"href":"https:\/\/www.die-stadtzeitung.de\/index.php\/wp-json\/wp\/v2\/posts\/90387\/revisions"}],"predecessor-version":[{"id":90392,"href":"https:\/\/www.die-stadtzeitung.de\/index.php\/wp-json\/wp\/v2\/posts\/90387\/revisions\/90392"}],"wp:attachment":[{"href":"https:\/\/www.die-stadtzeitung.de\/index.php\/wp-json\/wp\/v2\/media?parent=90387"}],"wp:term":[{"taxonomy":"category","embeddable":true,"href":"https:\/\/www.die-stadtzeitung.de\/index.php\/wp-json\/wp\/v2\/categories?post=90387"},{"taxonomy":"post_tag","embeddable":true,"href":"https:\/\/www.die-stadtzeitung.de\/index.php\/wp-json\/wp\/v2\/tags?post=90387"}],"curies":[{"name":"wp","href":"https:\/\/api.w.org\/{rel}","templated":true}]}}