{"id":90381,"date":"2026-03-01T14:40:16","date_gmt":"2026-03-01T13:40:16","guid":{"rendered":"https:\/\/www.die-stadtzeitung.de\/?p=90381"},"modified":"2026-03-10T20:53:54","modified_gmt":"2026-03-10T19:53:54","slug":"junior-uni-jugendliche-entdecken-technik-kreativitaet","status":"publish","type":"post","link":"https:\/\/www.die-stadtzeitung.de\/index.php\/2026\/03\/01\/junior-uni-jugendliche-entdecken-technik-kreativitaet\/","title":{"rendered":"Junior Uni: Jugendliche entdecken Technik &#038; Kreativit\u00e4t"},"content":{"rendered":"<div id=\"attachment_90383\" class=\"wp-caption alignnone\" style=\"max-width: 1930px;\"><img loading=\"lazy\" decoding=\"async\" class=\"wp-image-90383 size-full\" src=\"\/wp-content\/uploads\/2026\/03\/Foschernacht-in-der-Junior-Uni-1.jpeg\" alt=\"\" width=\"1920\" height=\"1280\" \/><span class=\"wp-caption-text\">Die Junior Uni wird bei der f\u00fcnfte, spannenden \u00a0&#8222;Forschernacht&#8220; erneut zum Treffpunkt f\u00fcr wissensdurstige und neugierige Jugendliche ab 11 Jahren &#8211; \u00a9 Thorsten Cronauge<\/span><\/div>\n<p style=\"font-weight: 400;\">An diesem besonderen Abend wird die Junior Uni bereits zum f\u00fcnften Mal Treffpunkt f\u00fcr Jugendliche ab 11 Jahren, die Lust haben Neues auszuprobieren, eigene Talente zu entdecken und Wissenschaft einmal anders zu erleben. Im gesamten Geb\u00e4ude laden Mitmach-Stationen dazu ein, selbst aktiv zu werden, zu t\u00fcfteln und kreativ zu sein.<\/p>\n<p style=\"font-weight: 400;\">Das Programm bietet vielf\u00e4ltige Highlights f\u00fcr die Jugendlichen. Unter anderem k\u00f6nnen sie beim Character Design auf Grafik-Tablets eigene Figuren digital entwerfen und gestalten. Wer es praktisch mag, kann beim L\u00f6ten erste Erfahrungen in der Elektrotechnik sammeln oder in der Robotik ausprobieren, wie Maschinen programmiert und gesteuert werden. An einer weiteren Station werden beispielsweise Lavalampen zum Leuchten gebracht und dabei ganz nebenbei spannende naturwissenschaftliche Ph\u00e4nomene erforscht. Beim \u201eMalen mit Hindernissen\u201c ist nicht nur Kreativit\u00e4t, sondern auch Geschick gefragt.<\/p>\n<p style=\"font-weight: 400;\">Die Forschernacht bietet damit eine ideale Gelegenheit, die Junior Uni kennenzulernen, Freundinnen und Freunde mitzubringen und gemeinsam einen inspirierenden Abend zu verbringen. Ganz ohne Leistungsdruck, daf\u00fcr mit viel Raum zum Entdecken und Ausprobieren. Wie immer l\u00e4dt das Foyer an diesem Abend mit alkoholfreien Cocktails, Nachos und Pizza zum Chillen ein.<\/p>\n<p style=\"font-weight: 400;\">Die Teilnahme an der Forschernacht ist kostenfrei. Da die Teilnehmerzahl begrenzt ist, ist eine Anmeldung unter <a href=\"http:\/\/junioruni-wuppertal.de\/\">junioruni-wuppertal.de<\/a> ab Montag, 2. M\u00e4rz, erforderlich.<\/p>\n<p style=\"font-weight: 400;\">\n","protected":false},"excerpt":{"rendered":"<p>Die N\u00e4chste &#8222;Forschernacht&#8220; in der Junior Uni steht vor der T\u00fcr!\u00a0Am Freitag (20.03.) von 18 bis 22 Uhr erwartet Jugendliche wieder ein abwechslungsreicher Abend voller Mitmach-Aktionen, spannender Experimente und kreativer Herausforderungen \u2013 und das in entspannter Atmosph\u00e4re.<\/p>\n","protected":false},"author":7,"featured_media":0,"comment_status":"open","ping_status":"open","sticky":false,"template":"","format":"standard","meta":{"footnotes":""},"categories":[27],"tags":[],"class_list":["post-90381","post","type-post","status-publish","format-standard","hentry","category-wissen"],"publishpress_future_action":{"enabled":false,"date":"2026-05-05 12:25:09","action":"change-status","newStatus":"draft","terms":[],"taxonomy":"category","extraData":[]},"publishpress_future_workflow_manual_trigger":{"enabledWorkflows":[]},"_links":{"self":[{"href":"https:\/\/www.die-stadtzeitung.de\/index.php\/wp-json\/wp\/v2\/posts\/90381","targetHints":{"allow":["GET"]}}],"collection":[{"href":"https:\/\/www.die-stadtzeitung.de\/index.php\/wp-json\/wp\/v2\/posts"}],"about":[{"href":"https:\/\/www.die-stadtzeitung.de\/index.php\/wp-json\/wp\/v2\/types\/post"}],"author":[{"embeddable":true,"href":"https:\/\/www.die-stadtzeitung.de\/index.php\/wp-json\/wp\/v2\/users\/7"}],"replies":[{"embeddable":true,"href":"https:\/\/www.die-stadtzeitung.de\/index.php\/wp-json\/wp\/v2\/comments?post=90381"}],"version-history":[{"count":4,"href":"https:\/\/www.die-stadtzeitung.de\/index.php\/wp-json\/wp\/v2\/posts\/90381\/revisions"}],"predecessor-version":[{"id":90386,"href":"https:\/\/www.die-stadtzeitung.de\/index.php\/wp-json\/wp\/v2\/posts\/90381\/revisions\/90386"}],"wp:attachment":[{"href":"https:\/\/www.die-stadtzeitung.de\/index.php\/wp-json\/wp\/v2\/media?parent=90381"}],"wp:term":[{"taxonomy":"category","embeddable":true,"href":"https:\/\/www.die-stadtzeitung.de\/index.php\/wp-json\/wp\/v2\/categories?post=90381"},{"taxonomy":"post_tag","embeddable":true,"href":"https:\/\/www.die-stadtzeitung.de\/index.php\/wp-json\/wp\/v2\/tags?post=90381"}],"curies":[{"name":"wp","href":"https:\/\/api.w.org\/{rel}","templated":true}]}}