{"id":90202,"date":"2026-03-06T07:09:45","date_gmt":"2026-03-06T06:09:45","guid":{"rendered":"https:\/\/www.die-stadtzeitung.de\/?p=90202"},"modified":"2026-03-12T16:18:31","modified_gmt":"2026-03-12T15:18:31","slug":"prof-dietrich-groenemeyer-menschen-sind-keine-kostenfaktoren","status":"publish","type":"post","link":"https:\/\/www.die-stadtzeitung.de\/index.php\/2026\/03\/06\/prof-dietrich-groenemeyer-menschen-sind-keine-kostenfaktoren\/","title":{"rendered":"Prof. Dietrich Gr\u00f6nemeyer: \u201eMenschen sind keine Kostenfaktoren\u201c"},"content":{"rendered":"<div id=\"attachment_90209\" class=\"wp-caption alignnone\" style=\"max-width: 1654px;\"><img loading=\"lazy\" decoding=\"async\" class=\"wp-image-90209 size-full\" src=\"\/wp-content\/uploads\/2026\/02\/DSC_7127-1.jpeg\" alt=\"\" width=\"1644\" height=\"1066\" \/><span class=\"wp-caption-text\">Moderator J\u00fcrgen Zuheide (r.) beim spannenden, hochinteressanten Talk mit Impulsgast Prof. Dr. Dietrich Gr\u00f6nemeyer &#8211; \u00a9 Fotostudio Essen \/ Dr. Claudia Posern<\/span><\/div>\n<p>Das unterstrich Prof. Dr. Dietrich Gr\u00f6nemeyer in einem spannenden, informativen Gespr\u00e4ch mit Moderator J\u00fcrgen Zurheide beim beliebten, hochkar\u00e4tigen Netzwerk-Event \u201eSTADTGESGR\u00c4CHE.ruhr\u201c im geschichtstr\u00e4chtigen \u201eK\u00f6nigshof\u201c im Herzen von Essen. Es ist das innovative Vorzeige-Projekt der Koerfer-Gruppe mit Markthalle , Hofbr\u00e4u, B\u00fcro-Komplex und Zahnklinik im ehemaligen Kaufhof-Geb\u00e4ude in Sichtweite des Hauptbahnhofs.<span class=\"Apple-converted-space\">\u00a0<\/span><\/p>\n<p>Dr. Richard Kiessler, Mitbegr\u00fcnder und 1. Vorsitzender des renommierten Netzwerk-Events STADTGESPR\u00c4CHE.ruhr, begr\u00fcsste die Gastgeber Michael Gluth, Mitglied der Gesch\u00e4ftsf\u00fchrung der Koerfer-Gruppe, und Lars Becker, Betreiber der bayerischen Gastronomie \u201eHofbr\u00e4u im K\u00f6nigshof\u201c und bedankte sich f\u00fcr die Einladung. Alle drei stie\u00dfen z\u00fcnftig mit Original-Bierhumpen der M\u00fcnchener Hofbr\u00e4u-Brauerei an.<span class=\"Apple-converted-space\">\u00a0<\/span><\/p>\n<p>Anschlie\u00dfend stellte Dr. Richard Kiessler Prof. Dr. Dietrich Gr\u00f6nemeyer vor, den Impulsgast. Das Thema des Abends: &#8222;Vorbeugen statt heilen. \u00c4rzte f\u00fcr die Gesundheit bezahlen, nicht f\u00fcr die Krankheit&#8220;. Nach der Einf\u00fchrung \u00fcbergab Dr. Richard Kiessler Moderator J\u00fcrgen Zurheide das Mikrofon f\u00fcr einen spannenden, kurzweiligen Talk mit dem Mann, der mit Herz, Seele und Verstand Mediziner ist.<span class=\"Apple-converted-space\">\u00a0 \u00a0<\/span><\/p>\n<div id=\"attachment_90210\" class=\"wp-caption alignnone\" style=\"max-width: 1585px;\"><img loading=\"lazy\" decoding=\"async\" class=\"wp-image-90210 size-full\" src=\"\/wp-content\/uploads\/2026\/02\/DSC_7094-1.jpeg\" alt=\"\" width=\"1575\" height=\"1218\" \/><span class=\"wp-caption-text\">H\u00f6rt interessiert zu: Eva Kiessler. 2. Vorsitzende und Mitbegr\u00fcnderin des Netzwerk-Events STADTGEDSPR\u00c4CHE.ruhr e.V &#8211; im Hintergrund der Essener Unternehmer Dirk Eckrath (M.) &#8211; \u00a9 Fotostudio Essen \/ Dr. Claudia Posern<\/span><\/div>\n<p>Prof. Dr. Dietrich Gr\u00f6nemeyer besch\u00e4ftigt in seinem Bochumer Institut 120 Mitarbeiterinnen und Mitarbeiter. Hier werden pro Jahr rund 13.000 Patienten behandelt. Er selbst praktiziert heute in seinem Institut nur noch selten, steht aber seinen Kollegen t\u00e4glich mit Rat und Tat zur Verf\u00fcgung &#8211; wenn er nicht gerade auf Studienreisen ist. Denn der 73j\u00e4hrige bleibt ein Weltenbummler in Sachen Medizin. Er informiert sich auf allen Erdteilen \u00fcber alternative Heilmethoden, erlernte beispielsweise in China die Kunst der Akupunktur.<\/p>\n<p>Bis 2012 gab Dietrich Gr\u00f6nemeyer als Lehrstuhlinhaber f\u00fcr Radiologie und Mikrotherapie an der Universit\u00e4t Witten\/Herdecke sein umfangreiches medizinisches Wissen an Studentinnen und Studenten weiter.<\/p>\n<p>Der weltoffene Professor ist Experte f\u00fcr interventionelle Radiologie, Endoskopie und Schmerztherapie. Als Arzt verfolgt er einen ganzheitlichen Ansatz und setzt sich f\u00fcr ein konstruktives Zusammenwirken von Schulmedizin, Naturheilkunde, alternativer Medizin und Psychologie ein. Die Haus\u00e4rzte sieht der \u00fcberzeugte Wahl-Bochumer in einer Schl\u00fcsselposition, weil sie die Patientin oder den Patienten in der Regel fast ein Leben lang betreuen und deren gesundheitliche Problem am Besten beurteilen k\u00f6nnten.<\/p>\n<div id=\"attachment_90211\" class=\"wp-caption alignnone\" style=\"max-width: 2372px;\"><img loading=\"lazy\" decoding=\"async\" class=\"wp-image-90211 size-full\" src=\"\/wp-content\/uploads\/2026\/02\/DSC_7418.jpeg\" alt=\"\" width=\"2362\" height=\"1393\" \/><span class=\"wp-caption-text\">Bestens gelaunt beim Netzwerk-Event STADTGESPR\u00c4CHE.ruhr: (v.l.) Zahn\u00e4rztin Suzana Ilieva, Dr. Andrea Meier, Dr. Uli Reploh und Anita Durma &#8211; \u00a9 Fotostudio Essen \/ Dr. Claudia Posern<\/span><\/div>\n<p>Beim Thema Pr\u00e4vention sieht der Mediziner hierzulande gro\u00dfen Nachholbedarf: \u201eVorsorgeuntersuchungen gibt es bei uns im Babyalter und bei den Sch\u00fclern. Im Erwachsenenalter spielt Pr\u00e4vention dann bei vielen gar keine Rolle mehr. Die Menschen gehen dann nur noch zum Arzt, wenn sie ernsthafte Beschwerden haben. Was die Vorsorge angeht, liegt Deutschland in Europa auf Rang 17 von insgesamt 18 Staaten.\u201c<\/p>\n<p>Alarmierende Zahlen, zumal Deutschland nach Amerika das zweitteuerste Gesundheitssystem der Welt habe. \u201eDie Politik muss endlich aufh\u00f6ren, Patienten und damit die Menschen in Sachen Gesundheit als Kostenfaktor zu sehen. Sie sollten endlich erkennen, dass jeder Euro, der f\u00fcr die Vorsorge ausgegeben wird, gut und nachhaltig angelegtes Geld ist. \u201c<\/p>\n<p>Der gefragte Mediziner hat seine Wurzeln in einer deutsch-baltischen Arztfamilie. Seine Mutter Hella Carin war Nachfahrin des Mediziners Carl Abraham Hunnius. Dietrich Gr\u00f6nemeyer wurde in Clausthal-Zellerfeld geboren und zog sp\u00e4ter mit seiner Familie nach Bochum. Er definiert sich bewusst als Kind des Ruhrgebiets und sieht den \u201eRuhrpott\u201c als Hochburg der Medizin und der Medizinwirtschaft.<\/p>\n<div id=\"attachment_90214\" class=\"wp-caption alignnone\" style=\"max-width: 2107px;\"><img loading=\"lazy\" decoding=\"async\" class=\"wp-image-90214 size-full\" src=\"\/wp-content\/uploads\/2026\/02\/DSC_7423-1.jpeg\" alt=\"\" width=\"2097\" height=\"1313\" \/><span class=\"wp-caption-text\">&#8222;Oans, zwoa, g&#8217;suffa!&#8220;: (v.l.) Essens Oberb\u00fcrgermeister Thomas Kufen, Impulsgast Prof. Dr. Dietrich Gr\u00f6nemeyer und Dr. Richard Kiessler, 1. Vorsitzender und Mitbegr\u00fcnder des Netzwerk-Events STADTGESPR\u00c4CHE.ruhr e.V. sto\u00dfen im &#8222;Hofbr\u00e4u im K\u00f6nigshof&#8220; miteinander an &#8211; \u00a9 Fotostudio Essen \/ Dr. Claudia Posern<\/span><\/div>\n<p>Der bekannte Arzt, TV-Medizin-Experte und vielfache Buchautor verriet Moderator J\u00fcrgen Zurheide und dem hochinteressierten Publikum, dass ihm der Arztberuf eigentlich gar nicht in die Wiege gelegt wurde. \u201eIch hatte nicht vor, Medizin zu studieren. Doch dann gab es w\u00e4hrend meines Grundwehrdienstes bei der Bundeswehr f\u00fcr mich ein Schl\u00fcsselerlebnis: Ich hatte mir eine Verletzung an der Nase zugezogen. Um die Blutung zu stoppen, schob mit der Stabsarzt in jedes Nasenloch ein Tampon. Und als er sie mir wenig sp\u00e4ter grob und r\u00fccksichtslos entfernte, zog er mir dabei gef\u00fchlt das ganze Gehirn mit heraus. Da war mir schlagartig klar: Ich wollte Arzt werden und dann mit meinen Patienten viel respektvoller und einf\u00fchlsamer als der besagte Bundeswehr-Mediziner umgehen. Und das habe ich auch umgesetzt.\u201c<\/p>\n<p>Auch mit inzwischen 73 Jahren bildet sich Prof. Gr\u00f6nemeyer st\u00e4ndig weiter und sucht nach neuen Wegen in der Medizin. Denn er hat noch viel vor. Sein hoch gestecktes Ziel: Er m\u00f6chte unbedingt 100 Jahre alt werden &#8211; und das k\u00f6rperlich und geistig dem Alter entsprechend gesund. Dabei helfen ihm Spa\u00df am Leben und an der Arbeit, Neugierde, gesunde Ern\u00e4hrung ohne Askese und ein positiver, intakter Freundeskreis. Sein Lebensmotto: \u201eDen Jahren Leben geben!\u201c Eine weise Formel, die eigentlich f\u00fcr jeden Menschen erfolgversprechend sein k\u00f6nnte.<\/p>\n<div id=\"attachment_90216\" class=\"wp-caption alignnone\" style=\"max-width: 1585px;\"><img loading=\"lazy\" decoding=\"async\" class=\"wp-image-90216 size-full\" src=\"\/wp-content\/uploads\/2026\/02\/DSC_7060.jpeg\" alt=\"\" width=\"1575\" height=\"1134\" \/><span class=\"wp-caption-text\">Lars Becker, erfolgreicher Essener Gastronom und Betreiber der bayerischen Gastronomie &#8222;Hofbr\u00e4u im K\u00f6nigshof&#8220; &#8211; \u00a9 Fotostudio Essen \/ Dr. Claudia Posern<\/span><\/div>\n<p>Standing Ovation nach einem denkw\u00fcrdigen Gespr\u00e4ch f\u00fcr Moderator J\u00fcrgen Zurheide und Impulsgast Prof. Dr. Dietrich Gr\u00f6nemeyer. Zuh\u00f6rerinnen und Zuh\u00f6rer erlebten einem Mediziner, der die Gesundheit seiner Patientinnen und Patienten in den Mittelpunkt seiner Arbeit stellt und daf\u00fcr gerne auf warme, anerkennende Worte und auf das Schulterklopfen einiger Kollegen und Konkurrenten verzichtet.<\/p>\n<p>Zuvor hatte der begnadete Trompeter Jim Galakti die rund 200 G\u00e4ste auf das spannende Impuls-Gespr\u00e4ch der mittlerweile 36. Ausgabe der Netzwerk-Veranstaltung STADTGESPR\u00c4CHE.ruhr mit bekannten Melodien auf beeindruckende \u201eWaise\u201c eingestimmt.<\/p>\n<p>Ein schmackhaftes, bayerisches Flying Buffet im z\u00fcnftigen \u201eHofbr\u00e4u im K\u00f6nigshof\u201c mit Original-Bier aus der ber\u00fchmten M\u00fcnchener Hofbr\u00e4u-Traditions-Brauerei, serviert von Gastronom Lars Becker und seinem Team, rundete einen harmonischen, unterhaltsamen und hochinteressanten Abend ab, den auch Essens Oberb\u00fcrgermeister Thomas Kufen in vollen Z\u00fcgen genoss.<\/p>\n<h4>Text: Peter Pionke<\/h4>\n<div class=\"mceTemp\"><\/div>\n<div id=\"attachment_90222\" class=\"wp-caption alignnone\" style=\"max-width: 335px;\"><img loading=\"lazy\" decoding=\"async\" class=\"wp-image-90222 size-full\" src=\"\/wp-content\/uploads\/2026\/02\/DSC_7304.jpg\" alt=\"\" width=\"325\" height=\"487\" \/><span class=\"wp-caption-text\">Prof. Dr. Dietrich Gr\u00f6nemeyer &#8211; \u00a9 Fotostudio Essen \/ Dr. Claudia Posern<\/span><\/div>\n<p><b>Die neuesten B\u00fccher von Prof. Dr. Dietrich Gr\u00f6nemeyer:<\/b><\/p>\n<p>Demenz &#8211; Gezielt vorbeugen, ganzheitlich verstehen, liebevoll begleiten &#8211; Ludwig Buchverlag &#8211; 2025 &#8211; ISNB-10: 3453281691 &#8211; ISNB-13: 978-3453281691<\/p>\n<p>Nat\u00fcrlich altern!: Fit bis 100 mit der Gr\u00f6nemeyer-Formel &#8211; S\u00fcdwest-Verlag &#8211; 2025 &#8211; ISBN-10: 351710423X &#8211; S\u00cdSBN-13: 978-35171004232<\/p>\n<p>Meine Formel f\u00fcr einen gesunden R\u00fccken &#8211; S\u00fcdwest-Verlag &#8211; 2025 &#8211; ISBN-10: 3517104000 &#8211; ISNB-13:978-3517104003<\/p>\n<p>Lebenohne Angst &#8211; Wir wir in schwierigen Zeiten innere St\u00e4rke und Zuversicht finden &#8211; Ludwig Verlag &#8211; 2024 &#8211; ISBN-10: 3453281683 &#8211; ISNB-13: 978-3453281684<\/p>\n<div id=\"attachment_90215\" class=\"wp-caption alignnone\" style=\"max-width: 338px;\"><img loading=\"lazy\" decoding=\"async\" class=\"wp-image-90215 size-full\" src=\"\/wp-content\/uploads\/2026\/02\/Bild-8.jpeg\" alt=\"\" width=\"328\" height=\"522\" \/><span class=\"wp-caption-text\">\u00a9 Ludwig Verlag<\/span><\/div>\n<p>&nbsp;<\/p>\n","protected":false},"excerpt":{"rendered":"<p>Seine Patienten verg\u00f6ttern ihn, f\u00fcr sie ist er der \u201eR\u00fccken-Papst\u201c. Einige seiner Kollegen und Kontrahenten sehen ihn dagegen nicht als gro\u00dfen medizinischen Heilsbringer.\u00a0 Ein Arzt bezeichnete ihn im Nachrichtenmagazin \u201eDer Spiegel\u201c sogar als \u201eDr. Hokus Pokus\u201c. Prof. Dietrich Gr\u00f6nemeyer, einer der bekanntesten Mediziner Deutschlands, legt selbst auch gar keinen gro\u00dfen Wert auf einen Heiligenschein als Arzt. Sein einfaches Credo: Die beste und kosteng\u00fcnstigste Medizin ist Pr\u00e4ventivmedizin!<\/p>\n","protected":false},"author":7,"featured_media":0,"comment_status":"open","ping_status":"open","sticky":false,"template":"","format":"standard","meta":{"footnotes":""},"categories":[29],"tags":[],"class_list":["post-90202","post","type-post","status-publish","format-standard","hentry","category-kultur"],"publishpress_future_action":{"enabled":false,"date":"2026-05-04 11:40:58","action":"change-status","newStatus":"draft","terms":[],"taxonomy":"category","extraData":[]},"publishpress_future_workflow_manual_trigger":{"enabledWorkflows":[]},"_links":{"self":[{"href":"https:\/\/www.die-stadtzeitung.de\/index.php\/wp-json\/wp\/v2\/posts\/90202","targetHints":{"allow":["GET"]}}],"collection":[{"href":"https:\/\/www.die-stadtzeitung.de\/index.php\/wp-json\/wp\/v2\/posts"}],"about":[{"href":"https:\/\/www.die-stadtzeitung.de\/index.php\/wp-json\/wp\/v2\/types\/post"}],"author":[{"embeddable":true,"href":"https:\/\/www.die-stadtzeitung.de\/index.php\/wp-json\/wp\/v2\/users\/7"}],"replies":[{"embeddable":true,"href":"https:\/\/www.die-stadtzeitung.de\/index.php\/wp-json\/wp\/v2\/comments?post=90202"}],"version-history":[{"count":15,"href":"https:\/\/www.die-stadtzeitung.de\/index.php\/wp-json\/wp\/v2\/posts\/90202\/revisions"}],"predecessor-version":[{"id":90299,"href":"https:\/\/www.die-stadtzeitung.de\/index.php\/wp-json\/wp\/v2\/posts\/90202\/revisions\/90299"}],"wp:attachment":[{"href":"https:\/\/www.die-stadtzeitung.de\/index.php\/wp-json\/wp\/v2\/media?parent=90202"}],"wp:term":[{"taxonomy":"category","embeddable":true,"href":"https:\/\/www.die-stadtzeitung.de\/index.php\/wp-json\/wp\/v2\/categories?post=90202"},{"taxonomy":"post_tag","embeddable":true,"href":"https:\/\/www.die-stadtzeitung.de\/index.php\/wp-json\/wp\/v2\/tags?post=90202"}],"curies":[{"name":"wp","href":"https:\/\/api.w.org\/{rel}","templated":true}]}}