{"id":89600,"date":"2026-01-26T00:17:56","date_gmt":"2026-01-25T23:17:56","guid":{"rendered":"https:\/\/www.die-stadtzeitung.de\/?p=89600"},"modified":"2026-01-26T00:17:56","modified_gmt":"2026-01-25T23:17:56","slug":"peer-gynt-ein-leben-von-der-illusion-in-der-illusion","status":"publish","type":"post","link":"https:\/\/www.die-stadtzeitung.de\/index.php\/2026\/01\/26\/peer-gynt-ein-leben-von-der-illusion-in-der-illusion\/","title":{"rendered":"Peer Gynt: Ein Leben von der Illusion in der Illusion"},"content":{"rendered":"<div id=\"attachment_89602\" class=\"wp-caption alignnone\" style=\"max-width: 2570px;\"><img loading=\"lazy\" decoding=\"async\" class=\"wp-image-89602 size-full\" src=\"\/wp-content\/uploads\/2026\/01\/Bild-1-2-scaled.jpg\" alt=\"\" width=\"2560\" height=\"1745\" \/><span class=\"wp-caption-text\">Fantast Peer Gynt mit seiner Mutter &#8211; \u00a9 Uwe Schinkel<\/span><\/div>\n<p>Peer Gynt ist in der Ursprungsgeschichte von 1897 ein charmanter, aber fauler und arroganter Bauernjugendlicher, der mit L\u00fcgengeschichten versucht, der Realit\u00e4t zu entfliehen. So verdr\u00e4ngt er, dass sein Vater, der einst sehr angesehene Jon Gynt, Hof und Habe durch Misswirtschaft und zahlreiche Alkoholeskapaden verloren hat. Um sein geringes Selbstwertgef\u00fchl aufzubessern, verkl\u00e4rt er seine eigene Nichtsnutzigkeit zu Heldenhaftigkeit.<\/p>\n<p>Eine zentrale, ambivlaente Rolle spielt seine Mutter, als emotionale Bezugsperson, die Peer einerseits durch ihre enge Bindung pr\u00e4gt und ihn andererseits durch ihre Nachsicht in seiner fantastischen Realit\u00e4tsflucht best\u00e4rkt. Sie verk\u00f6rpert die h\u00e4usliche Realit\u00e4t, aus der Peer flieht, ist jedoch die Einzige, die ihn trotz seiner L\u00fcgengeschichten bedingungslos liebt.<span class=\"Apple-converted-space\">\u00a0<\/span><\/p>\n<h4>Wie eine Zwiebel, die viele H\u00fcllen, jedoch keinen Kern aufzuweisen hat<\/h4>\n<p>Es entfaltet sich die<span class=\"Apple-converted-space\">\u00a0 <\/span>rastlos Lebensreise eines Antihelden, der mit Fantasie, \u00dcbertreibung und Selbstt\u00e4uschung der Wirklichkeit<span class=\"Apple-converted-space\">\u00a0 <\/span>begegnet.<span class=\"Apple-converted-space\">\u00a0 <\/span>Peer tr\u00e4umt von Gr\u00f6\u00dfe und Bedeutung, reist um die Welt, trifft Fabelwesen und verliert sich zunehmend in seinen eigenen Illusionen, lebt von der Illusion in der Illusion. Doch als seine Scheinwelt letztlich zerbricht, wird er mit sich selbst konfrontiert und mu\u00df einer ern\u00fcchternden Wahrheit ins Gesicht schauen. In einer ber\u00fchmten Szene vergleicht sich Peer mit einer Zwiebel, die viele H\u00fcllen, jedoch keinen Kern aufzuweisen hat.<\/p>\n<div id=\"attachment_89603\" class=\"wp-caption alignnone\" style=\"max-width: 2570px;\"><img loading=\"lazy\" decoding=\"async\" class=\"wp-image-89603 size-full\" src=\"\/wp-content\/uploads\/2026\/01\/Bild-3-scaled.jpg\" alt=\"\" width=\"2560\" height=\"1709\" \/><span class=\"wp-caption-text\">Szene aus dem exzellent gespielten Ibsen-St\u00fcck &#8222;Peer Gynt&#8220; &#8211; \u00a9 Uwe Schinkel<\/span><\/div>\n<p>Als einer der Begr\u00fcnder der Theatermoderne wird Henrik Ibsen oft als \u201eVater des Realismus\u201c bezeichnet und ist einer der einflussreichsten Dramatiker aller Zeiten. Das St\u00fcck des norwegischer Dramatikers, dessen unersch\u00fctterliches Engagement f\u00fcr pers\u00f6nliche Freiheit, Wahrhaftigkeit und die Hinterfragung gesellschaftlicher Normen hat ihn fest in der humanistischen Tradition verortet, obwohl seine St\u00fccke viele Zeitgenossen einst schockierten. Ibsens Einfluss auf die britische und irische Kultur wird als tiefgreifend beschrieben.<\/p>\n<h4>Eine exzellente Wuppertaler Auff\u00fchrung<\/h4>\n<p>Auff\u00fchrung Regie, Ausstattung und Dramaturgie der exzellenten Wuppertaler Auff\u00fchrung lag in den H\u00e4nden von Charlotte Arndt, die nach profunder Ausbildung seit 2020 als Theaterp\u00e4dagogin f\u00fcr das Schauspiel Wuppertal t\u00e4tig ist. Mit Unterst\u00fctzung von Laura Hutta, Alina Kaps und Inga Tworg schuf sie zudem ein lebendiges, eindrucksvolles B\u00fchnenbild, das den Zuschauer einf\u00fchlsam mit auf die Reise nimmt.<\/p>\n<p><b>Text: Siegfried J\u00e4hne<\/b><b><\/b><\/p>\n<div id=\"attachment_89604\" class=\"wp-caption alignnone\" style=\"max-width: 2570px;\"><img loading=\"lazy\" decoding=\"async\" class=\"wp-image-89604 size-full\" src=\"\/wp-content\/uploads\/2026\/01\/Bild-3-1-scaled.jpg\" alt=\"\" width=\"2560\" height=\"1763\" \/><span class=\"wp-caption-text\">Peer Gynt, der in seiner Phantasiewelt lebt &#8211; \u00a9 Uwe Schinkel<\/span><\/div>\n<p>Es ist eine Produktion vom Spielclub &#8222;Theater der Generationen&#8220;<\/p>\n<p>Es besteht aus Menschen im Alter von 15 bis 85 Jahren, die in jeder Spielzeit unter professioneller Anleitung ein St\u00fcck auf die B\u00fchne bringen.<span class=\"Apple-converted-space\">\u00a0<\/span><\/p>\n<p>Dauer: Ca. 2 Stunden, eine 20min\u00fctige Pause.<\/p>\n<p>Weitere Auff\u00fchrungstermine Termine: Sa. 07.02.2026 &#8211; 19:30 Uhr &#8211; So. 08.02.2026 &#8211; 18:00 Uhr &#8211; So. 22.02.2026 &#8211; 18:00 Uhr.<span class=\"Apple-converted-space\">\u00a0<\/span><\/p>\n<p><strong>BESETZUNG<\/strong><\/p>\n<p><strong>Inszenierung &amp; Leitung<\/strong><\/p>\n<p><strong><a href=\"https:\/\/www.schauspiel-wuppertal.de\/menschen\/detailansicht-ensemble\/1362-charlotte-arndt\">CHARLOTTE ARNDT<\/a><span class=\"Apple-converted-space\">\u00a0<\/span><\/strong><\/p>\n<p><strong><a href=\"https:\/\/www.schauspiel-wuppertal.de\/menschen\/detailansicht-ensemble\/inga-twork\">INGA TWORK<\/a><\/strong><\/p>\n<p><strong>Mitarbeit<\/strong><\/p>\n<p><strong><a href=\"https:\/\/www.schauspiel-wuppertal.de\/menschen\/detailansicht-ensemble\/alina-kaps\">ALINA KAPS<\/a><\/strong><br \/>\n<strong>Mitarbeit<\/strong><\/p>\n<p><strong><a href=\"https:\/\/www.schauspiel-wuppertal.de\/menschen\/detailansicht-ensemble\/laura-hutta\">LAURA HUTTA<\/a><\/strong><br \/>\n<strong>Mitarbeit<\/strong><\/p>\n<p><strong><a href=\"https:\/\/www.schauspiel-wuppertal.de\/menschen\/detailansicht-ensemble\/413-alexander-peiler\">ALEXANDER PEILER<\/a><\/strong><br \/>\n<strong>Unterst\u00fctzung<\/strong><\/p>\n<p><strong><a href=\"https:\/\/www.schauspiel-wuppertal.de\/menschen\/detailansicht-ensemble\/1116-silvia-munzn-lpez\">SILVIA MUNZ\u00d3N L\u00d3PEZ<\/a><\/strong><br \/>\n<strong>Unterst\u00fctzung<\/strong><\/p>\n<p><strong>HANNAH STAMBORSKI<\/strong><br \/>\n<strong>Unterst\u00fctzung<\/strong><\/p>\n<p><strong>Ensemble:<\/strong><\/p>\n<p><strong><a href=\"https:\/\/www.schauspiel-wuppertal.de\/menschen\/detailansicht-ensemble\/1819-leander-diedam\">LEANDER DIEDAM<\/a><\/strong><\/p>\n<p><strong>FELIX LEHNIGK<\/strong><\/p>\n<p><strong>HARTMUT KR\u00dcPE-SILBERSIEPE<\/strong><\/p>\n<p><strong>PETRA MOLL<\/strong><\/p>\n<p><strong><a href=\"https:\/\/www.schauspiel-wuppertal.de\/menschen\/detailansicht-ensemble\/mika-schlotmann\">MIKA SCHLOTMANN<\/a><\/strong><\/p>\n<p><strong>TIMO HOLZEM<\/strong><\/p>\n<p><strong><a href=\"https:\/\/www.schauspiel-wuppertal.de\/menschen\/detailansicht-ensemble\/emil-multhaup\">EMIL MULTHAUP<\/a><\/strong><\/p>\n<p><strong><a href=\"https:\/\/www.schauspiel-wuppertal.de\/menschen\/detailansicht-ensemble\/prudence-tsomo\">PRUDENCE TSOMO<\/a><\/strong><\/p>\n<p><strong><a href=\"https:\/\/www.schauspiel-wuppertal.de\/menschen\/detailansicht-ensemble\/1768-christiane-inhoffen\">CHRISTIANE INHOFFEN<\/a><\/strong><\/p>\n<p><strong><a href=\"https:\/\/www.schauspiel-wuppertal.de\/menschen\/detailansicht-ensemble\/hande-ezgimen\">HANDE EZGIMEN<\/a><\/strong><\/p>\n<p><strong><a href=\"https:\/\/www.schauspiel-wuppertal.de\/menschen\/detailansicht-ensemble\/tanja-rosler\">TANJA R\u00d6SLER<\/a><\/strong><\/p>\n<p><strong>HILDEGARD KR\u00dcGER<\/strong><\/p>\n<p><strong>BARBARA SOJKA<\/strong><\/p>\n<p><strong><a href=\"https:\/\/www.schauspiel-wuppertal.de\/menschen\/detailansicht-ensemble\/nele-wahl\">NELE WAHL<\/a><\/strong><\/p>\n<p><strong><a href=\"https:\/\/www.schauspiel-wuppertal.de\/menschen\/detailansicht-ensemble\/michelle-middelhoff\">MICHELLE MIDDELHOFF<\/a><\/strong><\/p>\n<p><strong><a href=\"https:\/\/www.schauspiel-wuppertal.de\/menschen\/detailansicht-ensemble\/julia-girod\">JULIA GIROD<\/a><\/strong><\/p>\n","protected":false},"excerpt":{"rendered":"<p>\u201eWas ist der Mensch?\u201c und \u201eWie sollen wir leben?\u201c Diesen beiden philosophischen Fragen geht im Kern das\u00a0 Schauspiel Wuppertal mit dem \u201eTheater der Generationen\u201c in dem aktuellen St\u00fcck \u201ePeer Gynt\u201c nach. Darin will ein L\u00fcgner und Fantast der traurigen Realit\u00e4t am Rand der Gesellschaft entfliehen. Zeithistorische, thematische Bez\u00fcge von Gier und Gr\u00f6\u00dfenwahn zur Gegenwart lassen sich schnell herstellen. Im Theater am Engelsgarten hatte das\u00a0 sehenswerte St\u00fcck von Hendrik Ibsen jetzt eine sehr erfolgreiche\u00a0 Premiere. \u00a0<\/p>\n","protected":false},"author":7,"featured_media":0,"comment_status":"open","ping_status":"open","sticky":false,"template":"","format":"standard","meta":{"footnotes":""},"categories":[29],"tags":[],"class_list":["post-89600","post","type-post","status-publish","format-standard","hentry","category-kultur"],"publishpress_future_action":{"enabled":false,"date":"2026-05-04 11:27:57","action":"change-status","newStatus":"draft","terms":[],"taxonomy":"category","extraData":[]},"publishpress_future_workflow_manual_trigger":{"enabledWorkflows":[]},"_links":{"self":[{"href":"https:\/\/www.die-stadtzeitung.de\/index.php\/wp-json\/wp\/v2\/posts\/89600","targetHints":{"allow":["GET"]}}],"collection":[{"href":"https:\/\/www.die-stadtzeitung.de\/index.php\/wp-json\/wp\/v2\/posts"}],"about":[{"href":"https:\/\/www.die-stadtzeitung.de\/index.php\/wp-json\/wp\/v2\/types\/post"}],"author":[{"embeddable":true,"href":"https:\/\/www.die-stadtzeitung.de\/index.php\/wp-json\/wp\/v2\/users\/7"}],"replies":[{"embeddable":true,"href":"https:\/\/www.die-stadtzeitung.de\/index.php\/wp-json\/wp\/v2\/comments?post=89600"}],"version-history":[{"count":3,"href":"https:\/\/www.die-stadtzeitung.de\/index.php\/wp-json\/wp\/v2\/posts\/89600\/revisions"}],"predecessor-version":[{"id":89607,"href":"https:\/\/www.die-stadtzeitung.de\/index.php\/wp-json\/wp\/v2\/posts\/89600\/revisions\/89607"}],"wp:attachment":[{"href":"https:\/\/www.die-stadtzeitung.de\/index.php\/wp-json\/wp\/v2\/media?parent=89600"}],"wp:term":[{"taxonomy":"category","embeddable":true,"href":"https:\/\/www.die-stadtzeitung.de\/index.php\/wp-json\/wp\/v2\/categories?post=89600"},{"taxonomy":"post_tag","embeddable":true,"href":"https:\/\/www.die-stadtzeitung.de\/index.php\/wp-json\/wp\/v2\/tags?post=89600"}],"curies":[{"name":"wp","href":"https:\/\/api.w.org\/{rel}","templated":true}]}}