{"id":89548,"date":"2026-01-14T15:31:39","date_gmt":"2026-01-14T14:31:39","guid":{"rendered":"https:\/\/www.die-stadtzeitung.de\/?p=89548"},"modified":"2026-01-25T10:04:59","modified_gmt":"2026-01-25T09:04:59","slug":"doppelpass-zwischen-wsv-und-initiative-empty-stands","status":"publish","type":"post","link":"https:\/\/www.die-stadtzeitung.de\/index.php\/2026\/01\/14\/doppelpass-zwischen-wsv-und-initiative-empty-stands\/","title":{"rendered":"Doppelpass zwischen WSV und Initiative &#8222;Empty Stands&#8220;"},"content":{"rendered":"<p><img loading=\"lazy\" decoding=\"async\" class=\"wp-image-89551 size-full\" src=\"\/wp-content\/uploads\/2026\/01\/1000134001-scaled.jpeg\" alt=\"\" width=\"2560\" height=\"1706\" \/>Die Initiative &#8222;Empty Stands&#8220; macht gemeinsam mit dem Wuppertaler SV auf die schwere Multisystem-Erkrankung Myalgische Enzephalomyelitis (ME\/CFS) aufmerksam &#8211; \u00a9 Empty Stands<\/p>\n<p>Myalgische Enzephalomyelitis (ME\/CFS) tritt vor allem nach Virusinfektionen auf. Die Erkrankung f\u00fchrt h\u00e4ufig zu einer Vielzahl von Symptomen &#8211; darunter schwere Fatigue, kognitive Einschr\u00e4nkungen, starke Schmerzen und eine ausgepr\u00e4gte Reizempfindlichkeit. Das Leitsymptom ist die sogenannte Post-Exertionelle Malaise (PEM), eine teils drastische Verschlechterung der Beschwerden nach bereits geringer k\u00f6rperlicher oder geistiger Belastung.<\/p>\n<p>F\u00fcr schwerstbetroffene Menschen bedeutet dies oft jahrelange Bettl\u00e4gerigkeit in abgedunkelten R\u00e4umen. Viele k\u00f6nnen keine Ger\u00e4usche, Gespr\u00e4che oder Bildschirme ertragen, da jeder Reiz eine anhaltende Verschlechterung ihres Zustands ausl\u00f6sen kann.<\/p>\n<p>In Deutschland gehen Studien von mehr als 650.000 Betroffenen aus.\u00a0\u201eEmpty Stands\u201c ist eine Initiative von an ME\/CFS, Long COVID und Post-Vac erkrankten Fu\u00dfballfans. Der Name steht sinnbildlich f\u00fcr die Menschen, die aufgrund ihrer Erkrankung nicht mehr ins Stadion kommen k\u00f6nnen und aus ihrem fr\u00fcheren Leben verschwinden. Die Initiative setzt sich f\u00fcr mehr gesellschaftliche Aufmerksamkeit, bessere medizinische Versorgung und dringend notwendige Forschung ein.<\/p>\n<div id=\"attachment_89552\" class=\"wp-caption alignnone\" style=\"max-width: 660px;\"><img loading=\"lazy\" decoding=\"async\" class=\"wp-image-89552 size-full\" src=\"\/wp-content\/uploads\/2026\/01\/Bild-2.jpg\" alt=\"\" width=\"650\" height=\"595\" \/><span class=\"wp-caption-text\">Betroffene der schweren Erkrankung sind auf fremde Hilfe angewiesen &#8211; \u00a9 Sergej Preis<\/span><\/div>\n<p>\u201cWir sind sehr dankbar f\u00fcr das tolle Engagement des Wuppertaler Fanprojektes, des Vereins und der Fans. Man merkt, wie den Beteiligten das Thema am Herzen liegt\u201c, so ein Statement der Initiative.<span class=\"Apple-converted-space\">\u00a0<\/span><\/p>\n<p>Im Rahmen des Aktionsspieltags k\u00f6nnen sich Fans unter anderem an einem Infostand, Infotafeln und in der Stadionzeitung \u00fcber ME\/CFS informieren. Zudem werden Becher- und Geldspenden f\u00fcr die Forschung gesammelt. \u00dcber eine Spendenliga besteht au\u00dferdem die M\u00f6glichkeit, sich im Namen des WSV an der Unterst\u00fctzung zu beteiligen.<\/p>\n<p><strong>Wichtige Infos finden Sie auf der Webseite der Initiative &#8222;Empty Stands&#8220;:<\/strong><\/p>\n<p><a href=\"https:\/\/emptystands.me\/\">https:\/\/emptystands.me\/<\/a><\/p>\n","protected":false},"excerpt":{"rendered":"<p>Doppelpass zwischen \u201eEmpty Stands\u201c und dem Fu\u00dfballregionalligisten Wuppertaler SV! Die Initiative und der WSV machen beim Spiel gegen SSVg Velbert am Samstag (24.01. &#8211; 14:00 Uhr) im Stadion am Zoo auf die schwere Multisystem-Erkrankung Myalgische Enzephalomyelitis (ME\/CFS) aufmerksam. <\/p>\n<p>\u00a0<\/p>\n","protected":false},"author":7,"featured_media":0,"comment_status":"open","ping_status":"open","sticky":false,"template":"","format":"standard","meta":{"footnotes":""},"categories":[24],"tags":[],"class_list":["post-89548","post","type-post","status-publish","format-standard","hentry","category-wuppertal"],"publishpress_future_action":{"enabled":false,"date":"2026-05-05 12:31:12","action":"change-status","newStatus":"draft","terms":[],"taxonomy":"category","extraData":[]},"publishpress_future_workflow_manual_trigger":{"enabledWorkflows":[]},"_links":{"self":[{"href":"https:\/\/www.die-stadtzeitung.de\/index.php\/wp-json\/wp\/v2\/posts\/89548","targetHints":{"allow":["GET"]}}],"collection":[{"href":"https:\/\/www.die-stadtzeitung.de\/index.php\/wp-json\/wp\/v2\/posts"}],"about":[{"href":"https:\/\/www.die-stadtzeitung.de\/index.php\/wp-json\/wp\/v2\/types\/post"}],"author":[{"embeddable":true,"href":"https:\/\/www.die-stadtzeitung.de\/index.php\/wp-json\/wp\/v2\/users\/7"}],"replies":[{"embeddable":true,"href":"https:\/\/www.die-stadtzeitung.de\/index.php\/wp-json\/wp\/v2\/comments?post=89548"}],"version-history":[{"count":7,"href":"https:\/\/www.die-stadtzeitung.de\/index.php\/wp-json\/wp\/v2\/posts\/89548\/revisions"}],"predecessor-version":[{"id":89558,"href":"https:\/\/www.die-stadtzeitung.de\/index.php\/wp-json\/wp\/v2\/posts\/89548\/revisions\/89558"}],"wp:attachment":[{"href":"https:\/\/www.die-stadtzeitung.de\/index.php\/wp-json\/wp\/v2\/media?parent=89548"}],"wp:term":[{"taxonomy":"category","embeddable":true,"href":"https:\/\/www.die-stadtzeitung.de\/index.php\/wp-json\/wp\/v2\/categories?post=89548"},{"taxonomy":"post_tag","embeddable":true,"href":"https:\/\/www.die-stadtzeitung.de\/index.php\/wp-json\/wp\/v2\/tags?post=89548"}],"curies":[{"name":"wp","href":"https:\/\/api.w.org\/{rel}","templated":true}]}}