{"id":89542,"date":"2026-01-15T13:36:27","date_gmt":"2026-01-15T12:36:27","guid":{"rendered":"https:\/\/www.die-stadtzeitung.de\/?p=89542"},"modified":"2026-01-26T20:08:19","modified_gmt":"2026-01-26T19:08:19","slug":"bhc-fynn-hangstein-ab-sofort-im-loewentrikot","status":"publish","type":"post","link":"https:\/\/www.die-stadtzeitung.de\/index.php\/2026\/01\/15\/bhc-fynn-hangstein-ab-sofort-im-loewentrikot\/","title":{"rendered":"BHC: Fynn Hangstein ab sofort im L\u00f6wentrikot"},"content":{"rendered":"<div id=\"attachment_89545\" class=\"wp-caption alignnone\" style=\"max-width: 1610px;\"><img loading=\"lazy\" decoding=\"async\" class=\"wp-image-89545 size-full\" src=\"\/wp-content\/uploads\/2026\/01\/20260123_HangsteinWechselpersofort.jpeg\" alt=\"\" width=\"1600\" height=\"1000\" \/><span class=\"wp-caption-text\">Neuzugang Fynn Hangstein freut sich, dass er seinem neuen Verein jetzt schon zur Verf\u00fcgung stehen und im Kampf um den Klassenerhalt helfen kann \u00a0&#8211; \u00a9 BHC 06<\/span><\/div>\n<p class=\"p1\">Am Ende des konstruktiven Austausches steht der sofortige Wechsel unter zufriedenstellenden Rahmenbedingungen f\u00fcr alle Beteiligten. \u201eAufgrund unserer Verletztenliste war es unser aller Wunsch, den f\u00fcr den Sommer feststehenden Transfer bereits vorziehen zu k\u00f6nnen\u201c, zeigt sich Fabian Gutbrod mit dem Ergebnis der Bem\u00fchungen \u00e4u\u00dferst zufrieden. \u201eWir sind sehr gl\u00fccklich Fynn bereits jetzt bei uns zu haben. Ich bin mir sicher, dass er menschlich wie sportlich in die Mannschaft passt und sich schnell integrieren wird. Dies ist ein weiterer Baustein f\u00fcr unser gro\u00dfes Ziel, den Klassenerhalt in der DAIKIN HBL.\u201c<\/p>\n<p class=\"p1\">\u201eIch bin froh, dass es bereits w\u00e4hrend der EM-Pause mit dem Wechsel zum BHC geklappt hat. Die Mannschaft hat mich direkt voll in das Training mit aufgenommen. Ich freue mich auf das erste Heimspiel und die kommenden zweieinhalb Jahre\u201c, so Fynn Hangstein zum vorzeitigen Transfer.<\/p>\n<p class=\"p2\">\n","protected":false},"excerpt":{"rendered":"<p>Fynn Hangstein wird ab sofort das Trikot der Bergischen L\u00f6wen tragen. Der bereits f\u00fcr die kommende Spielzeit feststehende Transfer vom ThSV Eisenach zum BHC wird vorgezogen. Darauf einigten sich die Verantwortlichen beider Clubs und der R\u00fcckraumspieler in den fortlaufenden Gespr\u00e4chen der vergangenen Wochen.<\/p>\n","protected":false},"author":7,"featured_media":0,"comment_status":"open","ping_status":"open","sticky":false,"template":"","format":"standard","meta":{"footnotes":""},"categories":[20],"tags":[],"class_list":["post-89542","post","type-post","status-publish","format-standard","hentry","category-sport"],"publishpress_future_action":{"enabled":false,"date":"2026-05-06 17:41:16","action":"change-status","newStatus":"draft","terms":[],"taxonomy":"category","extraData":[]},"publishpress_future_workflow_manual_trigger":{"enabledWorkflows":[]},"_links":{"self":[{"href":"https:\/\/www.die-stadtzeitung.de\/index.php\/wp-json\/wp\/v2\/posts\/89542","targetHints":{"allow":["GET"]}}],"collection":[{"href":"https:\/\/www.die-stadtzeitung.de\/index.php\/wp-json\/wp\/v2\/posts"}],"about":[{"href":"https:\/\/www.die-stadtzeitung.de\/index.php\/wp-json\/wp\/v2\/types\/post"}],"author":[{"embeddable":true,"href":"https:\/\/www.die-stadtzeitung.de\/index.php\/wp-json\/wp\/v2\/users\/7"}],"replies":[{"embeddable":true,"href":"https:\/\/www.die-stadtzeitung.de\/index.php\/wp-json\/wp\/v2\/comments?post=89542"}],"version-history":[{"count":4,"href":"https:\/\/www.die-stadtzeitung.de\/index.php\/wp-json\/wp\/v2\/posts\/89542\/revisions"}],"predecessor-version":[{"id":89547,"href":"https:\/\/www.die-stadtzeitung.de\/index.php\/wp-json\/wp\/v2\/posts\/89542\/revisions\/89547"}],"wp:attachment":[{"href":"https:\/\/www.die-stadtzeitung.de\/index.php\/wp-json\/wp\/v2\/media?parent=89542"}],"wp:term":[{"taxonomy":"category","embeddable":true,"href":"https:\/\/www.die-stadtzeitung.de\/index.php\/wp-json\/wp\/v2\/categories?post=89542"},{"taxonomy":"post_tag","embeddable":true,"href":"https:\/\/www.die-stadtzeitung.de\/index.php\/wp-json\/wp\/v2\/tags?post=89542"}],"curies":[{"name":"wp","href":"https:\/\/api.w.org\/{rel}","templated":true}]}}