{"id":89521,"date":"2026-01-14T20:34:25","date_gmt":"2026-01-14T19:34:25","guid":{"rendered":"https:\/\/www.die-stadtzeitung.de\/?p=89521"},"modified":"2026-01-25T10:04:14","modified_gmt":"2026-01-25T09:04:14","slug":"wsv-geht-mit-neuem-elan-in-den-abstiegskampf","status":"publish","type":"post","link":"https:\/\/www.die-stadtzeitung.de\/index.php\/2026\/01\/14\/wsv-geht-mit-neuem-elan-in-den-abstiegskampf\/","title":{"rendered":"WSV geht mit neuem Elan in den Abstiegskampf\u00a0"},"content":{"rendered":"<div id=\"attachment_89524\" class=\"wp-caption alignnone\" style=\"max-width: 2570px;\"><img loading=\"lazy\" decoding=\"async\" class=\"wp-image-89524 size-full\" src=\"\/wp-content\/uploads\/2026\/01\/Classen-22-01-2026-029-scaled.jpeg\" alt=\"\" width=\"2560\" height=\"1697\" \/><span class=\"wp-caption-text\">Die erste Pressekonferenz mit dem neuen WSV-Trainer Mike Wunderlich (r.) vor einem Meisterschaftsspiel. \u00a0Zuversichtlich und gut gelaunt Sportdirektor Gaetano Manno (l.). In der Mitte Pressesprecher Max Schleicher \u00a0&#8211; \u00a9 Jochen Classen<\/span><\/div>\n<p>Wegen der gro\u00dfen Bedeutung haben in diesem Abstiegskampf ab sofort Jugendliche bis 18 Jahre freien Eintritt. Von dieser Ma\u00dfnahme erhofft man sich bei den Rotblauen nat\u00fcrlich eine lautstarke Unterst\u00fctzung von den R\u00e4ngen, nichts w\u00e4re da schlimmer, als g\u00e4hnend leere R\u00e4nge im Stadion. Der WSV verspricht: \u201eAlle unter 19 kommen mit einem Stempel an der Kasse rein.\u201c<\/p>\n<h4>Angst vor g\u00e4hnender Leere<\/h4>\n<p>Der neue WSV-Trainer hatte nur drei Wochen Zeit, um das Team auf die schwere Aufgabe vorzubereiten. Sieht man von dem Erfolg bei den Wuppertaler Hallen-Meisterschaften ab, gelang in den drei Vorbereitungsspielen kein einziger Sieg, lediglich ein Unentschieden und nur ein einziges Tor. Mike Wunderlichs Erkenntnis aus dieser Zeit: \u201eWir haben individuelle Fehler gemacht, die zum Gl\u00fcck jetzt nur in \u00a0Testspielen passierten, Fehler, die wir eigentlich nicht mehr machen wollten. Wir wollen dagegen erwachsen und seri\u00f6s bleiben\u201c.<\/p>\n<div id=\"attachment_89525\" class=\"wp-caption alignnone\" style=\"max-width: 1311px;\"><img loading=\"lazy\" decoding=\"async\" class=\"wp-image-89525 size-full\" src=\"\/wp-content\/uploads\/2026\/01\/Bild-22.01.26-um-12.28-1.jpeg\" alt=\"\" width=\"1301\" height=\"839\" \/><span class=\"wp-caption-text\">WSV-Sportdirektor Gaetano Manno (l.) mit Neuzugang Nicolas Hirschberger, der vom Liga-Konkurrenten 1. FC Bocholt ausgeliehen wurde &#8211; \u00a9 WSV<\/span><\/div>\n<p>Die Hoffnung auf eine Rekonvalenz der lange verletzter Spieler konnte sich nur bedingt erf\u00fcllen. Semir Saric und Muhammed Bejdic fallen weiter aus und werden ebenso wie Jeff Fehr wohl noch fehlen. Kadi Atmaca konnte dagegen im Trainingslager an der t\u00fcrkischen Riviera bereits eingesetzt werden. Neu dabei sein werden Nicolas Hirschberger und Innenverteidiger Marko Stojanovic. Beide kommen vom Liga-Konkurrenten 1. FC Bocholt, beide waren auch schon mit im Trainingslager. Mike Wunderlich: &#8222;Beide Neuzug\u00e4nge sind Spieler, die in der Startelf stehen k\u00f6nnen. Wir wissen, was auf uns zukommt\u201c.<\/p>\n<h4>Neuzug\u00e4nge sollen f\u00fcr Stabilit\u00e4t und Tore sorgen<\/h4>\n<p>Marco Stajanovic (31) ist ehemaliger serbischer U18 Nationalspieler und soll die Abwehr verst\u00e4rken, seine Hauptposition war immer das linke Mittelfeld. Er kann aber auch als linker Verteidiger eingesetzt werden und lief sogar schon als Mittelst\u00fcrmer auf. Marco Stajanovic spielte bislang 220 Mal in verschiedenen Regionalligen und kam dabei zu elf Torerfolgen. Zuletzt war er vereinslos. WSV-Sportdirektor Gaetano Manno. &#8222;Marco bringt sehr viel Erfahrung mit, in der Hinrunde hat uns genau diese Erfahrung oft gefehlt.\u201c<\/p>\n<p>Nicolas Hirschberger (26) kommt auf Leihbasis und soll beim WSV Tore schiessen. Seine bisherige Hauptposition war das offensives Mittelfeld, er kann aber auch im zentralen Mittelfeld oder als Rechtsaussen eingesetzt werden. In seinen bisherigen 147 Regionalliga-Spielen erzielte er 14 Tore. Zu seinen bisherigen Stationen geh\u00f6rten u.a. auch Fortuna D\u00fcsseldorf II und der VfB Homberg.<\/p>\n<div id=\"attachment_89526\" class=\"wp-caption alignnone\" style=\"max-width: 2570px;\"><img loading=\"lazy\" decoding=\"async\" class=\"wp-image-89526 size-full\" src=\"\/wp-content\/uploads\/2026\/01\/IMG_7837-scaled.jpeg\" alt=\"\" width=\"2560\" height=\"1199\" \/><span class=\"wp-caption-text\">Spieler des Regionalisten Wuppertaler SV beim Training auf der Sportanlage an der Oberbergischen Stra\u00dfe &#8211; \u00a9 Siegfried J\u00e4hne<\/span><\/div>\n<p>Tabellen-Schlu\u00dflicht SSVg Velbert hat sich noch nicht aufgegeben. Den Klassenerhalt wollen die Nachbarn mit einem signifikant ver\u00e4nderten Kader anvisieren. Dazu geh\u00f6ren als\u00a0 Neuzug\u00e4nge der 20j\u00e4hrige Japaner\u00a0 Haruto Idoguchi (20) f\u00fcr die St\u00fcrmerposition sowie im Tor Kevin Jackmuth (31), der von Eintracht Hohkeppel aus der Mittelrheinliga geholt wurde. Allerdings startete das Team von Trainer Bogdan Komorowski schon mit einer bitteren Niederlage ins neue Jahr: Im Nachholspiel gegen die SG Lotte mussten sich die Velberter letzte Woche vor 500 Zuschauern im eigenen Stadion 0:3 geschlagen geben und verloren zus\u00e4tzlich Rechtsverteidiger Ismael Remmo, der nach zwei unn\u00f6tigen Foulspielen mit gelb-rot vom Platz musste.<\/p>\n<h4>Torwartfrage noch ungekl\u00e4rt<\/h4>\n<p>WSV-Trainer Wunderlich hat personell die Qual der Wahl. Vor allem die Torwartfrage wird\u00a0 ihm Problem bereiten, nachdem alle drei Keeper in der Vorbereitung eklatante Fehler machten. Da droht jetzt sogar dem bisherigen Stammtorh\u00fcter und Mannschaftskapit\u00e4n Michael Luyambula m\u00f6glicherweise die Ersatzbank. Mike Wunderlich brachte seine Erwartungen auf den Punkt &#8211; nicht nur was die Torh\u00fcterleistung angeht: &#8222;Es geht am Samstag um drei Sachen: Erwachsen sein, Fehler minimieren und das Ergebnis.&#8220;<\/p>\n<p><b>Text: Siegfried J\u00e4hne<\/b><\/p>\n","protected":false},"excerpt":{"rendered":"<p>Der Wuppertaler SV steht vor einer \u201eMission possible\u201c &#8211; \u00a0alles ist\u00a0 m\u00f6glich! \u00c4hnlich einer Raumfahrtmission geht es in der R\u00fcckrunde darum, oben zu bleiben und den Abstieg aus der Regionalliga zu vermeiden. Schon am Samstag steht die Mannschaft von Trainer Mike Wunderlich bei dessen Premiere mit der Partie gegen den bislang sieglosen und somit ebenfalls gef\u00e4hrdeten Tabellenletzten SSVg Velbert vor einem \u201eSchl\u00fcsselspiel\u201c. Ansto\u00df im Stadion am Zoo ist 14 Uhr.<\/p>\n","protected":false},"author":7,"featured_media":0,"comment_status":"open","ping_status":"open","sticky":false,"template":"","format":"standard","meta":{"footnotes":""},"categories":[20],"tags":[],"class_list":["post-89521","post","type-post","status-publish","format-standard","hentry","category-sport"],"publishpress_future_action":{"enabled":false,"date":"2026-05-04 11:22:08","action":"change-status","newStatus":"draft","terms":[],"taxonomy":"category","extraData":[]},"publishpress_future_workflow_manual_trigger":{"enabledWorkflows":[]},"_links":{"self":[{"href":"https:\/\/www.die-stadtzeitung.de\/index.php\/wp-json\/wp\/v2\/posts\/89521","targetHints":{"allow":["GET"]}}],"collection":[{"href":"https:\/\/www.die-stadtzeitung.de\/index.php\/wp-json\/wp\/v2\/posts"}],"about":[{"href":"https:\/\/www.die-stadtzeitung.de\/index.php\/wp-json\/wp\/v2\/types\/post"}],"author":[{"embeddable":true,"href":"https:\/\/www.die-stadtzeitung.de\/index.php\/wp-json\/wp\/v2\/users\/7"}],"replies":[{"embeddable":true,"href":"https:\/\/www.die-stadtzeitung.de\/index.php\/wp-json\/wp\/v2\/comments?post=89521"}],"version-history":[{"count":5,"href":"https:\/\/www.die-stadtzeitung.de\/index.php\/wp-json\/wp\/v2\/posts\/89521\/revisions"}],"predecessor-version":[{"id":89530,"href":"https:\/\/www.die-stadtzeitung.de\/index.php\/wp-json\/wp\/v2\/posts\/89521\/revisions\/89530"}],"wp:attachment":[{"href":"https:\/\/www.die-stadtzeitung.de\/index.php\/wp-json\/wp\/v2\/media?parent=89521"}],"wp:term":[{"taxonomy":"category","embeddable":true,"href":"https:\/\/www.die-stadtzeitung.de\/index.php\/wp-json\/wp\/v2\/categories?post=89521"},{"taxonomy":"post_tag","embeddable":true,"href":"https:\/\/www.die-stadtzeitung.de\/index.php\/wp-json\/wp\/v2\/tags?post=89521"}],"curies":[{"name":"wp","href":"https:\/\/api.w.org\/{rel}","templated":true}]}}