{"id":89495,"date":"2026-01-14T07:26:32","date_gmt":"2026-01-14T06:26:32","guid":{"rendered":"https:\/\/www.die-stadtzeitung.de\/?p=89495"},"modified":"2026-01-25T10:05:51","modified_gmt":"2026-01-25T09:05:51","slug":"in-der-kunsthalle-barmen-fliegen-die-funken","status":"publish","type":"post","link":"https:\/\/www.die-stadtzeitung.de\/index.php\/2026\/01\/14\/in-der-kunsthalle-barmen-fliegen-die-funken\/","title":{"rendered":"In der Kunsthalle Barmen fliegen die \u201eFunken\u201c"},"content":{"rendered":"<div id=\"attachment_89497\" class=\"wp-caption alignnone\" style=\"max-width: 2570px;\"><img loading=\"lazy\" decoding=\"async\" class=\"wp-image-89497 size-full\" src=\"\/wp-content\/uploads\/2026\/01\/IMG_9160-scaled.jpeg\" alt=\"\" width=\"2560\" height=\"1804\" \/><span class=\"wp-caption-text\">Victoria Di Bello mit drei der Teilnehmerinnen: (von oben) \u00a0Jara Altgen, Ilayda Durmus, Victoria Di Bello und Maite Foit &#8211; \u00a9 privat<\/span><\/div>\n<p>Die Performance ist Ergebnis eines Workshops und an insgesamt vier Terminen in der gemeinsamen Arbeit mit Jugendlichen im Alter von 16 bis 18 Jahren entstanden.<span class=\"Apple-converted-space\">\u00a0<\/span><\/p>\n<p>Inmitten der gegenw\u00e4rtigen Ausstellung, die physikalische Energiefl\u00fcsse und W echselwirkungen erforscht, greifen Victoria Di Bello und ihre Mitstreiterinnen das spezifische Ph\u00e4nomen der Reibung metaphorisch auf. Auf interdisziplin\u00e4re Weise wird die Reibung so als zwischenmenschliche Erfahrung untersucht.<\/p>\n<p><strong>Termin:<\/strong><\/p>\n<p>Performance<\/p>\n<h4>\u201eFunken\u201c<\/h4>\n<p>Samstag &#8211; 24.01.2016 &#8211; 16:00 Uhr<\/p>\n<p>Barmer Kunsthalle &#8211; Geschwister-Scholl-Platz 4-6 &#8211; 42269 Wuppertal<\/p>\n","protected":false},"excerpt":{"rendered":"<p>\u201eFunken\u201c heisst die Performance, die Victoria Di Bello (23), Studentin der Bergischen Universit\u00e4t Wuppertal, innerhalb des Rahmenprogramms der aktuellen Ausstellung \u201eEffort &#038; Flow\u201c in der Kunsthalle Barmen pr\u00e4sentiert.\u00a0<\/p>\n","protected":false},"author":7,"featured_media":0,"comment_status":"open","ping_status":"open","sticky":false,"template":"","format":"standard","meta":{"footnotes":""},"categories":[29],"tags":[],"class_list":["post-89495","post","type-post","status-publish","format-standard","hentry","category-kultur"],"publishpress_future_action":{"enabled":false,"date":"2026-05-05 12:38:07","action":"change-status","newStatus":"draft","terms":[],"taxonomy":"category","extraData":[]},"publishpress_future_workflow_manual_trigger":{"enabledWorkflows":[]},"_links":{"self":[{"href":"https:\/\/www.die-stadtzeitung.de\/index.php\/wp-json\/wp\/v2\/posts\/89495","targetHints":{"allow":["GET"]}}],"collection":[{"href":"https:\/\/www.die-stadtzeitung.de\/index.php\/wp-json\/wp\/v2\/posts"}],"about":[{"href":"https:\/\/www.die-stadtzeitung.de\/index.php\/wp-json\/wp\/v2\/types\/post"}],"author":[{"embeddable":true,"href":"https:\/\/www.die-stadtzeitung.de\/index.php\/wp-json\/wp\/v2\/users\/7"}],"replies":[{"embeddable":true,"href":"https:\/\/www.die-stadtzeitung.de\/index.php\/wp-json\/wp\/v2\/comments?post=89495"}],"version-history":[{"count":5,"href":"https:\/\/www.die-stadtzeitung.de\/index.php\/wp-json\/wp\/v2\/posts\/89495\/revisions"}],"predecessor-version":[{"id":89501,"href":"https:\/\/www.die-stadtzeitung.de\/index.php\/wp-json\/wp\/v2\/posts\/89495\/revisions\/89501"}],"wp:attachment":[{"href":"https:\/\/www.die-stadtzeitung.de\/index.php\/wp-json\/wp\/v2\/media?parent=89495"}],"wp:term":[{"taxonomy":"category","embeddable":true,"href":"https:\/\/www.die-stadtzeitung.de\/index.php\/wp-json\/wp\/v2\/categories?post=89495"},{"taxonomy":"post_tag","embeddable":true,"href":"https:\/\/www.die-stadtzeitung.de\/index.php\/wp-json\/wp\/v2\/tags?post=89495"}],"curies":[{"name":"wp","href":"https:\/\/api.w.org\/{rel}","templated":true}]}}