{"id":89465,"date":"2026-01-24T14:28:54","date_gmt":"2026-01-24T13:28:54","guid":{"rendered":"https:\/\/www.die-stadtzeitung.de\/?p=89465"},"modified":"2026-01-29T19:53:00","modified_gmt":"2026-01-29T18:53:00","slug":"martin-schneider-handball-kommentator-fuer-7-mio-tv-zuschauer","status":"publish","type":"post","link":"https:\/\/www.die-stadtzeitung.de\/index.php\/2026\/01\/24\/martin-schneider-handball-kommentator-fuer-7-mio-tv-zuschauer\/","title":{"rendered":"Martin Schneider: Handball-Kommentator f\u00fcr 7 Mio. TV-Zuschauer"},"content":{"rendered":"<div id=\"attachment_89470\" class=\"wp-caption alignnone\" style=\"max-width: 2570px;\"><img loading=\"lazy\" decoding=\"async\" class=\"wp-image-89470 size-full\" src=\"\/wp-content\/uploads\/2026\/01\/IMG_4110-scaled.jpeg\" alt=\"\" width=\"2560\" height=\"1974\" \/><span class=\"wp-caption-text\">ZDF-Sportreporter Martin Schneider als interessierter Zuschauer bei einem Beachvolleyball-Turnier &#8211; \u00a9 Siegfried J\u00e4hne<\/span><\/div>\n<p>\u201eTotgesagte leben l\u00e4nger\u201c war Martin Schneiders Kommentar in den Schluss-Sekunden, als der lange umk\u00e4mpfte\u00a0 Erfolg zum greifen nahe war. Keine Selbstverst\u00e4ndlichkeit, denn das deutsche Team, als Mitfavorit in die Handball-Europameisterschaften gestartet, stand nach der \u00fcberraschenden 27:30-Niederlage gegen Serbien unter Zugzwang und w\u00e4re bei einer Niederlage gegen Spanien vorzeitig ausgeschieden.<\/p>\n<h4>20 internationale Gro\u00dfereignisse<\/h4>\n<p>Als Julian K\u00f6ster Minuten vor Spielende zum 34:29 in spanische Tor traf, \u00fcberschlug sich die Stimme des sonst eher ruhig und sachlich analysierenden Martin Schneider vor Begeisterung. Er, der auch wieder die Zuschauer ansprach, die nicht jede Woche Handball schauen, durfte sich \u00fcber die riesige B\u00fchne freuen. Ein Spiel, das sicher zu den H\u00f6hepunkten seiner langen Karriere mit zahlreichen internationale Eins\u00e4tzen, darunter viele Welt- und Europameisterschaften in Fu\u00dfball (wie WM 2018, EM 2024) und Handball (wie Handball-WM 2019), aber auch Olympische Spiele. Viele Jahre war er Assistent von Reporter-Legende B\u00e9la R\u00e9thy und berichtete von insgesamt \u00fcber 20 internationalen Gro\u00dfereignissen. Inzwischen ist er auch bei ZDF-Fu\u00dfball-Highlights Nachfolger seines Lehrmeisters, Kollegen und Freundes B\u00e9la R\u00e9thy.<\/p>\n<p>Aktuell ist Martin Schneider f\u00fcr das ZDF Hauptkommentator der Handball-EM 2026 in den vier skandinavischen Spielst\u00e4tten, so dass man sicher davon ausgehen kann, dass er auch die n\u00e4chsten Spiele des deutschen Teams \u00fcbertragen wird, soweit das ZDF die Rechte im Wechsel mit der ARD hat. Mit dabei ist auch Sven-S\u00f6ren Christophersen als Experte und Co-Kommentator. Der 39-J\u00e4hrige Christophersen bestritt \u00fcber 100 L\u00e4nderspiele f\u00fcr Deutschland. Seit dem Ende seiner aktiven Karriere arbeitet der ehemalige R\u00fcckraumspieler im Hauptberuf als Sportchef des Bundesligisten TSV Hannover-Burgdorf.<\/p>\n<h4>Neue Highlight gegen Norwegen und Frankreich<\/h4>\n<p>Die Mannschaft von Bundestrainer Alfred Gislason trifft jetzt in der Gruppe C auf Gastgeber D\u00e4nemark, Titelverteidiger Frankreich, Norwegen und entweder Portugal oder Nordmazedonien. Der Gegner am Samstag ist Norwegen, der am Montag Frankreich, f\u00fcr beide Partien ist Martin Schneider als ZDF-Reporter bereits gesetzt. Schneider begann seine Karriere bei Radio Wuppertal, bevor er 1995 beim ZDF anheuerte, wo er inzwischen zu den pr\u00e4genden Stimmen des Senders geh\u00f6rt. Seine Fachgebiete sind Fu\u00dfball, Handball, Beach-Volleyball und der Wintersport. Bei den diesj\u00e4hrigen Olympischen Winterspielen in Mailand und Cortina d\u2019Ampezzo ist er wegen der zeitlichen \u00dcberschneidung mit der Handball-EM allerdings nicht dabei.<\/p>\n<div id=\"attachment_89471\" class=\"wp-caption alignnone\" style=\"max-width: 2570px;\"><img loading=\"lazy\" decoding=\"async\" class=\"wp-image-89471 size-full\" src=\"\/wp-content\/uploads\/2026\/01\/IMG_4247-2-scaled.jpeg\" alt=\"\" width=\"2560\" height=\"1510\" \/><span class=\"wp-caption-text\">Martin Schneider (M.) bei einem VBS-Treffen mit Reporter-Legende B\u00e9la R\u00e9thy (l.) Und Dr. Malte Kr\u00fcger, Leiter Sportwissenschaft und Athletik beim Fu\u00dfball-Bundesligisten Bayer 04 Leverkusen &#8211; \u00a9 Siegfried J\u00e4hne<\/span><\/div>\n<h4>Pr\u00e4sident der Bergischen Sportpresse<\/h4>\n<p>Martin Schneider hat seine Wurzeln in Wuppertal, wo er sein Abitur machte und bis heute mit seiner Familie zu Hause ist. Nat\u00fcrlich ist er hier auch Stammgast beim bergischen Handball-Bundesligisten BHC. Er ist engagierter Pr\u00e4sident des Vereins der Bergischen Sportpresse. Das Amt hat er vor einigen Jahren vom bekannten Wuppertaler Sportjournalisten Manfred Osenberg \u00fcbernommen. Und er ist auch noch pers\u00f6nlich hochmotiviert auf Ballh\u00f6he &#8211; beim Fu\u00dfballtraining der Sportpresse jeden Mittwoch in der Heckinghauser Sporthalle.<\/p>\n<p><b>Text: Siegfried J\u00e4hne<\/b><\/p>\n","protected":false},"excerpt":{"rendered":"<p>Spannend und unterhaltsam vermittelte das ZDF seinem Publikum den Erfolgs-Thriller der Deutschen Handballer. Die gewannen bei der EM in D\u00e4nemark das wichtige \u201eEndspiel\u201c um den Einzug in die Hauptrunde gegen Spanien mit 34:32 (17:15) Toren. Am Mikrophon dieses \u201eKrimis\u201c sa\u00df der Wuppertaler Sportreporter Martin Schneider (58). 6,97 Millionen Handball-Fans haben das Spiel im ZDF verfolgt.<\/p>\n","protected":false},"author":7,"featured_media":0,"comment_status":"open","ping_status":"open","sticky":false,"template":"","format":"standard","meta":{"footnotes":""},"categories":[20],"tags":[],"class_list":["post-89465","post","type-post","status-publish","format-standard","hentry","category-sport"],"publishpress_future_action":{"enabled":false,"date":"2026-05-09 01:53:01","action":"change-status","newStatus":"draft","terms":[],"taxonomy":"category","extraData":[]},"publishpress_future_workflow_manual_trigger":{"enabledWorkflows":[]},"_links":{"self":[{"href":"https:\/\/www.die-stadtzeitung.de\/index.php\/wp-json\/wp\/v2\/posts\/89465","targetHints":{"allow":["GET"]}}],"collection":[{"href":"https:\/\/www.die-stadtzeitung.de\/index.php\/wp-json\/wp\/v2\/posts"}],"about":[{"href":"https:\/\/www.die-stadtzeitung.de\/index.php\/wp-json\/wp\/v2\/types\/post"}],"author":[{"embeddable":true,"href":"https:\/\/www.die-stadtzeitung.de\/index.php\/wp-json\/wp\/v2\/users\/7"}],"replies":[{"embeddable":true,"href":"https:\/\/www.die-stadtzeitung.de\/index.php\/wp-json\/wp\/v2\/comments?post=89465"}],"version-history":[{"count":6,"href":"https:\/\/www.die-stadtzeitung.de\/index.php\/wp-json\/wp\/v2\/posts\/89465\/revisions"}],"predecessor-version":[{"id":89475,"href":"https:\/\/www.die-stadtzeitung.de\/index.php\/wp-json\/wp\/v2\/posts\/89465\/revisions\/89475"}],"wp:attachment":[{"href":"https:\/\/www.die-stadtzeitung.de\/index.php\/wp-json\/wp\/v2\/media?parent=89465"}],"wp:term":[{"taxonomy":"category","embeddable":true,"href":"https:\/\/www.die-stadtzeitung.de\/index.php\/wp-json\/wp\/v2\/categories?post=89465"},{"taxonomy":"post_tag","embeddable":true,"href":"https:\/\/www.die-stadtzeitung.de\/index.php\/wp-json\/wp\/v2\/tags?post=89465"}],"curies":[{"name":"wp","href":"https:\/\/api.w.org\/{rel}","templated":true}]}}