{"id":89231,"date":"2026-01-09T12:29:36","date_gmt":"2026-01-09T11:29:36","guid":{"rendered":"https:\/\/www.die-stadtzeitung.de\/?p=89231"},"modified":"2026-01-09T12:31:13","modified_gmt":"2026-01-09T11:31:13","slug":"boerse-von-der-zeitbombe-ostsee-bis-zum-undsinn","status":"publish","type":"post","link":"https:\/\/www.die-stadtzeitung.de\/index.php\/2026\/01\/09\/boerse-von-der-zeitbombe-ostsee-bis-zum-undsinn\/","title":{"rendered":"B\u00f6rse: Von &#8218;Zeitbombe Ostsee&#8216; bis &#8218;Undsinn&#8216;"},"content":{"rendered":"<div id=\"attachment_89236\" class=\"wp-caption alignnone\" style=\"max-width: 1447px;\"><img loading=\"lazy\" decoding=\"async\" class=\"wp-image-89236 size-full\" src=\"\/wp-content\/uploads\/2026\/01\/Ulan-Bator_Foto_Sebastian-Rueger.jpg\" alt=\"\" width=\"1437\" height=\"970\" \/><span class=\"wp-caption-text\">Ulan &amp; Bator &#8211; die intellektuellen Clowns, pr\u00e4sentieren ihrem Publikum ihr neues Programm &#8222;Undsinn&#8220; &#8211; \u00a9 Sebastian R\u00fcger<\/span><\/div>\n<p>Kurzweilig, musikalisch und meinungsstark wie immer verspricht der Jahresr\u00fcckblick \u201eGut im Abgang\u201c mit Jens Neutag, Nora Boeckler und Axel P\u00e4tz am Donnerstag (05.02.) zu werden. <span class=\"Apple-converted-space\">\u00a0<\/span>Die Veranstaltungsgemeinschaft \u201eThe Bowl\u201c hat den bekannten Kriminologen Dr. Mark Benecke am Donnerstag (05.02.) in die Historische Stadthalle eingeladen, um \u00fcber \u201eF\u00e4lle am Rande des M\u00f6glichen\u201c zu berichten.<\/p>\n<p>Was h\u00e4lt das Jahr 2026 f\u00fcr Inspirationen bereit? Das will das \u201eB7 Improtheater\u201c bei seiner neuen Show \u201eFriede, Freude, Februar\u201c mit Hilfe des Publikums am Freitag (06.02.) herausfinden.<\/p>\n<p>Die Band \u201eLyschko\u201c und \u201edie b\u00f6rse\u201c veranstalten am Samstag (07.02.) die Fortsetzung des<span class=\"Apple-converted-space\">\u00a0 <\/span>\u201eNiedergang Fests\u201c. Mit dabei sind Gastgeber \u201eLyschko\u201c, Mia Morgan, \u201eKerker\u201c, \u201eDie Mausis\u201c und \u201eAbgrund\u201c.<\/p>\n<div id=\"attachment_89247\" class=\"wp-caption alignnone\" style=\"max-width: 510px;\"><img loading=\"lazy\" decoding=\"async\" class=\"wp-image-89247\" src=\"\/wp-content\/uploads\/2026\/01\/Mark-Benecke_Pressefoto-2.jpg\" alt=\"\" width=\"500\" height=\"751\" \/><span class=\"wp-caption-text\">Der weit \u00fcber Deutschland bekannte Kriminologe Dr. Marc Beneke &#8211; \u00a9 privat<\/span><\/div>\n<p>Der Autor Michael Itschert liest am Freitag (13.02.) aus einem aktuellen K\u00fcsten-Thriller \u201eZeitbombe Ostsee\u201c &#8211; im anschlie\u00dfendem Gespr\u00e4ch berichtet er \u00fcber den &#8222;hybriden Krieg&#8220; in der Ostsee.<\/p>\n<p>Wer Lust hat, am Sonntag (15.02.) Lindy-Hop zu tanzen, kann das beim monatlichen \u201eB\u00f6rsenHop\u201c, dem Socialdance der SwingJugend, tun.<\/p>\n<p>Und nat\u00fcrlich darf der \u201efeministische\u201c Flohmarkt im Februar nicht fehlen. Am Samstag (21.02.) geht es bei \u201eWeibsSt\u00fccke\u201c wieder um sch\u00f6ne Dinge aus zweiter Hand und um einen entspannten Nachmittag unter Frauen.<\/p>\n<p>Beim Vortrag der NGO \u201eattac\u201c schildert Referent Ulrich von der Stein am Dienstag (24.02.) seine Sicht auf die Mechanismen des sogenannten Wirtschaftslobbyismus. Titel: \u201eWoran scheitert eine gerechte Besteuerung der Reichen?\u201c<\/p>\n<div id=\"attachment_89239\" class=\"wp-caption alignnone\" style=\"max-width: 2570px;\"><img loading=\"lazy\" decoding=\"async\" class=\"wp-image-89239 size-full\" src=\"\/wp-content\/uploads\/2026\/01\/Jens_Neutag_Oliver-Haas-Fotodesgin.jpg\" alt=\"\" width=\"2560\" height=\"1707\" \/><span class=\"wp-caption-text\">Der erfolgreiche Kabarettist Jens Neutag &#8211; \u00a9 Oliver Haas<\/span><\/div>\n<p>Die Welt steht Kopf. Doch Ulan &amp; Bator haben am Freitag (27.02.) ihre Antwort auf jegliche Sinnkrise: \u201eUndsinn!\u201c &#8211; so hei\u00dft das neue Programm der beiden preisgekr\u00f6nten Clowns unter den Intellektuellen.<\/p>\n<p>Das Musik-Comedy-Duo \u201eReis Against The Sp\u00fclmaschine\u201c nimmt das Publikum am Samstag (28.02.) mit in den \u201eTourlaub\u201c. Es ist eine Reise voller Lacher, Musik und guter Laune.<span class=\"Apple-converted-space\">\u00a0<\/span><\/p>\n<p><strong>Das komplette Februar-Programm \u201eder b\u00f6rse\u201c und viele weitere Infos finden Sie unter:\u00a0<\/strong><a href=\"http:\/\/www.dieboerse-wtal.de\">http:\/\/www.dieboerse-wtal.de<\/a><\/p>\n<p>&nbsp;<\/p>\n<p>&nbsp;<\/p>\n<p>&nbsp;<\/p>\n","protected":false},"excerpt":{"rendered":"<p>Von wegen Winterschlaf! Das Kulturzentrum \u201edie B\u00f6rse\u201c liefert im Februar ein volles Programm:\u00a0 Vom Kabarettisten Jens Neutag, \u00fcber das \u201eB7 Improtheater\u201c, der spannenden Lesung aus dem K\u00fcsten-Thriller \u201eZeitbombe Ostsee\u201c, dem bunten Flohmarkt \u201eWeibsSt\u00fccke\u201c bis hin zum \u201eUndsinn\u201c der Clowns Ulan &#038; Bator.\u00a0Au\u00dferdem warten noch viele weitere Events auf ihr Publikum.<\/p>\n","protected":false},"author":7,"featured_media":0,"comment_status":"open","ping_status":"open","sticky":false,"template":"","format":"standard","meta":{"footnotes":""},"categories":[29],"tags":[],"class_list":["post-89231","post","type-post","status-publish","format-standard","hentry","category-kultur"],"publishpress_future_action":{"enabled":false,"date":"2026-05-06 23:12:58","action":"change-status","newStatus":"draft","terms":[],"taxonomy":"category","extraData":[]},"publishpress_future_workflow_manual_trigger":{"enabledWorkflows":[]},"_links":{"self":[{"href":"https:\/\/www.die-stadtzeitung.de\/index.php\/wp-json\/wp\/v2\/posts\/89231","targetHints":{"allow":["GET"]}}],"collection":[{"href":"https:\/\/www.die-stadtzeitung.de\/index.php\/wp-json\/wp\/v2\/posts"}],"about":[{"href":"https:\/\/www.die-stadtzeitung.de\/index.php\/wp-json\/wp\/v2\/types\/post"}],"author":[{"embeddable":true,"href":"https:\/\/www.die-stadtzeitung.de\/index.php\/wp-json\/wp\/v2\/users\/7"}],"replies":[{"embeddable":true,"href":"https:\/\/www.die-stadtzeitung.de\/index.php\/wp-json\/wp\/v2\/comments?post=89231"}],"version-history":[{"count":13,"href":"https:\/\/www.die-stadtzeitung.de\/index.php\/wp-json\/wp\/v2\/posts\/89231\/revisions"}],"predecessor-version":[{"id":89254,"href":"https:\/\/www.die-stadtzeitung.de\/index.php\/wp-json\/wp\/v2\/posts\/89231\/revisions\/89254"}],"wp:attachment":[{"href":"https:\/\/www.die-stadtzeitung.de\/index.php\/wp-json\/wp\/v2\/media?parent=89231"}],"wp:term":[{"taxonomy":"category","embeddable":true,"href":"https:\/\/www.die-stadtzeitung.de\/index.php\/wp-json\/wp\/v2\/categories?post=89231"},{"taxonomy":"post_tag","embeddable":true,"href":"https:\/\/www.die-stadtzeitung.de\/index.php\/wp-json\/wp\/v2\/tags?post=89231"}],"curies":[{"name":"wp","href":"https:\/\/api.w.org\/{rel}","templated":true}]}}