{"id":88745,"date":"2025-12-16T05:24:30","date_gmt":"2025-12-16T04:24:30","guid":{"rendered":"https:\/\/www.die-stadtzeitung.de\/?p=88745"},"modified":"2025-12-16T05:24:30","modified_gmt":"2025-12-16T04:24:30","slug":"o-du-froehliche-lieder-von-weihnachtsmenschen","status":"publish","type":"post","link":"https:\/\/www.die-stadtzeitung.de\/index.php\/2025\/12\/16\/o-du-froehliche-lieder-von-weihnachtsmenschen\/","title":{"rendered":"O Du Fr\u00f6hliche: Lieder von Weihnachtsmenschen"},"content":{"rendered":"<div id=\"attachment_88747\" class=\"wp-caption alignnone\" style=\"max-width: 2570px;\"><img loading=\"lazy\" decoding=\"async\" class=\"wp-image-88747 size-full\" src=\"\/wp-content\/uploads\/2025\/12\/CTG-per-9-2021-2-scaled-1.jpg\" alt=\"\" width=\"2560\" height=\"1805\" \/><span class=\"wp-caption-text\">TV-Star Claus-Theo G\u00e4rtner ist mit seiner markanten Stimme auf dem neuen Weihnachts-Album von Andreas A. Sutter zu h\u00f6ren &#8211; \u00a9 WAS\/Sutter<\/span><\/div>\n<p>Andreas A. Sutter, mehrfach mit dem \u201eDeutschen Rock- und\u00a0 Pop Preis\u201c dekoriert, \u00a0\u00a0verfasste die tiefgr\u00fcndigen Lyrics aller acht Songs und ist auch das Mastermind hinter dem Weihnachtsalbum. Die musikalische Seite \u00fcbernahm ein langj\u00e4hrig eingespieltes Team. Mit dabei waren, wie schon auf dem Vorg\u00e4ngeralbum, Komponist Bernd Willie Wilcek und Schauspieler\u00a0Claus Theo G\u00e4rtner (\u201eEin Fall f\u00fcr zwei\u201c). Der beliebte TV-Star lie\u00df bei Zwischentexten seine markante Stimme erklingen.<\/p>\n<p>F\u00fcr den Gesang standen herausragende Interpreten am Studio-Mikrofon: Darunter Maris Souler, Hanns Blue (\u201eJambros\u201c) und Daniel Schwierz (\u201eWanted\u201c, \u201eBallabuam\u201c), Nadin Wehebrink, Viola Pieper und Daniel Reckert. Auch Komponist Bernd Willie Wilcek steuerte f\u00fcr einen Titel seine Stimme als Sprecher bei. Weitere Kompositionen stammen unter anderem von Andreas Geier, Herbert Gauderer und Shark Trager. Bei der Vielfalt an Stimmen und Stilen m\u00fcsste eigentlich f\u00fcr jeden Geschmack und jede Stimmung etwas dabei sein: Von Funk bis Pop, beschwingt bis emotional, Gitarre bis Piano. Insgesamt sechs Komponisten und acht Interpreten waren an der Produktion beteiligt.<\/p>\n<div id=\"attachment_88749\" class=\"wp-caption alignnone\" style=\"max-width: 560px;\"><img loading=\"lazy\" decoding=\"async\" class=\"wp-image-88749 size-full\" src=\"\/wp-content\/uploads\/2025\/12\/Promo25_Sutter1.jpg\" alt=\"\" width=\"550\" height=\"648\" \/><span class=\"wp-caption-text\">Der Velberter Texter und Autor Andreas A. Sutter &#8211; \u00a9 WAS<\/span><\/div>\n<p>Das Thema, das sich wie ein roter Faden durch das au\u00dfergew\u00f6hnliche Weihnachts-Album zieht, ist das \u201eZuhause\u201c, die Einkehr und festliche Melancholie. Gleich mehrere Songs erz\u00e4hlen von Nostalgie, kindlichen Erinnerungen, der Begegnung mit geliebten Menschen und lieb gewonnenen Ritualen. Neben der emotionalen Weihnachtsszenerie, liefert das Album durchaus auch kritische T\u00f6ne: Im Titel \u201eWeihnachten nachdenklich\u201c geht es um Kommerzialisierung und Oberfl\u00e4chlichkeit des Festes.<\/p>\n<p>Und f\u00fcr viele ist Weihnachten auch eine Zeit f\u00fcr M\u00e4rchen \u2013 und auch diese werden bedient: \u201eWeihnachtsmenschen\u201c erz\u00e4hlt die entz\u00fcckende Liebesgeschichte von Frau Holle und dem Weihnachtsmann, und \u201eDer Weihnachtskuschelb\u00e4r\u201c ehrt den unangefochtenen Helden und treuen Vertrauten im Kinderzimmer.<\/p>\n<p>Das Album \u201eWeihnachten festlich &amp; kritisch\u201c ist ab sofort als Stream und MP3-Download erh\u00e4ltlich, u.a. bei Amazon Music und bei Spotify.<\/p>\n<div id=\"attachment_88750\" class=\"wp-caption alignnone\" style=\"max-width: 560px;\"><img loading=\"lazy\" decoding=\"async\" class=\"wp-image-88750 size-full\" src=\"\/wp-content\/uploads\/2025\/12\/Cover_Weihnachten_festlich_kritisch.jpg\" alt=\"\" width=\"550\" height=\"545\" \/><span class=\"wp-caption-text\">Das Cover des au\u00dfergew\u00f6hnlichen Weihnachts-Albums, das ab sofort als Stream oder MP3 bei Streamingdiensten wie Amazon Music oder Spotify erh\u00e4ltlich ist &#8211; \u00a9 WAS<\/span><\/div>\n<p>Das n\u00e4chste Projekt von Andreas A. Sutter wirft schon seine Schatten voraus. Im n\u00e4chsten Jahr will der Autor nach dem Kinderbuch \u201eTim ist unzufrieden\u201c mit \u201eKr\u00e4hen auf meinem Weg\u201c sein zweites literarisches Werk ver\u00f6ffentlichen. Dieses richtet sich dann aber an ein erwachsenes Publikum und handelt \u00a0von\u00a0\u201eunglaublichen Begebenheiten\u00a0in Anwaltssoziet\u00e4ten, Staatsanwaltschaften und bei Gerichten\u201c.<\/p>\n<p><strong>Text: Paul Coon<\/strong><\/p>\n<p>&nbsp;<\/p>\n","protected":false},"excerpt":{"rendered":"<p>Der Heiligabend r\u00fcckt immer n\u00e4her, der passende Weihnachtsbaum ist l\u00e4ngst ausgesucht, das Festtagsessen steht fest. F\u00fcr die romantische Christmas-Stimmung fehlen nur noch die richtigen Weihnachtslieder. Und diese legt der Velberter Songtexter und Autor Andreas A. Sutter jetzt allen Interessierten auf den Gabenteller. Titel seines Albums \u201eWeihnachten festlich &#038; kritisch\u201c.<\/p>\n","protected":false},"author":7,"featured_media":0,"comment_status":"open","ping_status":"open","sticky":false,"template":"","format":"standard","meta":{"footnotes":""},"categories":[29],"tags":[],"class_list":["post-88745","post","type-post","status-publish","format-standard","hentry","category-kultur"],"publishpress_future_action":{"enabled":false,"date":"2026-05-08 03:39:04","action":"change-status","newStatus":"draft","terms":[],"taxonomy":"category","extraData":[]},"publishpress_future_workflow_manual_trigger":{"enabledWorkflows":[]},"_links":{"self":[{"href":"https:\/\/www.die-stadtzeitung.de\/index.php\/wp-json\/wp\/v2\/posts\/88745","targetHints":{"allow":["GET"]}}],"collection":[{"href":"https:\/\/www.die-stadtzeitung.de\/index.php\/wp-json\/wp\/v2\/posts"}],"about":[{"href":"https:\/\/www.die-stadtzeitung.de\/index.php\/wp-json\/wp\/v2\/types\/post"}],"author":[{"embeddable":true,"href":"https:\/\/www.die-stadtzeitung.de\/index.php\/wp-json\/wp\/v2\/users\/7"}],"replies":[{"embeddable":true,"href":"https:\/\/www.die-stadtzeitung.de\/index.php\/wp-json\/wp\/v2\/comments?post=88745"}],"version-history":[{"count":5,"href":"https:\/\/www.die-stadtzeitung.de\/index.php\/wp-json\/wp\/v2\/posts\/88745\/revisions"}],"predecessor-version":[{"id":88754,"href":"https:\/\/www.die-stadtzeitung.de\/index.php\/wp-json\/wp\/v2\/posts\/88745\/revisions\/88754"}],"wp:attachment":[{"href":"https:\/\/www.die-stadtzeitung.de\/index.php\/wp-json\/wp\/v2\/media?parent=88745"}],"wp:term":[{"taxonomy":"category","embeddable":true,"href":"https:\/\/www.die-stadtzeitung.de\/index.php\/wp-json\/wp\/v2\/categories?post=88745"},{"taxonomy":"post_tag","embeddable":true,"href":"https:\/\/www.die-stadtzeitung.de\/index.php\/wp-json\/wp\/v2\/tags?post=88745"}],"curies":[{"name":"wp","href":"https:\/\/api.w.org\/{rel}","templated":true}]}}