{"id":88735,"date":"2025-12-14T14:33:38","date_gmt":"2025-12-14T13:33:38","guid":{"rendered":"https:\/\/www.die-stadtzeitung.de\/?p=88735"},"modified":"2025-12-15T14:33:49","modified_gmt":"2025-12-15T13:33:49","slug":"imagine-sammel-ausstellung-in-der-galerie-hashemi","status":"publish","type":"post","link":"https:\/\/www.die-stadtzeitung.de\/index.php\/2025\/12\/14\/imagine-sammel-ausstellung-in-der-galerie-hashemi\/","title":{"rendered":"&#8222;Imagine&#8220;: Sammel-Ausstellung in der Galerie Hashemi"},"content":{"rendered":"<div id=\"attachment_88736\" class=\"wp-caption alignnone\" style=\"max-width: 650px;\"><img loading=\"lazy\" decoding=\"async\" class=\"wp-image-88736 size-full\" src=\"\/wp-content\/uploads\/2025\/12\/Hashemi.jpeg\" alt=\"\" width=\"640\" height=\"419\" \/><span class=\"wp-caption-text\">Die K\u00fcnstler und Galeristen Petra Frixe und Hassan Hashemi &#8211; \u00a9 Galerie Hashemi<\/span><\/div>\n<p>Die Ausstellung bietet einen umfassenden Einblick in die kreative Kraft der beteiligten K\u00fcnstler,\u00a0 von expressiver Malerei auf Leinwand \u00fcber die Pr\u00e4zision filigraner Zeichnungen und Fotomalerei, bis hin zur experimentellen Tiefe der Druckgrafik.\u00a0Die Vernissage findet am Freitag (19.12.) statt.<\/p>\n<p>Kunst-Liebhaber k\u00f6nnen bei der Ausstellung neue Perspektiven entdecken und sich\u00a0 auf die Vorstellungswelt der K\u00fcnstler einlassen: \u201eImagine\u201c ist eine Hommage an die Vielfalt k\u00fcnstlerischer Ausdrucksformen.<\/p>\n<p><strong>Ausstellende K\u00fcnstler:<\/strong><\/p>\n<p>Michael Alles &#8211; Petra Frixe &#8211; Hassan Hashemi &#8211; Irene Hangauer &#8211; Andrea Ifang &#8211; Frank Ifang &#8211; Frank N &#8211;\u00a0Grit Sensen &#8211; Wil Sensen<\/p>\n<p><strong>Termin:<\/strong><\/p>\n<h4>IMAGINE<\/h4>\n<p><strong>Kunstausstellung<\/strong><\/p>\n<p><strong>Vernissage:<\/strong> Freitag \u2013 19.12.2025 \u2013 18:00 Uhr<\/p>\n<p><strong>Mit:<\/strong> Michael Alles &#8211; Petra Frixe &#8211; Hassan Hashemi &#8211; Irene Hangauer &#8211; Andrea Ifang &#8211; Frank Ifang &#8211; Frank N &#8211;\u00a0Grit Sensen &#8211; Wil Sensen<\/p>\n<p><strong>Begr\u00fc\u00dfung:\u00a0<\/strong>Uwe Matthias &#8211; Centermanager<\/p>\n<p>Kunstgalerie Hashemi &#8211; Rathaus Galerie &#8211; 1. OG \u2013 Klotzbahn 5 \u2013 42105 Wuppertal<\/p>\n<p><strong>Ausstellungsdauer:<\/strong> 19.12.2025 bis 10.01.2026<\/p>\n<p>&nbsp;<\/p>\n<p>&nbsp;<\/p>\n","protected":false},"excerpt":{"rendered":"<p>F\u00fcr \u201eImagine\u201c, eine Sammel-Ausstellung mit anderen Kolleginnen und Kollegen, sind die K\u00fcnstler und Galeristen Petra Frixe und Hassan Hashemi vor\u00fcbergehend in eine gr\u00f6\u00dfere Ladenfl\u00e4che umgezogen. Die Schau vereint Werke aus den Sparten Malerei, Grafik und Fotografie.<\/p>\n","protected":false},"author":7,"featured_media":0,"comment_status":"open","ping_status":"open","sticky":false,"template":"","format":"standard","meta":{"footnotes":""},"categories":[29],"tags":[],"class_list":["post-88735","post","type-post","status-publish","format-standard","hentry","category-kultur"],"publishpress_future_action":{"enabled":false,"date":"2026-05-07 20:12:10","action":"change-status","newStatus":"draft","terms":[],"taxonomy":"category","extraData":[]},"publishpress_future_workflow_manual_trigger":{"enabledWorkflows":[]},"_links":{"self":[{"href":"https:\/\/www.die-stadtzeitung.de\/index.php\/wp-json\/wp\/v2\/posts\/88735","targetHints":{"allow":["GET"]}}],"collection":[{"href":"https:\/\/www.die-stadtzeitung.de\/index.php\/wp-json\/wp\/v2\/posts"}],"about":[{"href":"https:\/\/www.die-stadtzeitung.de\/index.php\/wp-json\/wp\/v2\/types\/post"}],"author":[{"embeddable":true,"href":"https:\/\/www.die-stadtzeitung.de\/index.php\/wp-json\/wp\/v2\/users\/7"}],"replies":[{"embeddable":true,"href":"https:\/\/www.die-stadtzeitung.de\/index.php\/wp-json\/wp\/v2\/comments?post=88735"}],"version-history":[{"count":1,"href":"https:\/\/www.die-stadtzeitung.de\/index.php\/wp-json\/wp\/v2\/posts\/88735\/revisions"}],"predecessor-version":[{"id":88737,"href":"https:\/\/www.die-stadtzeitung.de\/index.php\/wp-json\/wp\/v2\/posts\/88735\/revisions\/88737"}],"wp:attachment":[{"href":"https:\/\/www.die-stadtzeitung.de\/index.php\/wp-json\/wp\/v2\/media?parent=88735"}],"wp:term":[{"taxonomy":"category","embeddable":true,"href":"https:\/\/www.die-stadtzeitung.de\/index.php\/wp-json\/wp\/v2\/categories?post=88735"},{"taxonomy":"post_tag","embeddable":true,"href":"https:\/\/www.die-stadtzeitung.de\/index.php\/wp-json\/wp\/v2\/tags?post=88735"}],"curies":[{"name":"wp","href":"https:\/\/api.w.org\/{rel}","templated":true}]}}