{"id":88695,"date":"2025-12-15T13:55:50","date_gmt":"2025-12-15T12:55:50","guid":{"rendered":"https:\/\/www.die-stadtzeitung.de\/?p=88695"},"modified":"2025-12-15T14:03:55","modified_gmt":"2025-12-15T13:03:55","slug":"schauspielerin-lore-duwe-trauert-um-paul-decker","status":"publish","type":"post","link":"https:\/\/www.die-stadtzeitung.de\/index.php\/2025\/12\/15\/schauspielerin-lore-duwe-trauert-um-paul-decker\/","title":{"rendered":"Lore Duwe und viele Wuppertaler trauern um Paul Decker"},"content":{"rendered":"<div id=\"attachment_88727\" class=\"wp-caption alignnone\" style=\"max-width: 910px;\"><img loading=\"lazy\" decoding=\"async\" class=\"wp-image-88727 size-full\" src=\"\/wp-content\/uploads\/2025\/12\/PHOTO-2025-11-13-21-37-55-4.jpg\" alt=\"\" width=\"900\" height=\"578\" \/><span class=\"wp-caption-text\">Paul Decker bestens gelaunt beim Hoppeditz-Erwachen am 11.11.2025 auf dem Willy-Brandt-Platz &#8211; \u00a9 Lore Duwe<\/span><\/div>\n<p>Es gibt wohl keine Wuppertalerin und keinen Wuppertaler, der Paul Decker nicht kannte. Er war eine Frohnatur, immer gut gelaunt und hatte f\u00fcr jeden Menschen ein nettes Wort \u00fcbrig. Sein grauer Rauschebart war sein Markezeichen. Von seinem Naturell her war er so sanft und freundlich wie &#8222;Balou&#8220;, der B\u00e4r aus Walt Disneys &#8222;Dschungelbuch&#8220;.<\/p>\n<p>Viele Jahre war Paul Decker Kopf, Herz und S\u00e4nger der erfolgreichen Wuppertaler Mundart-Band &#8222;Striekspoen&#8220; (hochdeutsch: &#8222;Streichh\u00f6lzer&#8220;). Im letzten Jahr hatte sich die Gruppe mit einem Goodbye-Konzert von ihren Fans und der B\u00fchne verabschiedet. Doch Paul Decker und seine Musiker-Freunde wurden immer wieder r\u00fcckf\u00e4llig &#8211; im kleineren Kreis, zugegebenermassen.<\/p>\n<p>Und so war &#8211; wie Lore Duwe wei\u00df &#8211; Paul Decker auch am Tag vor seinem pl\u00f6tzlichen, unerwarteten Tod noch musikalisch unterwegs. Er trat auf, um Senioren eine Freude zu bereiten. &#8222;So war Paul eben, menschlich und immer darauf bedacht, Gutes zu tun und f\u00fcr Andere da zu sein. Ich werde Paul als Mensch sehr vermissen&#8220;, sagt Lore Duwe, die mit Paul Decker einen guten Freund verloren hat. Keine Frage: Mit Paul Decker verliert Wuppertal ein echtes Original und eine gro\u00dfe, liebenswerte Pers\u00f6nlichkeit. <strong>(pp)<\/strong><\/p>\n<div id=\"attachment_88724\" class=\"wp-caption alignnone\" style=\"max-width: 1034px;\"><img loading=\"lazy\" decoding=\"async\" class=\"wp-image-88724 size-full\" src=\"\/wp-content\/uploads\/2025\/12\/PHOTO-220-55-21.jpg\" alt=\"\" width=\"1024\" height=\"697\" \/><span class=\"wp-caption-text\">Lore Duwe mit dem ehemaligen Oberb\u00fcrgermeister Dr. Uwe Schneidewind (l) und MdB Helge Lindh beim Abschiedskonzert von Strieksp\u00f6en 2023 &#8211; \u00a9 privat<\/span><\/div>\n<h2>Lore Duwes ganz pers\u00f6nlicher Nachruf auf Paul Decker<\/h2>\n<p>&#8222;Vie sind all tosamen Jonges aus`sem Tal, eine Botschaft, die uns Wuppertalern\u00a0 das Zusammengeh\u00f6rigkeits-Gef\u00fchl vermittelt, ob vom\u00a0\u00a0 \u00d6lberg oder Loh, ob vom D\u00f6nberg oder Zoo.&#8220; Diese wundersch\u00f6nen Zeilen hat uns Paul Decker, S\u00e4nger und Herz der Wuppetaler Mundart-Band &#8222;Strieksp\u00f6en&#8220;, hinterassen.Er verstarb in der Nacht vom 13. auf den 14.Dezember. Noch am Samstag (13.12.) hatte er dass Publikum\u00a0 in der F\u00e4rberei in Stimmung gebracht.<\/p>\n<p>Nach der Aufl\u00f6sung der Band &#8222;Strieksp\u00f6en&#8220; trat Paul Decker weiterhin bei vielen Senioren-Veranstaltunggn auf. Dirk Hahne von der &#8222;Team-Band&#8220; hatte ihn \u00fcberredet, mit ihm als Duo weiter zu arbeiten und Menschen durch Musik Spa\u00df und Freude zu schenken<\/p>\n<p>&#8222;Gr\u00fc\u00df mir die Heimat, gr\u00fc\u00df mir mein Wuppertal mit seinen Bergen und mit seiner Schwebebahn&#8220;. Diese Zeilen aus seinem Song &#8222;Das Lehnchen vom Tippen-Tappen-T\u00f6nchen&#8220; werden ganz sicher in der bevorstehenden Karnavalszeit<\/p>\n<div>\n<div id=\"attachment_88728\" class=\"wp-caption alignnone\" style=\"max-width: 955px;\"><img loading=\"lazy\" decoding=\"async\" class=\"wp-image-88728 size-full\" src=\"\/wp-content\/uploads\/2025\/12\/PHOTO-2023-08-25-20-55-21.jpg\" alt=\"\" width=\"945\" height=\"533\" \/><span class=\"wp-caption-text\">Paul Decker auf der B\u00fchne beim Abschiedskonzert seiner Band &#8222;Strieksp\u00f6en&#8220; im Jahr 2023 &#8211; \u00a9 Lore Duwe<\/span><\/div>\n<\/div>\n<div>\n<p>Seine letzte Kompostion galt dem Jugend-Prinzenpaar der Session 2025\/26. Bei vielen meiner &#8222;Plattkaller-Abende&#8220; im Rex-Theater oder im &#8222;Kontakthof&#8220;\u00a0trat Paul Decker als gern gesehener Gast mit Wort und Gesang zur Freude des Publikums auf. Ich werde ihn sehr vermissen.<\/p>\n<p>Ich sage: Lieber Paul, danke f\u00fcr alles! Ich bin mir sicher: Wir sehen uns eines Tages wieder &#8211; bis die Tage, Paul.<\/p>\n<p><strong>Ihre Lore Duwe \/ Euer L\u00f6rken<\/strong><\/p>\n<p>&nbsp;<\/p>\n<p>&nbsp;<\/p>\n<\/div>\n","protected":false},"excerpt":{"rendered":"<p>Lore Duwe (90), Schauspielerin, S\u00e4ngerin, T\u00e4nzerin, Autorin und Koluministin DER STADTZEITUNG trauert um Paul Decker, ein liebenswertes Wuppertaler Original und ein toller Mensch &#8222;Ein Freund hat mich heute informiert, dass Paul Decker am Sonntagmorgen nicht mehr aufgewacht ist. Ich bin total schockiert&#8220;, erkl\u00e4rt die Wuppertaler K\u00fcnstlerin tieftraurig. Weiter unten lesen Sie ihren ganz pers\u00f6nlichen Nachruf auf Paul Decker. <\/p>\n","protected":false},"author":7,"featured_media":0,"comment_status":"open","ping_status":"open","sticky":false,"template":"","format":"standard","meta":{"footnotes":""},"categories":[24],"tags":[],"class_list":["post-88695","post","type-post","status-publish","format-standard","hentry","category-wuppertal"],"publishpress_future_action":{"enabled":false,"date":"2026-05-07 09:50:36","action":"change-status","newStatus":"draft","terms":[],"taxonomy":"category","extraData":[]},"publishpress_future_workflow_manual_trigger":{"enabledWorkflows":[]},"_links":{"self":[{"href":"https:\/\/www.die-stadtzeitung.de\/index.php\/wp-json\/wp\/v2\/posts\/88695","targetHints":{"allow":["GET"]}}],"collection":[{"href":"https:\/\/www.die-stadtzeitung.de\/index.php\/wp-json\/wp\/v2\/posts"}],"about":[{"href":"https:\/\/www.die-stadtzeitung.de\/index.php\/wp-json\/wp\/v2\/types\/post"}],"author":[{"embeddable":true,"href":"https:\/\/www.die-stadtzeitung.de\/index.php\/wp-json\/wp\/v2\/users\/7"}],"replies":[{"embeddable":true,"href":"https:\/\/www.die-stadtzeitung.de\/index.php\/wp-json\/wp\/v2\/comments?post=88695"}],"version-history":[{"count":12,"href":"https:\/\/www.die-stadtzeitung.de\/index.php\/wp-json\/wp\/v2\/posts\/88695\/revisions"}],"predecessor-version":[{"id":88734,"href":"https:\/\/www.die-stadtzeitung.de\/index.php\/wp-json\/wp\/v2\/posts\/88695\/revisions\/88734"}],"wp:attachment":[{"href":"https:\/\/www.die-stadtzeitung.de\/index.php\/wp-json\/wp\/v2\/media?parent=88695"}],"wp:term":[{"taxonomy":"category","embeddable":true,"href":"https:\/\/www.die-stadtzeitung.de\/index.php\/wp-json\/wp\/v2\/categories?post=88695"},{"taxonomy":"post_tag","embeddable":true,"href":"https:\/\/www.die-stadtzeitung.de\/index.php\/wp-json\/wp\/v2\/tags?post=88695"}],"curies":[{"name":"wp","href":"https:\/\/api.w.org\/{rel}","templated":true}]}}