{"id":88684,"date":"2025-12-14T10:56:46","date_gmt":"2025-12-14T09:56:46","guid":{"rendered":"https:\/\/www.die-stadtzeitung.de\/?p=88684"},"modified":"2025-12-14T10:56:46","modified_gmt":"2025-12-14T09:56:46","slug":"trommelwirbel-foerdergeld-fuer-3-wuppertaler-spielstaetten","status":"publish","type":"post","link":"https:\/\/www.die-stadtzeitung.de\/index.php\/2025\/12\/14\/trommelwirbel-foerdergeld-fuer-3-wuppertaler-spielstaetten\/","title":{"rendered":"Trommelwirbel: F\u00f6rdergeld f\u00fcr 3 Wuppertaler Spielst\u00e4tten"},"content":{"rendered":"<div id=\"attachment_88687\" class=\"wp-caption alignnone\" style=\"max-width: 2010px;\"><img loading=\"lazy\" decoding=\"async\" class=\"wp-image-88687 size-full\" src=\"\/wp-content\/uploads\/2025\/12\/Studio157-2512-712-R-5443.jpg\" alt=\"\" width=\"2000\" height=\"1333\" \/><span class=\"wp-caption-text\">Freuen sich \u00fcber die F\u00f6rder-Pr\u00e4mie von NRW-Kulturministerin Ina Brandes (r.): Torsten Krug, K\u00fcnstlerischer Leiter der INSEL (M.) und Vorstandsmitglied Zara Gayk &#8211; \u00a9 Thomas Ahrendt<\/span><\/div>\n<p>F\u00fcr \u00a0\u201eINSEL\u201c, \u201eORT\u201c und \u201eLOCH\u201c ist diese Auszeichnung eine weitere Anerkennung der erfolgreichen Kultur-Arbeit. Die Verleihung der Spielst\u00e4ttenprogrammpr\u00e4mien NRW im \u201eLoft\u201c in K\u00f6ln brachte G\u00e4ste aus Kultur, Politik und der freien Musikszene zusammen und machte einmal mehr deutlich, welch zentrale Rolle die freien Spielst\u00e4tten f\u00fcr die musikalische Vielfalt Nordrhein-Westfalens spielen.<\/p>\n<p>Die Pr\u00e4sidentin des Landesmusikrats NRW Christine Siegert w\u00fcrdigte die engagierte Arbeit der Spielst\u00e4tten der freien Szene, die trotz schwieriger Rahmenbedingungen kuratorische Konzepte entwickeln, Programme organisieren und musikalischen Nachwuchs ebenso f\u00f6rdern wie experimentelle Projekte. Sie erinnerte daran, wie unverzichtbar diese Orte f\u00fcr eine lebendige, diverse Musik- und Kulturlandschaft sind und wie sehr sie zum gesellschaftlichen Zusammenhalt beitragen.<\/p>\n<h4>Insgesamt 21 Kultur-Einrichtungen wurden ausgezeichnet<\/h4>\n<p>Christine Siegert und Moderator Abhilash Arackal hoben die kulturpolitische Bedeutung der Spielst\u00e4ttenprogrammpr\u00e4mie NRW hervor, die vom Ministerium f\u00fcr Kultur und Wissenschaft und dem Landesmusikrat NRW bereits zum 17. Mal vergeben wurde. Auch in Zeiten knapper Kassen zeige die Fortf\u00fchrung des F\u00f6rderinstruments ein klares Signal der Wertsch\u00e4tzung gegen\u00fcber denjenigen, die Tag f\u00fcr Tag mit Leidenschaft Musik m\u00f6glich machen.<\/p>\n<p>Kulturministerin Ina Brandes freute sich, insgesamt 21 Spielst\u00e4tten auszuzeichnen. Sie erhalten zusammen 130.000 Euro. Im Jahr 2026 sollen es 180.000 Euro sein, wie die Ministerin ank\u00fcndigte \u2013 eine Anerkennung f\u00fcr herausragende Programme in Jazz, improvisierter Musik, avanciertem Pop und deren Grenzbereichen.<\/p>\n<div id=\"attachment_88688\" class=\"wp-caption alignnone\" style=\"max-width: 2010px;\"><img loading=\"lazy\" decoding=\"async\" class=\"wp-image-88688 size-full\" src=\"\/wp-content\/uploads\/2025\/12\/Studio157-2512-712-R-.jpg\" alt=\"\" width=\"2000\" height=\"955\" \/><span class=\"wp-caption-text\">Gruppenfoto mit NRW-Kulturministerin Ina Brandes (2.v.l.): Vertreterinnen und Vertreter der ausgezeichneten Spielst\u00e4tten. &#8211; u.a. mit Torsten Krug, K\u00fcnstlerischer Leiter der INSEL (8.v.l.) &#8211; \u00a9 Thomas Ahrendt<\/span><\/div>\n<p>Ina Brandes betonte die gesellschaftliche und kulturelle Bedeutung der unabh\u00e4ngigen Musikorte und hob hervor, wie wichtig ihre kontinuierliche Arbeit f\u00fcr die kulturelle Infrastruktur des Landes sei. Anschlie\u00dfend \u00fcberreichte sie pers\u00f6nlich die Urkunden an die Vertreterinnen und Vertreter der ausgezeichneten H\u00e4user.<\/p>\n<p><strong>Und so werden die F\u00f6rdergelder in H\u00f6he von 130.000 \u20ac verteilt:<\/strong><\/p>\n<p>Eine Pr\u00e4mie in H\u00f6he von 12.000 Euro erh\u00e4lt das \u201eDomicil\u201c (Dortmund), jeweils 8.000 Euro gehen an die \u201eGoldkante\u201c (Bochum), das \u201eLoch\u201c (Wuppertal), die \u201eWerkstatt\u201c (Gelsenkirchen) und das \u201ezakk\u201c (D\u00fcsseldorf). Das \u201eArtheater\u201c (K\u00f6ln), der \u201eBilker Bunker\/Schleuse 2\u201c (D\u00fcsseldorf), die \u201eKlangbr\u00fccke\u201c (Aachen), das \u201eLoft\u201c (K\u00f6ln) und die \u201eParzelle im Depot\u201c (Dortmund) erhalten eine Pr\u00e4mie von je 6.000 Euro. Je 5.000 Euro bekommen die \u201eBlack Box im Cuba\u201c (M\u00fcnster), der \u201eBunker Ulmenwall\u201c (Bielefeld), das \u201eDumont\u201c (Aachen), die \u201eInsel\u201c (Wuppertal), der \u201eJazz Club Minden\u201c, der \u201eJazzkeller\u201c (Krefeld), die \u201eJazz-Schmiede\u201c (D\u00fcsseldorf), das \u201eKatakomben Theater\u201c (Essen), das \u201eKing Georg\u201c (K\u00f6ln), der \u201eORT\u201c (Wuppertal) und der \u201eSalon de Jazz\u201c (K\u00f6ln).<\/p>\n","protected":false},"excerpt":{"rendered":"<p>Einen Trommelwirbel f\u00fcr \u201eINSEL\u201c, \u201eLOCH\u201c und \u201eORT\u201c. Vertreterinnen und Vertreter der drei Wuppertaler Kultur-Einrichtungen konnten im \u201eLoft\u201c in K\u00f6ln von Kulturministerin Ina Brandes die \u201eSpielst\u00e4ttenprogrammpr\u00e4mie NRW 2025\u201c entgegenzunehmen.<\/p>\n","protected":false},"author":7,"featured_media":0,"comment_status":"open","ping_status":"open","sticky":false,"template":"","format":"standard","meta":{"footnotes":""},"categories":[29],"tags":[],"class_list":["post-88684","post","type-post","status-publish","format-standard","hentry","category-kultur"],"publishpress_future_action":{"enabled":false,"date":"2026-05-06 17:40:44","action":"change-status","newStatus":"draft","terms":[],"taxonomy":"category","extraData":[]},"publishpress_future_workflow_manual_trigger":{"enabledWorkflows":[]},"_links":{"self":[{"href":"https:\/\/www.die-stadtzeitung.de\/index.php\/wp-json\/wp\/v2\/posts\/88684","targetHints":{"allow":["GET"]}}],"collection":[{"href":"https:\/\/www.die-stadtzeitung.de\/index.php\/wp-json\/wp\/v2\/posts"}],"about":[{"href":"https:\/\/www.die-stadtzeitung.de\/index.php\/wp-json\/wp\/v2\/types\/post"}],"author":[{"embeddable":true,"href":"https:\/\/www.die-stadtzeitung.de\/index.php\/wp-json\/wp\/v2\/users\/7"}],"replies":[{"embeddable":true,"href":"https:\/\/www.die-stadtzeitung.de\/index.php\/wp-json\/wp\/v2\/comments?post=88684"}],"version-history":[{"count":7,"href":"https:\/\/www.die-stadtzeitung.de\/index.php\/wp-json\/wp\/v2\/posts\/88684\/revisions"}],"predecessor-version":[{"id":88694,"href":"https:\/\/www.die-stadtzeitung.de\/index.php\/wp-json\/wp\/v2\/posts\/88684\/revisions\/88694"}],"wp:attachment":[{"href":"https:\/\/www.die-stadtzeitung.de\/index.php\/wp-json\/wp\/v2\/media?parent=88684"}],"wp:term":[{"taxonomy":"category","embeddable":true,"href":"https:\/\/www.die-stadtzeitung.de\/index.php\/wp-json\/wp\/v2\/categories?post=88684"},{"taxonomy":"post_tag","embeddable":true,"href":"https:\/\/www.die-stadtzeitung.de\/index.php\/wp-json\/wp\/v2\/tags?post=88684"}],"curies":[{"name":"wp","href":"https:\/\/api.w.org\/{rel}","templated":true}]}}