{"id":88642,"date":"2025-12-03T13:18:54","date_gmt":"2025-12-03T12:18:54","guid":{"rendered":"https:\/\/www.die-stadtzeitung.de\/?p=88642"},"modified":"2025-12-12T12:34:24","modified_gmt":"2025-12-12T11:34:24","slug":"gwg-sedat-ugurman-neuer-aufsichtsratsvorsitzender","status":"publish","type":"post","link":"https:\/\/www.die-stadtzeitung.de\/index.php\/2025\/12\/03\/gwg-sedat-ugurman-neuer-aufsichtsratsvorsitzender\/","title":{"rendered":"gwg: Sedat Ugurman neuer Aufsichtsratsvorsitzender"},"content":{"rendered":"<div id=\"attachment_88644\" class=\"wp-caption alignnone\" style=\"max-width: 2046px;\"><img loading=\"lazy\" decoding=\"async\" class=\"wp-image-88644 size-full\" src=\"\/wp-content\/uploads\/2025\/12\/Oliver-Zier_Sedat-Ugurman-1.png\" alt=\"\" width=\"2036\" height=\"1421\" \/><span class=\"wp-caption-text\">gwg-Gesch\u00e4ftsf\u00fchrer Oliver Zier (l.) mit dem neuen Aufsichtsratsvorsitzenden Sedat Ugurman &#8211; \u00a9 gwg<\/span><\/div>\n<p>\u201eMit Sedat Ugurman \u00fcbernimmt eine Pers\u00f6nlichkeit den Vorsitz, die unsere Stadt, ihre Quartiere und die Herausforderungen der Stadtentwicklung sehr gut kennt\u201c, erkl\u00e4rt Gesch\u00e4ftsf\u00fchrer Oliver Zier. \u201eWir danken Paul Yves Orth-Ramette ausdr\u00fccklich f\u00fcr seine konstruktive und verantwortungsvolle Arbeit in den vergangenen Jahren. Gleichzeitig freuen wir uns auf die Zusammenarbeit mit unserem neuen Aufsichtsratsvorsitzenden und auf wertvolle Impulse f\u00fcr die weitere Entwicklung der gwg wuppertal.\u201c<\/p>\n<p>Sedat Ugurman ist direkt gew\u00e4hlter Stadtverordneter der SPD im Rat der Stadt Wuppertal und Mitglied im Ausschuss f\u00fcr Stadtentwicklung, Wirtschaft, Bauen und Standortmarketing. Damit bringt er umfassende Erfahrung aus zentralen Handlungsfeldern der kommunalen Wohnungs- und Stadtentwicklung in seine neue Aufgabe ein.<\/p>\n<h4>Barbara Becker ist Stellvertreterin<\/h4>\n<p>\u201eIch danke f\u00fcr das mir entgegengebrachte Vertrauen\u201c, sagt Sedat Ugurman. \u201eDie gwg wuppertal leistet einen wichtigen Beitrag f\u00fcr bezahlbaren Wohnraum, stabile Nachbarschaften und eine nachhaltige Quartiersentwicklung in unserer Stadt. Diese Verantwortung m\u00f6chte ich gemeinsam mit dem Aufsichtsrat und der Gesch\u00e4ftsf\u00fchrung engagiert und verl\u00e4sslich wahrnehmen.\u201c<\/p>\n<p>Zur Stellvertreterin wurde die CDU-Stadtverordnete Barbara Becker gew\u00e4hlt, die Schriftf\u00fchrung \u00fcbernimmt k\u00fcnftig Marcel Gabriel-Simon, der f\u00fcr die Fraktion B\u00fcndnis90\/Die Gr\u00fcnen dem Rat der Stadt angeh\u00f6rt.<\/p>\n<p>Das kommunale Wohnungsunternehmen bewirtschaftet rund 5.600 Wohnungen im gesamten Stadtgebiet und steht seit \u00fcber 85 Jahren f\u00fcr verantwortungsvolles Handeln und bezahlbares Wohnen. Ziel der gwg Wuppertal ist es, nachhaltige Quartiere f\u00fcr die Zukunft zu gestalten und damit ein lebenswertes Zuhause f\u00fcr viele Menschen in der Stadt zu schaffen.<\/p>\n<p><strong>Link zur Webseite der gwg Wuppertal:\u00a0<\/strong><\/p>\n<p><a href=\"http:\/\/www.gwg-wuppertal.de\">http:\/\/www.gwg-wuppertal.de<\/a><\/p>\n","protected":false},"excerpt":{"rendered":"<p>Der Aufsichtsrat der Gemeinn\u00fctzigen Wohnungsbaugesellschaft mbH Wuppertal (gwg wuppertal) hat Sedat Ugurman zum neuen Aufsichtsratsvorsitzenden gew\u00e4hlt. Er ist Nachfolger von Paul Yves Orth-Ramette, der den Aufsichtsrat \u00a0mit gro\u00dfem Engagement gef\u00fchrt hat.<\/p>\n","protected":false},"author":7,"featured_media":0,"comment_status":"open","ping_status":"open","sticky":false,"template":"","format":"standard","meta":{"footnotes":""},"categories":[22],"tags":[],"class_list":["post-88642","post","type-post","status-publish","format-standard","hentry","category-wirtschaft"],"publishpress_future_action":{"enabled":false,"date":"2026-05-04 11:37:18","action":"change-status","newStatus":"draft","terms":[],"taxonomy":"category","extraData":[]},"publishpress_future_workflow_manual_trigger":{"enabledWorkflows":[]},"_links":{"self":[{"href":"https:\/\/www.die-stadtzeitung.de\/index.php\/wp-json\/wp\/v2\/posts\/88642","targetHints":{"allow":["GET"]}}],"collection":[{"href":"https:\/\/www.die-stadtzeitung.de\/index.php\/wp-json\/wp\/v2\/posts"}],"about":[{"href":"https:\/\/www.die-stadtzeitung.de\/index.php\/wp-json\/wp\/v2\/types\/post"}],"author":[{"embeddable":true,"href":"https:\/\/www.die-stadtzeitung.de\/index.php\/wp-json\/wp\/v2\/users\/7"}],"replies":[{"embeddable":true,"href":"https:\/\/www.die-stadtzeitung.de\/index.php\/wp-json\/wp\/v2\/comments?post=88642"}],"version-history":[{"count":3,"href":"https:\/\/www.die-stadtzeitung.de\/index.php\/wp-json\/wp\/v2\/posts\/88642\/revisions"}],"predecessor-version":[{"id":88646,"href":"https:\/\/www.die-stadtzeitung.de\/index.php\/wp-json\/wp\/v2\/posts\/88642\/revisions\/88646"}],"wp:attachment":[{"href":"https:\/\/www.die-stadtzeitung.de\/index.php\/wp-json\/wp\/v2\/media?parent=88642"}],"wp:term":[{"taxonomy":"category","embeddable":true,"href":"https:\/\/www.die-stadtzeitung.de\/index.php\/wp-json\/wp\/v2\/categories?post=88642"},{"taxonomy":"post_tag","embeddable":true,"href":"https:\/\/www.die-stadtzeitung.de\/index.php\/wp-json\/wp\/v2\/tags?post=88642"}],"curies":[{"name":"wp","href":"https:\/\/api.w.org\/{rel}","templated":true}]}}