{"id":88610,"date":"2025-12-08T13:20:16","date_gmt":"2025-12-08T12:20:16","guid":{"rendered":"https:\/\/www.die-stadtzeitung.de\/?p=88610"},"modified":"2025-12-10T13:20:28","modified_gmt":"2025-12-10T12:20:28","slug":"bundeswehr-offizierin-ist-im-halbfinale-von-miss-germany","status":"publish","type":"post","link":"https:\/\/www.die-stadtzeitung.de\/index.php\/2025\/12\/08\/bundeswehr-offizierin-ist-im-halbfinale-von-miss-germany\/","title":{"rendered":"Bundeswehr-Offizierin ist im Halbfinale von &#8222;Miss Germany&#8220;"},"content":{"rendered":"<div id=\"attachment_88612\" class=\"wp-caption alignnone\" style=\"max-width: 2570px;\"><img loading=\"lazy\" decoding=\"async\" class=\"wp-image-88612 size-full\" src=\"\/wp-content\/uploads\/2025\/12\/Aileen-Tina-Hufschmidt-Credits-Julian-Ebinal-3-scaled.jpg\" alt=\"\" width=\"2560\" height=\"1964\" \/><span class=\"wp-caption-text\">Die Bundeswehr-Offizierin Aileen Tina Hufschmidt aus Wuppertal hat es bis ins Halbfinale von &#8222;Miss Germany 2025\/26&#8220; geschafft. Vielleicht geht ja noch mehr &#8211; \u00a9 Julian Ebinal<\/span><\/div>\n<p>\u201eMiss Germany Studios\u201c ist seit sechs Jahren kein reiner Sch\u00f6nheitswettbewerb mehr, sondern eine Auszeichnung f\u00fcr Frauen, die mit ihren Missionen Zukunft gestalten. In der Kategorie Female Founder, Female Leader und Female Mover zeichnet \u201eMiss Germany\u201c Gr\u00fcnderinnen, F\u00fchrungskr\u00e4fte und Frauen in m\u00e4nnerdominierten Berufen aus.<\/p>\n<p>\u201eWeisst du, was ich einfach so faszinierend daran finde, dass du bei der Bundeswehr gelandet bist? Wir waren irgendwann mal, als wir noch in der Schule waren, auf einer Jobmesse und da hast Du Dich f\u00fcr die Bundeswehr interessiert. Und ich meine, dass da nur M\u00e4nner waren \u2013 so \u201eWhite-CIS-Male\u201c, wie das halt so ist \u2013 und die haben dar\u00fcber gelacht, dass du zur Bundeswehr m\u00f6chtest. Und Du warst so frustriert, meine ich in Erinnerung zu haben und letzten Endes bist Du halt doch bei der Bundeswehr gelandet!\u2018 Genau das schrieb mir eine ehemalige Klassenkameradin vor einigen Wochen bei Instagram\u201c, erz\u00e4hlt Aileen Tina Hufschmidt .<\/p>\n<p>Soldatin in einer M\u00e4nnerdom\u00e4ne zu sein, sei nicht immer einfach. Erst recht nicht, wenn man daf\u00fcr seinen sicheren Beamtenstatus aufgegeben habe. Bei der Armee habe sie H\u00f6hen und Tiefen erlebt und doch bereue sie es nicht, diesen Weg gegangen zu sein\u00b4, ehrliche und offene Worte der taffen Bundeswehroffizierin.<\/p>\n<div id=\"attachment_88613\" class=\"wp-caption alignnone\" style=\"max-width: 2570px;\"><img loading=\"lazy\" decoding=\"async\" class=\"wp-image-88613 size-full\" src=\"\/wp-content\/uploads\/2025\/12\/Aileen-Tina-Hufschmidt-Credits-Julian-Ebinal-1-scaled.jpg\" alt=\"\" width=\"2560\" height=\"2079\" \/><span class=\"wp-caption-text\">Aileen Tina Hufschmidt hat sich eindrucksvoll in einer M\u00e4nnerdom\u00e4ne durchgesetzt &#8211; \u00a9 Julian Ebinal<\/span><\/div>\n<p>Aileen Tina Hufschmidt: \u201eIch habe mir meinen Traum verwirklicht und nach mittlerweile zw\u00f6lf Jahren Dienstzeit und zwei Eins\u00e4tzen im Irak und in Litauen kann ich sagen, dass mich all das zu der Frau gemacht hat, die ich heute bin. Ich habe meinen Weg \u2013 trotz all dem Gegenwind \u2013 auf Social Media geteilt, konnte junge M\u00e4dchen und Frauen dazu inspirieren, ihren eigenen Weg zu gehen. Und wenn ich nur eine junge Frau dazu bewegen kann, sich ihren Traum (in einer M\u00e4nnerdom\u00e4ne) zu erf\u00fcllen, dann h\u00fcpft mein kleines Herz ein klein wenig h\u00f6her vor Freude.\u201c<\/p>\n<p>F\u00fcr sich selbst erhofft sich Aileen Tina Hufschmid ein gutes Abschneiden beim Halbfinale von \u201eMiss Germany 2025\/26\u201c. Das Miss Germany Awards Finale findet vom 04. &#8211; 08. M\u00e4rz 2026 statt. Dann heisst es: Daumen dr\u00fccken f\u00fcr Aileen Tina Hufschmid!<\/p>\n<p><strong>Link zur Webseite &#8222;Miss Germany Studios&#8220;:\u00a0<\/strong><\/p>\n<p><a href=\"http:\/\/www.missgermany.com\/\">http:\/\/www.missgermany.com\/<\/a><\/p>\n","protected":false},"excerpt":{"rendered":"<p>Die Bundeswehr-Offizierin Aileen Tina Hufschmidt geh\u00f6rt zu den Top12 Halbfinalistinnen der Wahl \u201eMiss Germany 2025\/26\u201c. Die selbstbewu\u00dfte, erfolgreiche Wuppertalerin m\u00f6chte junge Frauen dazu inspirieren, Karrierewege in einer noch m\u00e4nnerdominierten Branche wie der Bundeswehr einzuschlagen.<\/p>\n","protected":false},"author":7,"featured_media":0,"comment_status":"open","ping_status":"open","sticky":false,"template":"","format":"standard","meta":{"footnotes":""},"categories":[25],"tags":[],"class_list":["post-88610","post","type-post","status-publish","format-standard","hentry","category-lifestyle"],"publishpress_future_action":{"enabled":false,"date":"2026-05-02 11:23:22","action":"change-status","newStatus":"draft","terms":[],"taxonomy":"category","extraData":[]},"publishpress_future_workflow_manual_trigger":{"enabledWorkflows":[]},"_links":{"self":[{"href":"https:\/\/www.die-stadtzeitung.de\/index.php\/wp-json\/wp\/v2\/posts\/88610","targetHints":{"allow":["GET"]}}],"collection":[{"href":"https:\/\/www.die-stadtzeitung.de\/index.php\/wp-json\/wp\/v2\/posts"}],"about":[{"href":"https:\/\/www.die-stadtzeitung.de\/index.php\/wp-json\/wp\/v2\/types\/post"}],"author":[{"embeddable":true,"href":"https:\/\/www.die-stadtzeitung.de\/index.php\/wp-json\/wp\/v2\/users\/7"}],"replies":[{"embeddable":true,"href":"https:\/\/www.die-stadtzeitung.de\/index.php\/wp-json\/wp\/v2\/comments?post=88610"}],"version-history":[{"count":6,"href":"https:\/\/www.die-stadtzeitung.de\/index.php\/wp-json\/wp\/v2\/posts\/88610\/revisions"}],"predecessor-version":[{"id":88619,"href":"https:\/\/www.die-stadtzeitung.de\/index.php\/wp-json\/wp\/v2\/posts\/88610\/revisions\/88619"}],"wp:attachment":[{"href":"https:\/\/www.die-stadtzeitung.de\/index.php\/wp-json\/wp\/v2\/media?parent=88610"}],"wp:term":[{"taxonomy":"category","embeddable":true,"href":"https:\/\/www.die-stadtzeitung.de\/index.php\/wp-json\/wp\/v2\/categories?post=88610"},{"taxonomy":"post_tag","embeddable":true,"href":"https:\/\/www.die-stadtzeitung.de\/index.php\/wp-json\/wp\/v2\/tags?post=88610"}],"curies":[{"name":"wp","href":"https:\/\/api.w.org\/{rel}","templated":true}]}}