{"id":88587,"date":"2025-12-07T07:39:41","date_gmt":"2025-12-07T06:39:41","guid":{"rendered":"https:\/\/www.die-stadtzeitung.de\/?p=88587"},"modified":"2025-12-09T07:39:53","modified_gmt":"2025-12-09T06:39:53","slug":"festliches-menue-fuer-90-sozial-schwache-gaeste","status":"publish","type":"post","link":"https:\/\/www.die-stadtzeitung.de\/index.php\/2025\/12\/07\/festliches-menue-fuer-90-sozial-schwache-gaeste\/","title":{"rendered":"Festliches Men\u00fc f\u00fcr 90 sozial schwache G\u00e4ste"},"content":{"rendered":"<div id=\"attachment_88588\" class=\"wp-caption alignnone\" style=\"max-width: 2570px;\"><img loading=\"lazy\" decoding=\"async\" class=\"wp-image-88588 size-full\" src=\"\/wp-content\/uploads\/2025\/12\/Unterstuetzung-fuer-Menschen-in-Wuppertal-scaled.jpg\" alt=\"\" width=\"2560\" height=\"1837\" \/><span class=\"wp-caption-text\">Begr\u00fc\u00dften rund 90 G\u00e4ste im Restaurant Westfalenkrug: (v.l.) Daniel Peic (Westfalenkrug), Dr. Thorsten B\u00f6th (DRK), Ute Hermes (DRK), Marko Peic (Westfalenkrug), Peter Vorsteher (Tafel) und Z\u00fclf\u00fc Polat (Tafel) &#8211; \u00a9 DRK Kreisverband Wuppertal<\/span><\/div>\n<p>G\u00e4ste unterschiedlichen Alters nahmen an den gedeckten Tischen Platz. Die urspr\u00fcngliche Idee f\u00fcr die gute Tat stammt vom Westfalenkrug, der nicht nur das kulinarische Konzept entwickelte, sondern auch durch gro\u00dfz\u00fcgige Unterst\u00fctzung eines nicht genannten Spenders den G\u00e4sten ein festliches Drei-G\u00e4nge-Men\u00fc servierte.<\/p>\n<p>\u201eGerade in der Vorweihnachtszeit m\u00f6chten wir Menschen, die es besonders schwer haben, Momente der Gemeinschaft und Wertsch\u00e4tzung erm\u00f6glichen\u201c, betonte Gesch\u00e4ftsf\u00fchrer Z\u00fclf\u00fc Polat von der Tafel Wuppertal. Auch DRK Kreisgesch\u00e4ftsf\u00fchrer Dr. Thorsten B\u00f6th hob hervor, wie wichtig niedrigschwellige Angebote f\u00fcr Betroffene sind, um soziale Teilhabe der Familien zu st\u00e4rken und Isolation im Alter zu vermeiden.<\/p>\n<p>Daniel Pleic, der zusammen mit seinem Bruder Marko den Westfalenkrug leitet, freute sich, mit seinem Spender einen Impuls gesetzt zu haben: \u201eF\u00fcr uns war es selbstverst\u00e4ndlich, ein qualitativ hochwertiges Essen bereitzustellen. Jede und jeder sollte die Chance haben, gerade in dieser Zeit des Jahres ein festliches Men\u00fc zu genie\u00dfen.\u201c<\/p>\n<p>Die Initiatoren und auch alle G\u00e4ste sind sich einig: Die Veranstaltung war ein voller Erfolg und soll \u2013 wenn sich wieder Unterst\u00fctzer finden \u2013 auch zuk\u00fcnftig fortgef\u00fchrt werden. Es werden sich doch hoffentlich wieder Menschen finden, die ein Herz f\u00fcr notleidende Mitb\u00fcrger haben.<\/p>\n<p><strong>Link zur Webseite des DRK-Kreisverbandes Wuppertal:<\/strong><\/p>\n<p><a href=\"http:\/\/www.drk-wuppertal.de\">http:\/\/www.drk-wuppertal.de<\/a><\/p>\n","protected":false},"excerpt":{"rendered":"<p>Ein vorweihnachtliches Geschenk, das f\u00fcr gro\u00dfe Dankbarkeit sorgte! 90 Menschen, die sich normalerweise kein Men\u00fc in einem Restaurant leisten k\u00f6nnen, waren in das Restaurant Westfalenkrug eingeladen worden. Eine tolle, warmherzige Aktion der Tafel Wuppertal, des DRK-Kreisverbandes Wuppertal e.V. und des Vereins VIFA-Erziehungshilfen.<\/p>\n","protected":false},"author":7,"featured_media":0,"comment_status":"open","ping_status":"open","sticky":false,"template":"","format":"standard","meta":{"footnotes":""},"categories":[24],"tags":[],"class_list":["post-88587","post","type-post","status-publish","format-standard","hentry","category-wuppertal"],"publishpress_future_action":{"enabled":false,"date":"2026-05-04 11:41:33","action":"change-status","newStatus":"draft","terms":[],"taxonomy":"category","extraData":[]},"publishpress_future_workflow_manual_trigger":{"enabledWorkflows":[]},"_links":{"self":[{"href":"https:\/\/www.die-stadtzeitung.de\/index.php\/wp-json\/wp\/v2\/posts\/88587","targetHints":{"allow":["GET"]}}],"collection":[{"href":"https:\/\/www.die-stadtzeitung.de\/index.php\/wp-json\/wp\/v2\/posts"}],"about":[{"href":"https:\/\/www.die-stadtzeitung.de\/index.php\/wp-json\/wp\/v2\/types\/post"}],"author":[{"embeddable":true,"href":"https:\/\/www.die-stadtzeitung.de\/index.php\/wp-json\/wp\/v2\/users\/7"}],"replies":[{"embeddable":true,"href":"https:\/\/www.die-stadtzeitung.de\/index.php\/wp-json\/wp\/v2\/comments?post=88587"}],"version-history":[{"count":3,"href":"https:\/\/www.die-stadtzeitung.de\/index.php\/wp-json\/wp\/v2\/posts\/88587\/revisions"}],"predecessor-version":[{"id":88592,"href":"https:\/\/www.die-stadtzeitung.de\/index.php\/wp-json\/wp\/v2\/posts\/88587\/revisions\/88592"}],"wp:attachment":[{"href":"https:\/\/www.die-stadtzeitung.de\/index.php\/wp-json\/wp\/v2\/media?parent=88587"}],"wp:term":[{"taxonomy":"category","embeddable":true,"href":"https:\/\/www.die-stadtzeitung.de\/index.php\/wp-json\/wp\/v2\/categories?post=88587"},{"taxonomy":"post_tag","embeddable":true,"href":"https:\/\/www.die-stadtzeitung.de\/index.php\/wp-json\/wp\/v2\/tags?post=88587"}],"curies":[{"name":"wp","href":"https:\/\/api.w.org\/{rel}","templated":true}]}}