{"id":88580,"date":"2025-12-03T17:56:41","date_gmt":"2025-12-03T16:56:41","guid":{"rendered":"https:\/\/www.die-stadtzeitung.de\/?p=88580"},"modified":"2025-12-10T13:52:52","modified_gmt":"2025-12-10T12:52:52","slug":"marc-bach-ist-neuer-leiter-des-wsv-loewenstalls","status":"publish","type":"post","link":"https:\/\/www.die-stadtzeitung.de\/index.php\/2025\/12\/03\/marc-bach-ist-neuer-leiter-des-wsv-loewenstalls\/","title":{"rendered":"Marc Bach ist neuer Leiter des WSV-&#8222;L\u00f6wenstalls&#8220;"},"content":{"rendered":"<div id=\"attachment_88582\" class=\"wp-caption alignnone\" style=\"max-width: 2570px;\"><img loading=\"lazy\" decoding=\"async\" class=\"wp-image-88582 size-full\" src=\"\/wp-content\/uploads\/2025\/12\/GOSxm3riy5O_-scaled.jpg\" alt=\"\" width=\"2560\" height=\"1825\" \/><span class=\"wp-caption-text\">WSV-Sportvorstand Thomas Richter (r.) mit Marc Bach (l.), neuer Leiter der WSV-Jugendabteilung &#8222;L\u00f6wenstall&#8220;, und Ismail Jaroui, neuer Trainer der U19 &#8211; \u00a9 Max Schleicher \/ WSV<\/span><\/div>\n<p>Nach dem Weggang von Tom Welz hatten Chris P\u00f6lking, Dominik Evangelou und Philip Walz den \u201eL\u00f6wenstall\u201c in Personalunion gef\u00fchrt. Der WSV bedankt sich ausdr\u00fccklich f\u00fcr ihren besonderen Einsatz in einer Phase mit deutlich erh\u00f6htem Aufwand. Alle drei bleiben weiterhin im Team und werden Marc Bach k\u00fcnftig in seiner neuen Rolle unterst\u00fctzen.<\/p>\n<p>Marc Bach betont, dass ihm der Schritt nicht leichtf\u00e4llt: \u201eIch verlasse die U19 schweren Herzens! Es ist eine blitzsaubere Truppe, mit der es unfassbar viel Freude gemacht hat zu arbeiten. Es war mir wichtig, dass die Mannschaft in beste H\u00e4nde kommt \u2013 und mit Ismail Jaroui ist uns das mehr als gelungen.\u201c<\/p>\n<p>Die Anfrage des WSV, die Nachfolge von Tom Welz anzutreten, sei f\u00fcr ihn schnell richtungsweisend gewesen: \u201eMir war klar, dass das mein neues Einsatzgebiet wird. Ich m\u00f6chte mit viel Engagement die gute Vorarbeit von Tom Welz und Stefan Vollmerhausen fortf\u00fchren und ausbauen, um die Nachwuchsarbeit beim WSV weiter zu st\u00e4rken.\u201c<\/p>\n<h4>Jaroui trainierte in der laufenden Saison den Regionalligisten SSVg Velbert<\/h4>\n<p>Mit der neuen Aufgabe von Marc Bach war auch die Frage der U19-Nachfolge zu kl\u00e4ren. Diese \u00fcbernimmt ab sofort<strong>\u00a0<\/strong>Ismail Jaroui, Inhaber der B-Lizenz. Jaroui trainierte in der laufenden Saison den Regionalligisten SSVg Velbert und f\u00fchrte die Velberter zuvor als Spitzenreiter der Oberliga in die Regionalliga West. Zuvor sammelte er wertvolle Erfahrungen im Nachwuchs von Rot-Wei\u00df Oberhausen.<\/p>\n<p>Ismail Jaroui freut sich besonders auf die Aufgabe: \u201eWuppertal ist meine Heimat. Hier geboren und aufgewachsen, ist es f\u00fcr mich etwas ganz Besonderes, k\u00fcnftig die sportliche Entwicklung junger Talente vor Ort zu f\u00f6rdern. Ich freue mich darauf, gemeinsam mit dem Trainer- und Betreuerteam sowie allen Verantwortlichen im Verein unseren Weg mit Leidenschaft, Einsatzbereitschaft und klarer Entwicklung fortzusetzen und die Zukunft unseres Traditionsvereins aktiv mitzugestalten.\u201c<\/p>\n<p>Sowohl Marc Bach als auch Ismail Jaroui haben ihre neuen Aufgaben bereits aufgenommen und arbeiten intensiv in ihren jeweiligen Verantwortungsbereichen.<\/p>\n<p>&nbsp;<\/p>\n","protected":false},"excerpt":{"rendered":"<p>Der Wuppertaler Sportverein seinen Nachwuchsleistungsbereich neu aufgestellt! Ab sofort \u00fcbernimmt Marc Bach die Leitung des \u201eL\u00f6wenstalls\u201c. Der DFB-Elite-Jugend-Lizenzinhaber war seit Sommer Cheftrainer unserer U19 und kennt den Verein bereits aus seiner Zeit als aktiver Spieler.<\/p>\n","protected":false},"author":7,"featured_media":0,"comment_status":"open","ping_status":"open","sticky":false,"template":"","format":"standard","meta":{"footnotes":""},"categories":[20],"tags":[],"class_list":["post-88580","post","type-post","status-publish","format-standard","hentry","category-sport"],"publishpress_future_action":{"enabled":false,"date":"2026-05-04 11:30:24","action":"change-status","newStatus":"draft","terms":[],"taxonomy":"category","extraData":[]},"publishpress_future_workflow_manual_trigger":{"enabledWorkflows":[]},"_links":{"self":[{"href":"https:\/\/www.die-stadtzeitung.de\/index.php\/wp-json\/wp\/v2\/posts\/88580","targetHints":{"allow":["GET"]}}],"collection":[{"href":"https:\/\/www.die-stadtzeitung.de\/index.php\/wp-json\/wp\/v2\/posts"}],"about":[{"href":"https:\/\/www.die-stadtzeitung.de\/index.php\/wp-json\/wp\/v2\/types\/post"}],"author":[{"embeddable":true,"href":"https:\/\/www.die-stadtzeitung.de\/index.php\/wp-json\/wp\/v2\/users\/7"}],"replies":[{"embeddable":true,"href":"https:\/\/www.die-stadtzeitung.de\/index.php\/wp-json\/wp\/v2\/comments?post=88580"}],"version-history":[{"count":2,"href":"https:\/\/www.die-stadtzeitung.de\/index.php\/wp-json\/wp\/v2\/posts\/88580\/revisions"}],"predecessor-version":[{"id":88583,"href":"https:\/\/www.die-stadtzeitung.de\/index.php\/wp-json\/wp\/v2\/posts\/88580\/revisions\/88583"}],"wp:attachment":[{"href":"https:\/\/www.die-stadtzeitung.de\/index.php\/wp-json\/wp\/v2\/media?parent=88580"}],"wp:term":[{"taxonomy":"category","embeddable":true,"href":"https:\/\/www.die-stadtzeitung.de\/index.php\/wp-json\/wp\/v2\/categories?post=88580"},{"taxonomy":"post_tag","embeddable":true,"href":"https:\/\/www.die-stadtzeitung.de\/index.php\/wp-json\/wp\/v2\/tags?post=88580"}],"curies":[{"name":"wp","href":"https:\/\/api.w.org\/{rel}","templated":true}]}}