{"id":88308,"date":"2025-12-07T20:57:54","date_gmt":"2025-12-07T19:57:54","guid":{"rendered":"https:\/\/www.die-stadtzeitung.de\/?p=88308"},"modified":"2025-12-10T13:22:35","modified_gmt":"2025-12-10T12:22:35","slug":"andreas-reichel-so-gelingt-die-energiewende","status":"publish","type":"post","link":"https:\/\/www.die-stadtzeitung.de\/index.php\/2025\/12\/07\/andreas-reichel-so-gelingt-die-energiewende\/","title":{"rendered":"Dr. Andreas Reichel: So gelingt die Energiewende!"},"content":{"rendered":"<div id=\"attachment_88311\" class=\"wp-caption alignnone\" style=\"max-width: 2372px;\"><img loading=\"lazy\" decoding=\"async\" class=\"wp-image-88311 size-full\" src=\"\/wp-content\/uploads\/2025\/11\/DSC_3100.jpg\" alt=\"\" width=\"2362\" height=\"1575\" \/><span class=\"wp-caption-text\">Interessanter kann ein Talk kaum sein: Impulsgast Andreas Reichel (l.) mit Moderator J\u00fcrgen Zurheide &#8211; \u00a9 Fotostudio Essen &#8211; Dr. Claudia Posern<\/span><\/div>\n<p>\u201eWas haben Sie gedacht, als Sie zum ersten Mal das Habecksche Heizungsgesetz gesehen\u00a0 haben?\u201c, kam Moderator J\u00fcrgen Zurheide bei der renommierten Netzwerkveranstaltung STADTGESPR\u00c4CHE.ruhr im Energie geladenen Gespr\u00e4ch mit STEAG-Vorstand und CEO der Energiegesellschaft STEAG-Iqony Dr. Andreas Reichel direkt auf den Punkt: \u201eIch war schon ziemlich erschrocken. Das war f\u00fcr mich ein Kipppunkt der Energiewende. Mit diesem Gesetz ist der R\u00fcckhalt f\u00fcr die Energiewende bei einer Mehrheit der deutschen Bev\u00f6lkerung zusammengebrochen\u201c, erstaunlich offene und klare Worte f\u00fcr einen Mann, der fr\u00fcher selbst in der Politik u.a. als FDP-Kreisvorsitzender der Stadt K\u00f6ln, als Generalsekret\u00e4r der Freien Demokraten NRW und als stellvertretender FDP-Landesvorsitzender aktiv war .<\/p>\n<p>\u201eDa sind ganze Generationen von Rentnern, die bis dato mit ihren Enkeln gemeinsam \u201aFridays for Future\u201c unterst\u00fctzt haben, pl\u00f6tzlich erschrocken worden, von der Vorstellung, dass sie zigtausend Euro in die Hand nehmen m\u00fcssten, um ihre \u00d6l- oder Gas-Heizung gegen eine W\u00e4rmepumpe auszutauschen. Davon hat sich die Energiewende, was die Akzeptanz angeht, auch nicht mehr so richtig erholt. Dazu gibt es ganz dramatische Zahlen\u201c, schilderte der Energie-Manager seine Wahrnehmung.<\/p>\n<div id=\"attachment_88312\" class=\"wp-caption alignnone\" style=\"max-width: 2372px;\"><img loading=\"lazy\" decoding=\"async\" class=\"wp-image-88312 size-full\" src=\"\/wp-content\/uploads\/2025\/11\/DSC_2931.jpg\" alt=\"\" width=\"2362\" height=\"1181\" \/><span class=\"wp-caption-text\">Die G\u00e4ste des hochkar\u00e4tigen Events f\u00fcr Salon-Kultur,STADTGESPR\u00c4CHE.ruhr h\u00f6rten gespannt dem Talk von Moderator J\u00fcrgen Zurheide mit dem mehr als interessanten Impulsgast Dr. Andreas Reichel zu &#8211; \u00a9 Fotostudio Essen \/ Dr. Claudia Posern<\/span><\/div>\n<p>Andreas Reichel machte keinen Hehl daraus, dass er diese Entwicklung f\u00fcr den Standort Deutschland als sehr tragisch empfindet. Sein Pl\u00e4doyer: \u201eRichtig umgesetzt, brauchen wir diese Energiewende. Wir sind ein Ingenieursland. Deutschland sollte die n\u00f6tigen Technologien entwickeln, die die Energiewende nach vorne treiben. Es ist die Riesen-Chance f\u00fcr uns, dass die Energiewirtschaft irgendwann die Autoindustrie als zentrale Branche abl\u00f6st. Im Moment sind wir allerdings in einer Phase, in der sich alles neu sortiert.\u201c<\/p>\n<p>Der Ex-Politiker und jetzige Wirtschaftsmanager, der auch heute noch sehr gut in der Berliner Polit-Blase vernetzt ist, gibt zu, dass seine Branche lange gebraucht habe, um die Energiewende anzunehmen. Heute k\u00f6nne man sich aber die deutsche Energie-Wirtschaft mit Unternehmen wie Eon, RWE, Uniper und die inzwischen von einem spanischen Investor gest\u00fctzte STEAG ohne die Rolle des Treibers der Energiewende nicht mehr vorstellen.<\/p>\n<div id=\"attachment_88313\" class=\"wp-caption alignnone\" style=\"max-width: 2372px;\"><img loading=\"lazy\" decoding=\"async\" class=\"wp-image-88313 size-full\" src=\"\/wp-content\/uploads\/2025\/11\/DSC_2828.jpg\" alt=\"\" width=\"2362\" height=\"1435\" \/><span class=\"wp-caption-text\">Genossen den sehr erfolgreichen Abend f\u00fcr Salon-Kultur sehr: Eva und Dr. Richard Kiessler (l.), Initiatoren der renommierten Netzwerk-Veranstaltung STADTGESPR\u00c4CHE.ruhr, mit Julia Klewin, 2. B\u00fcrgermeisterin de Stadt Essen und Impulsgast Dr. Andreas Reichel (r.) &#8211; \u00a9 Fotostudio Essen \/ Dr. Claudia Posern<\/span><\/div>\n<p>Dr. Andreas Reichel: \u201eWir k\u00f6nnen doch nicht die fossilen Kraftwerke, die zum Teil 50 Jahre alt sind, auf ewig am Leben halten. Die Energiewende ist ein gesellschaftlicher Auftrag, aber am Ende auch ein billiges Modell. Sie ist ja keine Idee von ein paar gr\u00fcnen Spinnern, sondern ein globaler Trend und wir haben die Chance als Ingenieurs-Nation vorne zu sein. Aber wir haben es zumindest phasenweise falsch gemacht haben, indem wir die Energiewende als einen deutschen Overkill betrieben, mit einem moralischen Impetus: Wir sind die moralisch Besten der Welt, wir machen das ganz schnell, koste es, was es wolle. Und das ist dann das Gegenteil von gut!\u201c<\/p>\n<p>F\u00fcr den STEAG-Vorstand sind die Kernpunkte der Energiewende, jetzt sicherzustellen, dass es weiter geht mit dem Klimaschutz, das aber auch bezahlbar und versorgungssicher zu machen, beispielsweise durch neue Gaskraftwerke, die Wasserstoff ready sind.<\/p>\n<p>Andreas Reichel sprach offen die Probleme an: \u201eWir haben durch die Erneuerbaren Energien in der Produktion eigentlich fallende Strompreise. Doch das System hat sich ver\u00e4ndert. Fr\u00fcher gab es rund 30 Kraftwerke, die Deutschland sicher mit Strom versorgt haben. Heute sind zigtausend dezentrale Quellen, die wir ans Netz anschlie\u00dfen m\u00fcssen. Das bedeutet letztlich: Der Kostentreiber ist das Netz.\u201c<\/p>\n<div id=\"attachment_88315\" class=\"wp-caption alignnone\" style=\"max-width: 2372px;\"><img loading=\"lazy\" decoding=\"async\" class=\"wp-image-88315 size-full\" src=\"\/wp-content\/uploads\/2025\/11\/DSC_2891.jpg\" alt=\"\" width=\"2362\" height=\"1575\" \/><span class=\"wp-caption-text\">Begeisterte die 220 Zuh\u00f6rerinnen und Zuh\u00f6rer mit seinem abwechslungsreichen, hochkar\u00e4tigen Musik-Mix: Der Essener S\u00e4nger &amp; Pianist Bastian Korn &#8211; \u00a9 Fotostudio Essen \/ Dr. Claudia Posern<\/span><\/div>\n<p>Fest stehe, dass Batterien, was nicht nur die E-Autos angehe, sondern auch f\u00fcr die \u00a0Industrie gelte, in Zukunft eine gro\u00dfe Rolle spielen. Momentan k\u00f6nnen Batterien den Strom aber nur zeitlich begrenzt speichern. Moderne Gaskraftwerke h\u00e4tten zwar schon heute die F\u00e4higkeiten, zu 50 Prozent mit Wasserstoff betrieben zu werden. Doch diese g\u00e4be es noch nicht. Zumindest nicht zum wirtschaftliche Preisen.<\/p>\n<p>DR. Andreas Reichel rei\u00dft mit seiner Analyse so manchen Klimaaktivisten aus all seinen Tr\u00e4umen: Allein mit Erneuerbaren Energien wird der Industriestandort Deutschland in seiner heuten Form nicht zu erhalten sein. Denn Wind und Sonne spielen nicht rund um die Uhr und zu jeder Jahreszeit mit.<\/p>\n<p>Die 220 G\u00e4ste im Essener Headquarter von Funke Media h\u00f6rten gebannt und interessiert zu, eine Stecknadel h\u00e4tte man ganz sicher fallen h\u00f6ren. Achim ReichZuvor war es nicht so ruhig im Saal: Das lag am Pianisten und S\u00e4nger Bastian Korn, der alle Anwesenden mit seiner musikalischen Performance begeisterte und Beifallst\u00fcrmen hinriss. Zum Schluss interpretierte er eindrucksvoll John Lennons Friedenshymne \u201eImagine\u201c, einen Klassiker, der leider nicht alle Menschen auf der Welt erreicht.<\/p>\n<div id=\"attachment_88316\" class=\"wp-caption alignnone\" style=\"max-width: 2372px;\"><img loading=\"lazy\" decoding=\"async\" class=\"wp-image-88316 size-full\" src=\"\/wp-content\/uploads\/2025\/11\/DSC_3165.jpg\" alt=\"\" width=\"2362\" height=\"1575\" \/><span class=\"wp-caption-text\">Verw\u00f6hnte die G\u00e4ste mit tollen Speisen: Sterne-Koch J\u00fcrgen Kettner vom beliebten Restaurant &#8222;Kettner&#8217;s Kamota&#8220; &#8211; \u00a9 Fotostudio Essen \/ Dr. Claudia Posern<\/span><\/div>\n<p>Einen au\u00dfergew\u00f6hnlichen Abend rundeten viele Gespr\u00e4chen und das exzellente Buffet des Sternekochs J\u00fcrgen Kettner, Chef des exzellenten Restaurants \u201eKettners Kamota\u201c in Essen ab. F\u00fcr die STADTGESPR\u00c4CHE.ruhr ein w\u00fcrdiger Abschluss des Event-Jahres 2025. Im Februar 2026 geht es weiter&#8230;<\/p>\n<p><strong>Text: Peter Pionke<\/strong><\/p>\n<p>&nbsp;<\/p>\n","protected":false},"excerpt":{"rendered":"<p>Robert Habeck (B\u00fcndnis 90\/Die Gr\u00fcnen) hat sich nach der verlorenen Bundestagswahl im Februar mehr oder weniger freiwillig aus der Politik verabschiedet. Sein politisches Erbe sorgt aber heute noch f\u00fcr Kopfsch\u00fctteln und hei\u00dfe Diskussionen. Die Rede ist vom sogenannten Geb\u00e4udeenergiegesetz (GEG).\u00a0<\/p>\n","protected":false},"author":7,"featured_media":0,"comment_status":"open","ping_status":"open","sticky":false,"template":"","format":"standard","meta":{"footnotes":""},"categories":[26],"tags":[],"class_list":["post-88308","post","type-post","status-publish","format-standard","hentry","category-politik"],"publishpress_future_action":{"enabled":false,"date":"2026-05-04 11:22:08","action":"change-status","newStatus":"draft","terms":[],"taxonomy":"category","extraData":[]},"publishpress_future_workflow_manual_trigger":{"enabledWorkflows":[]},"_links":{"self":[{"href":"https:\/\/www.die-stadtzeitung.de\/index.php\/wp-json\/wp\/v2\/posts\/88308","targetHints":{"allow":["GET"]}}],"collection":[{"href":"https:\/\/www.die-stadtzeitung.de\/index.php\/wp-json\/wp\/v2\/posts"}],"about":[{"href":"https:\/\/www.die-stadtzeitung.de\/index.php\/wp-json\/wp\/v2\/types\/post"}],"author":[{"embeddable":true,"href":"https:\/\/www.die-stadtzeitung.de\/index.php\/wp-json\/wp\/v2\/users\/7"}],"replies":[{"embeddable":true,"href":"https:\/\/www.die-stadtzeitung.de\/index.php\/wp-json\/wp\/v2\/comments?post=88308"}],"version-history":[{"count":10,"href":"https:\/\/www.die-stadtzeitung.de\/index.php\/wp-json\/wp\/v2\/posts\/88308\/revisions"}],"predecessor-version":[{"id":88338,"href":"https:\/\/www.die-stadtzeitung.de\/index.php\/wp-json\/wp\/v2\/posts\/88308\/revisions\/88338"}],"wp:attachment":[{"href":"https:\/\/www.die-stadtzeitung.de\/index.php\/wp-json\/wp\/v2\/media?parent=88308"}],"wp:term":[{"taxonomy":"category","embeddable":true,"href":"https:\/\/www.die-stadtzeitung.de\/index.php\/wp-json\/wp\/v2\/categories?post=88308"},{"taxonomy":"post_tag","embeddable":true,"href":"https:\/\/www.die-stadtzeitung.de\/index.php\/wp-json\/wp\/v2\/tags?post=88308"}],"curies":[{"name":"wp","href":"https:\/\/api.w.org\/{rel}","templated":true}]}}