{"id":88007,"date":"2025-11-11T17:01:59","date_gmt":"2025-11-11T16:01:59","guid":{"rendered":"https:\/\/www.die-stadtzeitung.de\/?p=88007"},"modified":"2025-11-11T17:03:57","modified_gmt":"2025-11-11T16:03:57","slug":"live-talk-special-mit-oberbuergemeisterin-miriam-scherff","status":"publish","type":"post","link":"https:\/\/www.die-stadtzeitung.de\/index.php\/2025\/11\/11\/live-talk-special-mit-oberbuergemeisterin-miriam-scherff\/","title":{"rendered":"&#8222;Live-Talk-Special&#8220; mit Oberb\u00fcrgemeisterin Miriam Scherff"},"content":{"rendered":"<div id=\"attachment_88008\" class=\"wp-caption alignnone\" style=\"max-width: 1271px;\"><img loading=\"lazy\" decoding=\"async\" class=\"wp-image-88008 size-full\" src=\"\/wp-content\/uploads\/2025\/11\/Classen-05-11-2025-183.jpg\" alt=\"\" width=\"1261\" height=\"895\" \/><span class=\"wp-caption-text\">Volksnah und sportbegeistert: Die Wuppertaler Oberb\u00fcrgermeisterin Miriam Scherff dr\u00fcckte dem Handball-Bundesligisten BHC beim Pokal-Krimi gegen Hannover-Burgdorf in der Unihalle als Fan die Daumen &#8211; \u00a9 Archivfoto Jochen Classen<\/span><\/div>\n<p>Was sie sich alles f\u00fcr ihre Amtszeit vorgenommen hat, wie sie verkrustete Strukturen aufl\u00f6sen neue Wege gehen will \u2013 das wird sie Moderator Michael Schmidt-Russnak am Dienstag (18.11.) um 19 Uhr beim \u201eLive-Talk-Special\u201c im Studio Concordia fragen. Michael Schmidt-Russnak verspricht: \u201eEs wird ein Abend mit echten Fragen werden \u2013 nah, authentisch und spontan. Kein B\u00fchne f\u00fcr Floskeln.\u201c<\/p>\n<p>Miriam Scherff (36) ist seit 2007 in der SPD Wuppertal aktiv. Sie war Bezirksb\u00fcrgermeisterin in Cronenberg und ist seit 2024 Vorsitzende der SPD Wuppertal. Die Stichwahl gegen den CDU-Kandidaten und Wuppertaler Kulturdezernenten Matthias Nocke\u00a0 gewann sie am 28. September haushoch mit 76,6:25,4 Prozent. Am 01. November trat Miriam Scherff die Nachfolge von Prof. Dr. Uwe Schneidewind (Die Gr\u00fcnen) an, der bei der Kommunalwahl am 14. September nicht mehr angetreten war.<\/p>\n<p>Miriam Scherff absolvierte eine Ausbildung als Kauffrau f\u00fcr Versicherungen und Finanzen sowie zur Versicherungsbetriebswirtin. Au\u00dferdem legte sie an der Technischen Hochschule K\u00f6ln den Bachelor of Insurance Management (Versicherungs-Managment) ab. Die Politikerin wohnt in Wuppertal-K\u00fcllenhahn und ist Mutter einer Tochter.<\/p>\n<div id=\"attachment_88009\" class=\"wp-caption alignnone\" style=\"max-width: 1441px;\"><img loading=\"lazy\" decoding=\"async\" class=\"wp-image-88009 size-full\" src=\"\/wp-content\/uploads\/2025\/11\/PHOTO-2025-11-11-14-27-55-Kopie.jpg\" alt=\"\" width=\"1431\" height=\"744\" \/><span class=\"wp-caption-text\">Michael Schmidt-Russnak wird den Polit-Talk mit der frischgebackenen Wuppertaler Oberb\u00fcrgermeisterin Miriam Scherff f\u00fchren &#8211; \u00a9 privat<\/span><\/div>\n<p><strong>Termin:<\/strong><\/p>\n<p><strong>Studio Concordia &#8211; Live-Talk-Special mit<\/strong><\/p>\n<h4>Oberb\u00fcrgermeisterin Miriam Scherff<\/h4>\n<p><strong>Moderation: Michael Schmidt-Russnak<\/strong><\/p>\n<p>Musikalische Begleitung: 2 Solisten der Hochschule f\u00fcr Musik &amp; Tanz<\/p>\n<p>Dienstag \u2013 18.11.2025 \u2013 19:00 Uhr<\/p>\n<p>Gesellschaft Concordia \u2013 Werth 48 \u2013 42275 Wuppertal<\/p>\n<p><strong>Tickets<\/strong> unter\u00a0<a href=\"http:\/\/www.wuppertal-live.de\">http:\/\/www.wuppertal-live.de<\/a><\/p>\n","protected":false},"excerpt":{"rendered":"<p>Im Wuppertaler Rathaus soll ein neuer Wind wehen. Das zumindest hat die neue Oberb\u00fcrgermeisterin Miriam Scherff versprochen. Die SPD-Politikerin hatte sich bei der Stichwahl unerwartet klar gegen Matthias Nocke (CDU) durchgesetzt, immerhin als langj\u00e4hriger Beigeordneter ein Verwaltungs-Urgestein.<\/p>\n","protected":false},"author":7,"featured_media":0,"comment_status":"open","ping_status":"open","sticky":false,"template":"","format":"standard","meta":{"footnotes":""},"categories":[26],"tags":[],"class_list":["post-88007","post","type-post","status-publish","format-standard","hentry","category-politik"],"publishpress_future_action":{"enabled":false,"date":"2026-05-08 15:16:26","action":"change-status","newStatus":"draft","terms":[],"taxonomy":"category","extraData":[]},"publishpress_future_workflow_manual_trigger":{"enabledWorkflows":[]},"_links":{"self":[{"href":"https:\/\/www.die-stadtzeitung.de\/index.php\/wp-json\/wp\/v2\/posts\/88007","targetHints":{"allow":["GET"]}}],"collection":[{"href":"https:\/\/www.die-stadtzeitung.de\/index.php\/wp-json\/wp\/v2\/posts"}],"about":[{"href":"https:\/\/www.die-stadtzeitung.de\/index.php\/wp-json\/wp\/v2\/types\/post"}],"author":[{"embeddable":true,"href":"https:\/\/www.die-stadtzeitung.de\/index.php\/wp-json\/wp\/v2\/users\/7"}],"replies":[{"embeddable":true,"href":"https:\/\/www.die-stadtzeitung.de\/index.php\/wp-json\/wp\/v2\/comments?post=88007"}],"version-history":[{"count":5,"href":"https:\/\/www.die-stadtzeitung.de\/index.php\/wp-json\/wp\/v2\/posts\/88007\/revisions"}],"predecessor-version":[{"id":88015,"href":"https:\/\/www.die-stadtzeitung.de\/index.php\/wp-json\/wp\/v2\/posts\/88007\/revisions\/88015"}],"wp:attachment":[{"href":"https:\/\/www.die-stadtzeitung.de\/index.php\/wp-json\/wp\/v2\/media?parent=88007"}],"wp:term":[{"taxonomy":"category","embeddable":true,"href":"https:\/\/www.die-stadtzeitung.de\/index.php\/wp-json\/wp\/v2\/categories?post=88007"},{"taxonomy":"post_tag","embeddable":true,"href":"https:\/\/www.die-stadtzeitung.de\/index.php\/wp-json\/wp\/v2\/tags?post=88007"}],"curies":[{"name":"wp","href":"https:\/\/api.w.org\/{rel}","templated":true}]}}