{"id":87996,"date":"2025-11-11T13:58:55","date_gmt":"2025-11-11T12:58:55","guid":{"rendered":"https:\/\/www.die-stadtzeitung.de\/?p=87996"},"modified":"2025-11-17T11:46:26","modified_gmt":"2025-11-17T10:46:26","slug":"mit-hexereien-ein-ganzes-hexenjahr-nur-gutes-tun","status":"publish","type":"post","link":"https:\/\/www.die-stadtzeitung.de\/index.php\/2025\/11\/11\/mit-hexereien-ein-ganzes-hexenjahr-nur-gutes-tun\/","title":{"rendered":"Mit Hexereien ein ganzes\u00a0Hexenjahr nur Gutes tun"},"content":{"rendered":"<div id=\"attachment_88000\" class=\"wp-caption alignnone\" style=\"max-width: 2570px;\"><img loading=\"lazy\" decoding=\"async\" class=\"wp-image-88000 size-full\" src=\"\/wp-content\/uploads\/2025\/11\/07_KleineHexe_c_danaschmidt-scaled.jpg\" alt=\"\" width=\"2560\" height=\"1737\" \/><span class=\"wp-caption-text\">Schauen traurig in die Welt hinaus: Die ertappte kleine Hexe (Paula Sch\u00e4fer) mit ihrem Raben Abraxas (Alexander Peiler) &#8211; \u00a9 Dana Schmidt \/ Schauspiel Wuppertal<\/span><\/div>\n<p>Das Familienst\u00fcck hatte jetzt im Wuppertaler Opernhaus mit einer sehr gelungene Premiere einen erfolgreichen Start. Die Geschichte basiert auf Otfried Preu\u00dfler ber\u00fchmten Kinderbuch, das von dem erfolgreichen Schriftsteller John von D\u00fcffel f\u00fcr die Theaterb\u00fchne adaptiert und aktuell in Wuppertal unter der Regie von Johanna Landsberg in einer poetischen, humorvollen und warmherzigen Inszenierung f\u00fcr alle Menschen ab sechs Jahren aufgef\u00fchrt wird.<\/p>\n<p>Es ist eine phantasievolle Gestaltung und eine Produktion von phantastisch einstudierten Ch\u00f6ren, mit liebevollen Tierkost\u00fcmen sowie grotesk-grellen Outfits f\u00fcr die Hexenschar, die von Dietlind Konold entworfen wurden. Die atmosph\u00e4rische Musik stammt von Leonard Bourrecoud.<\/p>\n<p>Hervorzuheben ist das engagiert spielende Ensemble, darunter die Schauspieler, die in die Rollen der Kleinen Hexe (doppelt besetzt u.a. mit Julia Meier und Paula Sch\u00e4fer) und dem Raben Abraxas (u.a. Alexander Peiler und Stefan Walz) schl\u00fcpfen.<\/p>\n<div id=\"attachment_87999\" class=\"wp-caption alignnone\" style=\"max-width: 2570px;\"><img loading=\"lazy\" decoding=\"async\" class=\"wp-image-87999 size-full\" src=\"\/wp-content\/uploads\/2025\/11\/05_KleineHexe_c_danaschmidt-scaled.jpg\" alt=\"\" width=\"2560\" height=\"1696\" \/><span class=\"wp-caption-text\">Paula Sch\u00e4fer (M.) gl\u00e4nzt in der Rolle der &#8222;Kleinen Hexe&#8220; &#8211; \u00a0\u00a9 Dana Schmidt \/ Schauspiel Wuppertal<\/span><\/div>\n<h4>Mit 127 Jahren zu jung f\u00fcr eine Hexe<\/h4>\n<p>Ach, so gerne w\u00fcrde die kleine Hexe mit den anderen Hexen\u00a0auf dem Blockberg tanzen, doch sie ist mit 127 Jahren noch viel zu jung \u2013 sagen zumindest\u00a0die anderen Hexen. Trotz des Verbots schleicht sich die kleine\u00a0Hexe in der Walpurgisnacht zum Hexentanz und wird dort\u00a0von der Hexe Rumpumpel erwischt. Als Bestrafung wird\u00a0ihr der Besen weggenommen und dieser ins Feuer geworfen.<\/p>\n<p>Zudem\u00a0soll sie bei der n\u00e4chsten Walpurgisnacht eine Pr\u00fcfung\u00a0ablegen und unter Beweis stellen, ob sie wirklich eine \u201egute\u201c\u00a0Hexe ist. Gemeinsam mit ihrem Raben Abraxas \u00fcbt die kleine\u00a0Hexe nun ein ganzes Hexenjahr lang, mit ihren Hexereien Gutes\u00a0zu tun. Wird es ihr gelingen, Rumpumpel und die anderen\u00a0Hexen von sich zu \u00fcberzeugen?<\/p>\n<p>\u201eHeute ist Walpurgisnacht \u2013 die kleinen Hexen Freude macht. &#8211; Sausen Besen durch die L\u00fcfte &#8211; \u00fcber Berge, W\u00e4lder, Kl\u00fcfte &#8211; Hei\u00dfa, hussa, horridoh&#8230;\u201c<\/p>\n<div id=\"attachment_88001\" class=\"wp-caption alignnone\" style=\"max-width: 2570px;\"><img loading=\"lazy\" decoding=\"async\" class=\"wp-image-88001 size-full\" src=\"\/wp-content\/uploads\/2025\/11\/09_KleineHexe_c_danaschmidt-scaled.jpg\" alt=\"\" width=\"2560\" height=\"1280\" \/><span class=\"wp-caption-text\">Die kleine Hexe (Paula Sch\u00e4fer) beim Bau eines Schneemannes &#8211; \u00a9 Dana Schmidt \/ Schauspiel Wuppertal<\/span><\/div>\n<p>Die Vorstellungen werden in loser Folge bis zum 10. Januar 2026 angeboten (danach wieder ab 15. Juli 2026). Und das in einer 70 Minuten langen B\u00fchnenfassung ohne Pause. An Wochentagen finden spezielle Schulveranstaltungen statt. Es gibt zudem ein theaterp\u00e4dagogisches Begleitangebot. Flackernde Lichter in der Auff\u00fchrung werden als sensorische Reize beschrieben.<\/p>\n<p><strong>Text: Siegfried J\u00e4hne<\/strong><\/p>\n<p>&nbsp;<\/p>\n<h4>DIE KLEINE HEXE<\/h4>\n<p>Familientheaterst\u00fcck von\u00a0John von D\u00fcffel<\/p>\n<p>Nach dem Kinderbuch-Klassiker von Otfried Preu\u00dfler<\/p>\n<p>In der Inszenierung von Johanna Landsberg<\/p>\n<p><strong>Besetzung:\u00a0<\/strong><\/p>\n<p>B\u00fchne &amp; Kost\u00fcme: Diethild Konold<\/p>\n<p>Musik: L\u00e9onard Bourrecoud<\/p>\n<p>Dramaturgie: Marie-Philine Pippert<\/p>\n<p>Regieassistenz: Tom Dockal<\/p>\n<p>Inspizienz: Ilja Betser \u2013 Stefanie Smailes<\/p>\n<p>Inklusionsassistenz: Ramazan Kirca<\/p>\n<div id=\"attachment_88002\" class=\"wp-caption alignnone\" style=\"max-width: 2570px;\"><img loading=\"lazy\" decoding=\"async\" class=\"wp-image-88002 size-full\" src=\"\/wp-content\/uploads\/2025\/11\/11_KleineHexe_c_danaschmidt-scaled.jpg\" alt=\"\" width=\"2560\" height=\"1469\" \/><span class=\"wp-caption-text\">Die Oberhexe (Hannah Lena Thom\u00e9) treibt auf dem Blockberg ihr Unwesen &#8211; \u00a9 Dana Schmidt \/ Schauspiel Wuppertal<\/span><\/div>\n<p>Die kleine Hexe: Paula Sch\u00e4fer<\/p>\n<p>Die kleine Hexe (1.12., 2.12., 9.12., 27.12.2025): Julia Meier<\/p>\n<p>Der Rabe Abraxas: Alexander Peiler<\/p>\n<p>Oberhexe, Holzsasmmlerin, Marktfrau, Schneider-Fritz, Sch\u00fctzenhauptmann: Hannah Lena Thom\u00e9<\/p>\n<p>Der billige Jakob, Kr\u00e4uterhexe, Der neue Revierf\u00f6rster Thomas: Konstantin Rickert<\/p>\n<p>Der billige Jakob, Kr\u00e4uterhexe, Der neue Revierf\u00f6rster, Thomas (12.12., 16.12.2025): Kevin Wilke<\/p>\n<p>Knusperhexe, Marktfrau, Vroni: Aline Blum<\/p>\n<p>Papierblumenm\u00e4dchen, der Maroni Mann, Unterfeldwebel: Antonia Netter<\/p>\n<p>Der Schneemann: Swaantje Reichstein<\/p>\n<p>Die Muhme Rumpumpel, Holzsammlerin, Marktfrau, Schuster Sepp, Unterfeldwebel: Nina Jaunich<\/p>\n<p>Der Hexenchor: Aline Blum \u2013 Nina Jaunish \u2013 Antonia Netter \u2013 Alexander Peiler \u2013 Swaantje Reichstein \u2013 Konstantin Rickert<\/p>\n<p>&nbsp;<\/p>\n","protected":false},"excerpt":{"rendered":"<p>Dass Gutes zu tun nicht immer leicht ist, geh\u00f6rt zu den Botschaften Des Theaterst\u00fcckes \u00a0\u201eDie kleine Hexe\u201c. Der Klassiker, der in der beginnenden Weihnachtszeit vom Schauspiel Wuppertal gezeigt wird und spielerisch tiefere Wahrheiten zu Zweifeln, Fehlern und auch notwendigen Mut vermitteln will.<\/p>\n","protected":false},"author":7,"featured_media":0,"comment_status":"open","ping_status":"open","sticky":false,"template":"","format":"standard","meta":{"footnotes":""},"categories":[29],"tags":[],"class_list":["post-87996","post","type-post","status-publish","format-standard","hentry","category-kultur"],"publishpress_future_action":{"enabled":false,"date":"2026-05-07 15:11:42","action":"change-status","newStatus":"draft","terms":[],"taxonomy":"category","extraData":[]},"publishpress_future_workflow_manual_trigger":{"enabledWorkflows":[]},"_links":{"self":[{"href":"https:\/\/www.die-stadtzeitung.de\/index.php\/wp-json\/wp\/v2\/posts\/87996","targetHints":{"allow":["GET"]}}],"collection":[{"href":"https:\/\/www.die-stadtzeitung.de\/index.php\/wp-json\/wp\/v2\/posts"}],"about":[{"href":"https:\/\/www.die-stadtzeitung.de\/index.php\/wp-json\/wp\/v2\/types\/post"}],"author":[{"embeddable":true,"href":"https:\/\/www.die-stadtzeitung.de\/index.php\/wp-json\/wp\/v2\/users\/7"}],"replies":[{"embeddable":true,"href":"https:\/\/www.die-stadtzeitung.de\/index.php\/wp-json\/wp\/v2\/comments?post=87996"}],"version-history":[{"count":7,"href":"https:\/\/www.die-stadtzeitung.de\/index.php\/wp-json\/wp\/v2\/posts\/87996\/revisions"}],"predecessor-version":[{"id":88116,"href":"https:\/\/www.die-stadtzeitung.de\/index.php\/wp-json\/wp\/v2\/posts\/87996\/revisions\/88116"}],"wp:attachment":[{"href":"https:\/\/www.die-stadtzeitung.de\/index.php\/wp-json\/wp\/v2\/media?parent=87996"}],"wp:term":[{"taxonomy":"category","embeddable":true,"href":"https:\/\/www.die-stadtzeitung.de\/index.php\/wp-json\/wp\/v2\/categories?post=87996"},{"taxonomy":"post_tag","embeddable":true,"href":"https:\/\/www.die-stadtzeitung.de\/index.php\/wp-json\/wp\/v2\/tags?post=87996"}],"curies":[{"name":"wp","href":"https:\/\/api.w.org\/{rel}","templated":true}]}}