{"id":87935,"date":"2025-11-09T10:22:15","date_gmt":"2025-11-09T09:22:15","guid":{"rendered":"https:\/\/www.die-stadtzeitung.de\/?p=87935"},"modified":"2025-11-09T10:22:15","modified_gmt":"2025-11-09T09:22:15","slug":"bach-in-space-eine-galaktische-multimedia-show","status":"publish","type":"post","link":"https:\/\/www.die-stadtzeitung.de\/index.php\/2025\/11\/09\/bach-in-space-eine-galaktische-multimedia-show\/","title":{"rendered":"&#8222;Bach in Space&#8220; &#8211; eine galaktische Multimedia-Show"},"content":{"rendered":"<div id=\"attachment_87937\" class=\"wp-caption alignnone\" style=\"max-width: 2570px;\"><img loading=\"lazy\" decoding=\"async\" class=\"wp-image-87937 size-full\" src=\"\/wp-content\/uploads\/2025\/11\/221125_monaasuka_cChristian-H.-Hasselbusch-scaled.jpg\" alt=\"\" width=\"2560\" height=\"1707\" \/><span class=\"wp-caption-text\">Die deutsch-japanische Musikerin Mona Asuka ist eine der besten Pianistinnen der Gegenwart &#8211; \u00a9 Christian H. Hasselbusch<\/span><\/div>\n<p>Das ist das Projekt \u201eBach in Space\u201c, ein Konzert, das sich anf\u00fchlt wie eine Reise durch Raum und Zeit. Am 30. Januar 2026 ist diese glaktische, emotionale Multimedia-Show in der Historischen Stadthalle live zu erleben.<\/p>\n<p>Mona Asuka (34), die in M\u00fcnchen geborene deutsch-japanische Musikerin, ist eine der herausragenden Pianistinnen ihrer Generation. Sie ist die j\u00fcngere Schwester von Alice Sara Ott (37), die ebenfalls ein Genie an den wei\u00dfen und schwarzen Tasten ist. Beide Schwestern wurden von Karl-Heinz K\u00e4mmerling (*06.05.1930 &#8211; +14.06.2012) , einem weltweit bewunderten und gesch\u00e4tzten deutschen Klavierp\u00e4dagogen, am Salzburger Mozarteum unterrichtet.<\/p>\n<p>Mona Asuka spielt mal kraftvoll, mal zart, aber immer \u00fcberraschend. Das Ergebnis: Bild und Musik verschmelzen, der Blick schweift ins Unendliche \u2013 und pl\u00f6tzlich wirkt Bachs Musik so modern und zeitlos, als w\u00e4re sie gerade erst f\u00fcr diesen Moment geschrieben worden.<\/p>\n<div id=\"attachment_87938\" class=\"wp-caption alignnone\" style=\"max-width: 2570px;\"><img loading=\"lazy\" decoding=\"async\" class=\"wp-image-87938 size-full\" src=\"\/wp-content\/uploads\/2025\/11\/BachInSpace-Pressebild-c-MuenchenMusik-1-scaled.jpg\" alt=\"\" width=\"2560\" height=\"1440\" \/><span class=\"wp-caption-text\">Das imposante Projekt &#8222;Bach in Space&#8220; auf der B\u00fchne &#8211; \u00a9 M\u00fcnchen Musik GmbH<\/span><\/div>\n<p>Schon die ersten Auff\u00fchrungen in M\u00fcnchen haben gezeigt, wie sehr das Konzept begeistert: \u201eEin \u00fcberirdischer Bach\u201c, schrieb der M\u00fcnchner Merkur. Und das Portal \u201eKultur in M\u00fcnchen\u201c berichtete: \u201eDie M\u00fcnchner sind w\u00e4hrend der Vorstellung sichtlich gefesselt \u2013 von den Weiten und Tiefen der glasklaren, hochaufl\u00f6senden Bilder, von der fein kuratierten Auswahl des Bach\u2019schen Repertoires, von der exakten Umsetzung.\u201c<\/p>\n<p>Auf der Setlist stehen H\u00f6hepunkte wie Ausz\u00fcge aus dem \u201eWohltemperierten Klavier\u201c, den \u201eGoldberg- Variationen\u201c oder dem \u201eItalienischen Konzert\u201c. Gro\u00dfe Klassiker \u2013 neu erlebt, in einer Kulisse, die G\u00e4nsehaut garantiert.<\/p>\n<div id=\"attachment_87939\" class=\"wp-caption alignnone\" style=\"max-width: 360px;\"><img loading=\"lazy\" decoding=\"async\" class=\"wp-image-87939 size-full\" src=\"\/wp-content\/uploads\/2025\/11\/BachInSpace-AL_1920-x-1080.jpg\" alt=\"\" width=\"350\" height=\"197\" \/><span class=\"wp-caption-text\">Das Plakat des Projekts &#8222;Bach in Space&#8220; &#8211; \u00a9 M\u00fcnchen Musik GmbH<\/span><\/div>\n<p><strong>Termin:<\/strong><\/p>\n<h4>Bach in Space<\/h4>\n<p>Faszinierende Bilder des Universums auf Gro\u00dfbildleinwand begleitet von der Musik Johann Sebastian Bachs<\/p>\n<p><strong>Piano: Mona Asuka<\/strong><\/p>\n<p>Freitag &#8211; 30. Januar 2026 &#8211; 19.30 Uhr<\/p>\n<p>Historische Stadthalle Wuppertal \u2013 Johannisberg 40 \u2013 42103 Wuppertal<\/p>\n<p><strong>Tickets<\/strong> gibt es an allen bekannten Vorverkaufsstellen \u2013 unter <a href=\"http:\/\/www.wuppertal-live.de\">www.wuppertal-live.de<\/a> und unter <a href=\"http:\/\/www.stadthalle.de\">www.stadthalle.de<\/a><\/p>\n","protected":false},"excerpt":{"rendered":"<p>Einfach nur galaktisch! Ferne Galaxien, Sternennebel, schwarze L\u00f6cher \u2013 das Weltall so nah wie nie! Auf einer riesigen Leinwand erstrahlen gestochen scharfe NASA-Aufnahmen in Farben, die man sonst nur aus Science-Fiction-Filmen kennt. Dazu spielt Pianistin Mona Asuka live die Musik von Johann Sebastian Bach.<\/p>\n","protected":false},"author":7,"featured_media":0,"comment_status":"open","ping_status":"open","sticky":false,"template":"","format":"standard","meta":{"footnotes":""},"categories":[29],"tags":[],"class_list":["post-87935","post","type-post","status-publish","format-standard","hentry","category-kultur"],"publishpress_future_action":{"enabled":false,"date":"2026-05-08 19:55:52","action":"change-status","newStatus":"draft","terms":[],"taxonomy":"category","extraData":[]},"publishpress_future_workflow_manual_trigger":{"enabledWorkflows":[]},"_links":{"self":[{"href":"https:\/\/www.die-stadtzeitung.de\/index.php\/wp-json\/wp\/v2\/posts\/87935","targetHints":{"allow":["GET"]}}],"collection":[{"href":"https:\/\/www.die-stadtzeitung.de\/index.php\/wp-json\/wp\/v2\/posts"}],"about":[{"href":"https:\/\/www.die-stadtzeitung.de\/index.php\/wp-json\/wp\/v2\/types\/post"}],"author":[{"embeddable":true,"href":"https:\/\/www.die-stadtzeitung.de\/index.php\/wp-json\/wp\/v2\/users\/7"}],"replies":[{"embeddable":true,"href":"https:\/\/www.die-stadtzeitung.de\/index.php\/wp-json\/wp\/v2\/comments?post=87935"}],"version-history":[{"count":3,"href":"https:\/\/www.die-stadtzeitung.de\/index.php\/wp-json\/wp\/v2\/posts\/87935\/revisions"}],"predecessor-version":[{"id":87941,"href":"https:\/\/www.die-stadtzeitung.de\/index.php\/wp-json\/wp\/v2\/posts\/87935\/revisions\/87941"}],"wp:attachment":[{"href":"https:\/\/www.die-stadtzeitung.de\/index.php\/wp-json\/wp\/v2\/media?parent=87935"}],"wp:term":[{"taxonomy":"category","embeddable":true,"href":"https:\/\/www.die-stadtzeitung.de\/index.php\/wp-json\/wp\/v2\/categories?post=87935"},{"taxonomy":"post_tag","embeddable":true,"href":"https:\/\/www.die-stadtzeitung.de\/index.php\/wp-json\/wp\/v2\/tags?post=87935"}],"curies":[{"name":"wp","href":"https:\/\/api.w.org\/{rel}","templated":true}]}}