{"id":87762,"date":"2025-10-30T06:27:40","date_gmt":"2025-10-30T05:27:40","guid":{"rendered":"https:\/\/www.die-stadtzeitung.de\/?p=87762"},"modified":"2025-10-30T06:27:40","modified_gmt":"2025-10-30T05:27:40","slug":"tanz-station-barmer-bahnhof-wir-bewegen-uns-weiter","status":"publish","type":"post","link":"https:\/\/www.die-stadtzeitung.de\/index.php\/2025\/10\/30\/tanz-station-barmer-bahnhof-wir-bewegen-uns-weiter\/","title":{"rendered":"Tanz Station Barmer Bahnhof: &#8222;Wir bewegen uns weiter&#8220;"},"content":{"rendered":"<div id=\"attachment_87765\" class=\"wp-caption alignnone\" style=\"max-width: 2019px;\"><img loading=\"lazy\" decoding=\"async\" class=\"wp-image-87765 size-full\" src=\"\/wp-content\/uploads\/2025\/10\/AufwartungMitKunst_WirBewegenUnsWeiter_NextImpuls-c-AndreasKling.jpg\" alt=\"\" width=\"2009\" height=\"1325\" \/><span class=\"wp-caption-text\">&#8222;Aufwartung mit Kunst &#8211; Wir bewegen uns weiter&#8220; &#8211; ein Projekt der Tanz Station Barmer Bahnhof und &#8222;Next.Impuls e.V.&#8220; &#8211; \u00a9 Andreas Kling<\/span><\/div>\n<p>Die Veranstaltung setzt die interdisziplin\u00e4re Reihe \u201eAUFWARTUNG mit KUNST\u201c fort. Was rund um die Tanz Station und urspr\u00fcnglich im Rahmen des gef\u00f6rderten Projektes \u201eReallabore f\u00fcr InnenBandStadt\u201c (2024) begann, hat sich unter dem Titel \u201eWarten mit Kunst\u201c zu einem lebendigen Format entwickelt.<\/p>\n<p>Wechselnde Kunst-Banner am Bahnsteig, Bahnhofsgespr\u00e4che und Balkon-Konzerte machen die Innen- und Au\u00dfenbereiche des Bahnhofs zu einem wandelbaren Kunst-Ort. Verantwortlich zeichnet das k\u00fcnstlerische Kernteam aus Andrea Raak (bildende Kunst), Ralf Silberkuhl (Medienkunst), Andreas M. Wiese (Malerei), Thusnelda Mercy &amp; Pascal Merighi (merighi | mercy). Die Fortf\u00fchrung \u201eAUFWARTUNG mit KUNST\u201c im Oktober brachte bildende Kunst, Musik und Performance auf \u00fcberraschende Weise zusammen.<\/p>\n<p>Als diesj\u00e4hriger Abschluss der Reihe l\u00e4dt \u201eWir bewegen uns weiter\u201c zum Weiter-Entdecken, Reflektieren und zum offenen Austausch mit Blick in die bewegte Zukunft ein: Eine Gelegenheit, Eindr\u00fccke zu teilen und mit den K\u00fcnstlerinnen und K\u00fcnstlern ins Gespr\u00e4ch zu kommen. Gezeigt wird ein vielf\u00e4ltiges Programm mit Ausstellungen, Kunstfilmen, Performance und einer atmosph\u00e4rischen Outside-Sound-Projektion.<\/p>\n<p><strong>Das Programm:<\/strong><\/p>\n<p>Ausstellungsst\u00fccke von Andrea Raak, Andreas M. Wiese und Ralf Silberkuhl<\/p>\n<p>Kunstfilme von Ralf Silberkuhl und merighi | mercy<\/p>\n<p>Performance von Antonia Koluiartseva and more<\/p>\n<p>Live-Musik von und mit Nicklas John<\/p>\n<p>Gespr\u00e4chsformat mit K\u00fcnstlerinnen, K\u00fcnstlern und G\u00e4sten<\/p>\n<p>Outside-Projektion mit Sound-Begleitung<\/p>\n<p><strong>Termin:\u00a0<\/strong><\/p>\n<h4><strong>&#8222;Wir bewegen uns weiter&#8220;<\/strong><\/h4>\n<p>Sonntag &#8211;\u00a0 09. November 2025 &#8211;\u00a016:00 Uhr: Einlass mit Expo-Flair &#8211;\u00a017:00\u201318:00 Uhr: Gespr\u00e4chsformat mit Performances &#8211; ab 18:00 Uhr: Stay &amp; Connect<\/p>\n<p>Tanz Station \u2013 Barmer Bahnhof &#8211; Hans-Dietrich-Genscher Platz 2 &#8211; 42283 Wuppertal<\/p>\n<p>Freier Eintritt. Wegen begrenzter Pl\u00e4tze wird um Anmeldung \u00fcber <a href=\"https:\/\/www.wuppertal-live.de\/597493\">wuppertal-live.de<\/a> gebeten<\/p>\n<p><strong>Link zur Webseite der &#8222;Tanz Station Barmer Bahnhof&#8220;:<\/strong><\/p>\n<p><a href=\"http:\/\/www.tanz-station.de\">www.tanz-station.de<\/a><\/p>\n<p>&nbsp;<\/p>\n","protected":false},"excerpt":{"rendered":"<p>Kunst, Bewegung und Performance verbinden &#8211; das ist der Ansatz, den die Tanz Station Barmer Bahnhof und &#8222;Next.Impuls e.V.&#8220; am 09. November unter dem Titel &#8222;Wir bewegen uns weiter&#8220; verfolgen. Das Projekt \u00f6ffnet den kreativen Raum zum Austausch zwischen K\u00fcnstlerinnen, K\u00fcnstlern und Publikum.<\/p>\n","protected":false},"author":7,"featured_media":0,"comment_status":"open","ping_status":"open","sticky":false,"template":"","format":"standard","meta":{"footnotes":""},"categories":[29],"tags":[],"class_list":["post-87762","post","type-post","status-publish","format-standard","hentry","category-kultur"],"publishpress_future_action":{"enabled":false,"date":"2026-05-06 17:39:33","action":"change-status","newStatus":"draft","terms":[],"taxonomy":"category","extraData":[]},"publishpress_future_workflow_manual_trigger":{"enabledWorkflows":[]},"_links":{"self":[{"href":"https:\/\/www.die-stadtzeitung.de\/index.php\/wp-json\/wp\/v2\/posts\/87762","targetHints":{"allow":["GET"]}}],"collection":[{"href":"https:\/\/www.die-stadtzeitung.de\/index.php\/wp-json\/wp\/v2\/posts"}],"about":[{"href":"https:\/\/www.die-stadtzeitung.de\/index.php\/wp-json\/wp\/v2\/types\/post"}],"author":[{"embeddable":true,"href":"https:\/\/www.die-stadtzeitung.de\/index.php\/wp-json\/wp\/v2\/users\/7"}],"replies":[{"embeddable":true,"href":"https:\/\/www.die-stadtzeitung.de\/index.php\/wp-json\/wp\/v2\/comments?post=87762"}],"version-history":[{"count":4,"href":"https:\/\/www.die-stadtzeitung.de\/index.php\/wp-json\/wp\/v2\/posts\/87762\/revisions"}],"predecessor-version":[{"id":87767,"href":"https:\/\/www.die-stadtzeitung.de\/index.php\/wp-json\/wp\/v2\/posts\/87762\/revisions\/87767"}],"wp:attachment":[{"href":"https:\/\/www.die-stadtzeitung.de\/index.php\/wp-json\/wp\/v2\/media?parent=87762"}],"wp:term":[{"taxonomy":"category","embeddable":true,"href":"https:\/\/www.die-stadtzeitung.de\/index.php\/wp-json\/wp\/v2\/categories?post=87762"},{"taxonomy":"post_tag","embeddable":true,"href":"https:\/\/www.die-stadtzeitung.de\/index.php\/wp-json\/wp\/v2\/tags?post=87762"}],"curies":[{"name":"wp","href":"https:\/\/api.w.org\/{rel}","templated":true}]}}