{"id":87724,"date":"2025-10-29T13:20:43","date_gmt":"2025-10-29T12:20:43","guid":{"rendered":"https:\/\/www.die-stadtzeitung.de\/?p=87724"},"modified":"2025-10-29T13:20:43","modified_gmt":"2025-10-29T12:20:43","slug":"zwei-autoren-praesentieren-ihre-spannenden-werke","status":"publish","type":"post","link":"https:\/\/www.die-stadtzeitung.de\/index.php\/2025\/10\/29\/zwei-autoren-praesentieren-ihre-spannenden-werke\/","title":{"rendered":"Zwei Autoren pr\u00e4sentieren ihre spannenden Werke"},"content":{"rendered":"<div id=\"attachment_87752\" class=\"wp-caption alignnone\" style=\"max-width: 707px;\"><img loading=\"lazy\" decoding=\"async\" class=\"wp-image-87752 size-full\" src=\"\/wp-content\/uploads\/2025\/10\/Hajo-November-2023-1.jpg\" alt=\"\" width=\"697\" height=\"525\" \/><span class=\"wp-caption-text\">Hajo Jahn, TV-Journalist und Vorsitzender der Else-Lasker-Sch\u00fcler-Gesellschaft &#8211; \u00a9 privat<\/span><\/div>\n<p>&#8222;Seit Lucrezia Borgia bin ich die Frau, die am meisten Menschen umgebracht hat &#8211; allerdings mit der Schreibmaschine&#8220;. Dieses ber\u00fchmte Zitat stammt von Agatha Christie (15.09.1890 &#8211; 12.01.1976), der wohl bekanntesten Kriminalautorin. Von Else Lasker-Sch\u00fcler ist nicht bekannt, ob sie Krimis gelesen hat. Aber jetzt hat der K\u00f6lner Schriftsteller Ulrich Land erstmals einen Kriminalroman \u00fcber die Wuppertaler Dichterin geschrieben.<\/p>\n<p>Sie wird darin zum Racheengel, die sich ihren eigenen Tod erdichtet und den Schuldigen sucht. Die erste Lesung aus dem fiktional-historischen Roman \u201cElses Comeback\u201c\u00a0 ist am Donnerstag (13.11.) in der Stadtbibliothek Wuppertal.<br \/>\nUlrich Land arbeitet seit 1987 als freier Autor. Seine Werke umfassen Erz\u00e4hlungen, Romane, Reportagen, Essays, Theaterst\u00fccke un Lyrik.<\/p>\n<div id=\"attachment_87747\" class=\"wp-caption alignnone\" style=\"max-width: 410px;\"><img loading=\"lazy\" decoding=\"async\" class=\"wp-image-87747 size-full\" src=\"\/wp-content\/uploads\/2025\/10\/Foto-Ulrich-Land.jpg\" alt=\"\" width=\"400\" height=\"229\" \/><span class=\"wp-caption-text\">Der Autor Ulrich Land &#8211; \u00a9 privat<\/span><\/div>\n<h4>Ein Krimi \u00fcber Else Lasker-Sch\u00fcler<\/h4>\n<p>Seinen Schwerpunkt hat Ulrich Land auf Formate f\u00fcrs Radio gelegt und allein f\u00fcr die Rundfunksender der ARD \u00fcber 40 H\u00f6rspiele und weit mehr als 100 Radiofeatures verfasst. Der jetzt in Freiburg lebende Autor ist au\u00dferdem Dozent f\u00fcr Creative Writing u.a. an der Universit\u00e4t Witten\/Herdecke, der WHU &#8211; Otto Beisheim School of Management in Vallendar und an der Universit\u00e4t Freiburg.<\/p>\n<p><strong>Termin: Donnerstag &#8211; 13.11.2025 &#8211; 19:00 Uhr:<\/strong> Ulrich Land liest aus seinem Roman &#8222;Elses Comeback&#8220; &#8211; Stadtbibliothek &#8211; Kolpingstr. 8 &#8211; 42103 Wuppertal &#8211; Eintritt 8 \u20ac (erm. 5 \u20ac) &#8211; den musikalischen Rahmen gestaltet das Wuppertaler Ensemble \u201ePartita Radicale\u201c.<\/p>\n<p>Die Buchpremiere ist eine Veranstaltung der Else Lasker-Sch\u00fcler-Gesellschaft in Kooperation mit der Stadtbibliothek.<\/p>\n<div id=\"attachment_87748\" class=\"wp-caption alignnone\" style=\"max-width: 460px;\"><img loading=\"lazy\" decoding=\"async\" class=\"wp-image-87748 size-full\" src=\"\/wp-content\/uploads\/2025\/10\/Cover-Lieber-reich-leben-als-arm-sterben.jpg\" alt=\"\" width=\"450\" height=\"685\" \/><span class=\"wp-caption-text\">&#8222;Lieber reich leben, als arm sterben&#8220;, der Roman von Ulrich Land &#8211; \u00a9 privat<\/span><\/div>\n<h4><strong>In Deutschland unbekannt, in Frankreich tabuisiert<\/strong><\/h4>\n<p>Renate Ahrens, Schriftstellerin aus Hamburg, hat einen von der Kritik hoch gelobten Roman &#8222;Das verschwiegene Land&#8220; geschrieben, den sie am Freitag(14.11.) im &#8222;Gl\u00fccksbuchladen&#8220; vorstellen wird. Es ist eine ebenso spannende wie interessante deutsch-franz\u00f6sische Geschichte, die in Hamburg, Paris, Nordfrankreich und Berlin spielt.\u00a0 Im Jahr 1985 verschweigt Andrea den Eltern ihre Liebe zu dem Franzosen Marcel. Ihre Mutter Yvonne hat sich nach dem Zweiten Weltkrieg von ihrem Heimatland Frankreich losgesagt &#8211; in der Familie ist alles Franz\u00f6sische tabu.<\/p>\n<p>F\u00fcr ihren Roman hat die Autorin in Archiven recherchiert, \u201ewobei meine Arbeit im Dokumentationszentrum NS-Zwangsarbeit in Berlin sich als besonders wichtig erwiesen hat. Mein Forschungsinteresse bezog sich auf die in Frankreich tabuisierte und in Deutschland weitgehend unbekannte Tatsache, dass die mit Hitler zusammenarbeitende Vichy-Regierung ab 1941 etwa 80.000 Franz\u00f6sinnen f\u00fcr die deutsche R\u00fcstungsindustrie anwarb. Nach Kriegsende galten die Frauen in Frankreich als Kollaborateurinnen. Ihnen wurde ein Schweigegebot auferlegt.\u201c<\/p>\n<div id=\"attachment_87749\" class=\"wp-caption alignnone\" style=\"max-width: 410px;\"><img loading=\"lazy\" decoding=\"async\" class=\"wp-image-87749 size-full\" src=\"\/wp-content\/uploads\/2025\/10\/Renate-Ahrens-Foto.jpg\" alt=\"\" width=\"400\" height=\"302\" \/><span class=\"wp-caption-text\">Die Schriftstellerin Renate Ahrens &#8211; \u00a9 privat<\/span><\/div>\n<p>Renate Ahrens, geboren 1955 in Herford, studierte Anglistik und Romanistik. Sie war als Lehrerin t\u00e4tig, bevor sie 1986 nach Dublin \u00fcbersiedelte und mit dem Schreiben begann. Sie publizierte Kinderb\u00fccher, Theaterst\u00fccke und Romane. Mit den Romanen \u201eFremde Schwestern\u201c und \u201eSchicksalsfreundin\u201c wurde sie einem breiteren Publikum bekannt. Ihr aktuelles Buch \u201eDas verschwiegene Land\u201c ist eine fesselnde Mischung aus Politthriller, Krimi und Beziehungsgeschichte.<\/p>\n<p><strong>Termin: Freitag &#8211; 14.11.2025 &#8211; 19:30 Uhr:\u00a0<\/strong>Renate Ahrens liest ausihrem Roman &#8222;Das verschwiegene Land&#8220; &#8211; &#8222;Gl\u00fccksbuchladen&#8220; &#8211; Friedrichstrasse 52 &#8211; 42105 Wuppertal &#8211; den musikalischen Rahmen gestaltet\u00a0die Akkordeonistin Ruthilde Holzenkamp<\/p>\n<p>Die Lesung ist eine Veranstaltung der Else Lasker-Sch\u00fcler-Gesellschaft in Kooperation mit dem &#8222;Gl\u00fccksbuchladen&#8220;.<\/p>\n<div id=\"attachment_87751\" class=\"wp-caption alignnone\" style=\"max-width: 460px;\"><img loading=\"lazy\" decoding=\"async\" class=\"wp-image-87751 size-full\" src=\"\/wp-content\/uploads\/2025\/10\/Cover-das-verschwiegene-land-jpg-1.jpg\" alt=\"\" width=\"450\" height=\"689\" \/><span class=\"wp-caption-text\">Der Roman &#8222;Das verschwiegene Land&#8220; von Renate Ahrens &#8211; \u00a9 privat<\/span><\/div>\n<p><strong>Link zur Webseite der Else-Lasker-Sch\u00fcler-Gesellschaft:<\/strong><\/p>\n<p><a href=\"http:\/\/www.else-lasker-schueler-gesellschaft.de\">http:\/\/www.else-lasker-schueler-gesellschaft.de<\/a><\/p>\n<p>&nbsp;<\/p>\n<p>&nbsp;<\/p>\n<p>&nbsp;<\/p>\n","protected":false},"excerpt":{"rendered":"<p>Die Else-Lasker-Sch\u00fcler-Gesellschaft und deren Vorsitzender, der TV-Journalist Hajo Jahn, pr\u00e4sentieren zwei spannende, hochkar\u00e4tige Autorenlesungen im November. Ulrich Land stellt sein Buch &#8222;Lieber reich leben, als arm sterben&#8220; (13.11.) und Renate Ahrens ihren Roman &#8222;Das verschwiegene Land&#8220; (14.11.)<\/p>\n","protected":false},"author":7,"featured_media":0,"comment_status":"open","ping_status":"open","sticky":false,"template":"","format":"standard","meta":{"footnotes":""},"categories":[29],"tags":[],"class_list":["post-87724","post","type-post","status-publish","format-standard","hentry","category-kultur"],"publishpress_future_action":{"enabled":false,"date":"2026-05-06 07:32:57","action":"change-status","newStatus":"draft","terms":[],"taxonomy":"category","extraData":[]},"publishpress_future_workflow_manual_trigger":{"enabledWorkflows":[]},"_links":{"self":[{"href":"https:\/\/www.die-stadtzeitung.de\/index.php\/wp-json\/wp\/v2\/posts\/87724","targetHints":{"allow":["GET"]}}],"collection":[{"href":"https:\/\/www.die-stadtzeitung.de\/index.php\/wp-json\/wp\/v2\/posts"}],"about":[{"href":"https:\/\/www.die-stadtzeitung.de\/index.php\/wp-json\/wp\/v2\/types\/post"}],"author":[{"embeddable":true,"href":"https:\/\/www.die-stadtzeitung.de\/index.php\/wp-json\/wp\/v2\/users\/7"}],"replies":[{"embeddable":true,"href":"https:\/\/www.die-stadtzeitung.de\/index.php\/wp-json\/wp\/v2\/comments?post=87724"}],"version-history":[{"count":8,"href":"https:\/\/www.die-stadtzeitung.de\/index.php\/wp-json\/wp\/v2\/posts\/87724\/revisions"}],"predecessor-version":[{"id":87754,"href":"https:\/\/www.die-stadtzeitung.de\/index.php\/wp-json\/wp\/v2\/posts\/87724\/revisions\/87754"}],"wp:attachment":[{"href":"https:\/\/www.die-stadtzeitung.de\/index.php\/wp-json\/wp\/v2\/media?parent=87724"}],"wp:term":[{"taxonomy":"category","embeddable":true,"href":"https:\/\/www.die-stadtzeitung.de\/index.php\/wp-json\/wp\/v2\/categories?post=87724"},{"taxonomy":"post_tag","embeddable":true,"href":"https:\/\/www.die-stadtzeitung.de\/index.php\/wp-json\/wp\/v2\/tags?post=87724"}],"curies":[{"name":"wp","href":"https:\/\/api.w.org\/{rel}","templated":true}]}}